{"id":10887,"date":"2021-09-08T16:23:22","date_gmt":"2021-09-08T16:23:22","guid":{"rendered":"http:\/\/www.pasadenahoy.com\/primero\/?p=10887"},"modified":"2021-09-08T16:23:24","modified_gmt":"2021-09-08T16:23:24","slug":"alerta-de-flex-emitida-para-el-miercoles-debido-al-calor-suministro-de-energia-ajustado-en-el-estado","status":"publish","type":"post","link":"http:\/\/www.pasadenahoy.com\/primero\/la-comunidad\/alerta-de-flex-emitida-para-el-miercoles-debido-al-calor-suministro-de-energia-ajustado-en-el-estado\/","title":{"rendered":"Alerta de Flex emitida para el mi\u00e9rcoles debido al calor, suministro de energ\u00eda ajustado en el estado"},"content":{"rendered":"\n<figure class=\"wp-block-image alignnone size-large\"><figure class=\"alignnone\"><img loading=\"lazy\" width=\"700\" height=\"378\" src=\"http:\/\/www.pasadenahoy.com\/primero\/wp-content\/uploads\/2021\/09\/pic-4-3.jpg\" alt=\"\" class=\"wp-image-10888\" srcset=\"http:\/\/www.pasadenahoy.com\/primero\/wp-content\/uploads\/2021\/09\/pic-4-3.jpg 700w, http:\/\/www.pasadenahoy.com\/primero\/wp-content\/uploads\/2021\/09\/pic-4-3-300x162.jpg 300w, http:\/\/www.pasadenahoy.com\/primero\/wp-content\/uploads\/2021\/09\/pic-4-3-241x130.jpg 241w, http:\/\/www.pasadenahoy.com\/primero\/wp-content\/uploads\/2021\/09\/pic-4-3-333x180.jpg 333w, http:\/\/www.pasadenahoy.com\/primero\/wp-content\/uploads\/2021\/09\/pic-4-3-360x194.jpg 360w\" sizes=\"100vw\" \/><\/figure><\/figure>\n\n\n\n<p>El Operador Independiente del Sistema de California (ISO) emiti\u00f3 una Alerta Flex en todo el estado pidiendo la conservaci\u00f3n voluntaria de electricidad el mi\u00e9rcoles 8 de septiembre a partir de las 4 p.m. hasta las 9 p.m., debido a la alta demanda de energ\u00eda prevista y la escasez de suministros en la red el\u00e9ctrica.<\/p>\n\n\n\n<p>Con temperaturas por encima de lo normal en el pron\u00f3stico para gran parte de California y el oeste, el operador de la red el\u00e9ctrica predice un aumento en la demanda de electricidad, principalmente por el uso de aire acondicionado. El aumento de la demanda puede hacer que el suministro de electricidad sea escaso y sobrecargar la red el\u00e9ctrica, lo que hace que la conservaci\u00f3n sea esencial.<\/p>\n\n\n\n<p>Durante el per\u00edodo de Alerta Flex, se les pide a los consumidores que bajen sus termostatos a 78 grados o m\u00e1s, si la salud lo permite, y que tomen otras medidas voluntarias que incluyen evitar el uso de electrodom\u00e9sticos grandes y luces innecesarias.<\/p>\n\n\n\n<p>Para aprovechar al m\u00e1ximo todo el suministro disponible, la ISO tambi\u00e9n ha emitido una operaci\u00f3n de mantenimiento restringido (RMO) para ma\u00f1ana desde el mediod\u00eda hasta las 9 p.m., notificando a los participantes de ISO que eviten desconectar los activos de la red para el mantenimiento de rutina hasta que se levante la RMO.<\/p>\n\n\n\n<p>Conservar la electricidad durante las \u00faltimas horas de la tarde y las primeras horas de la noche es crucial porque es cuando la red est\u00e1 m\u00e1s estresada debido a la mayor demanda y la disminuci\u00f3n de la producci\u00f3n de energ\u00eda solar. En el pasado, la reducci\u00f3n del uso de energ\u00eda durante una alerta flexible ayud\u00f3 a los operadores a mantener estable la red el\u00e9ctrica durante condiciones de suministro estrechas y evit\u00f3 nuevas medidas de emergencia, incluidos cortes de energ\u00eda rotativos.<\/p>\n","protected":false},"excerpt":{"rendered":"<p>El Operador Independiente del Sistema de California (ISO) emiti\u00f3 una Alerta Flex en todo el estado pidiendo la conservaci\u00f3n voluntaria de electricidad el mi\u00e9rcoles 8 de septiembre a partir de las 4 p.m. hasta las 9 p.m., debido a la alta demanda de energ\u00eda prevista y la escasez de suministros en la red el\u00e9ctrica. Con temperaturas por encima de lo normal en el pron\u00f3stico para gran parte de California y el oeste, el operador de la red el\u00e9ctrica predice un [&hellip;]<\/p>\n","protected":false},"author":4,"featured_media":0,"comment_status":"open","ping_status":"closed","sticky":false,"template":"","format":"standard","meta":[],"categories":[4],"tags":[],"acf":[],"_links":{"self":[{"href":"http:\/\/www.pasadenahoy.com\/primero\/wp-json\/wp\/v2\/posts\/10887"}],"collection":[{"href":"http:\/\/www.pasadenahoy.com\/primero\/wp-json\/wp\/v2\/posts"}],"about":[{"href":"http:\/\/www.pasadenahoy.com\/primero\/wp-json\/wp\/v2\/types\/post"}],"author":[{"embeddable":true,"href":"http:\/\/www.pasadenahoy.com\/primero\/wp-json\/wp\/v2\/users\/4"}],"replies":[{"embeddable":true,"href":"http:\/\/www.pasadenahoy.com\/primero\/wp-json\/wp\/v2\/comments?post=10887"}],"version-history":[{"count":2,"href":"http:\/\/www.pasadenahoy.com\/primero\/wp-json\/wp\/v2\/posts\/10887\/revisions"}],"predecessor-version":[{"id":10890,"href":"http:\/\/www.pasadenahoy.com\/primero\/wp-json\/wp\/v2\/posts\/10887\/revisions\/10890"}],"wp:attachment":[{"href":"http:\/\/www.pasadenahoy.com\/primero\/wp-json\/wp\/v2\/media?parent=10887"}],"wp:term":[{"taxonomy":"category","embeddable":true,"href":"http:\/\/www.pasadenahoy.com\/primero\/wp-json\/wp\/v2\/categories?post=10887"},{"taxonomy":"post_tag","embeddable":true,"href":"http:\/\/www.pasadenahoy.com\/primero\/wp-json\/wp\/v2\/tags?post=10887"}],"curies":[{"name":"wp","href":"https:\/\/api.w.org\/{rel}","templated":true}]}}