{"id":10891,"date":"2021-09-08T16:26:55","date_gmt":"2021-09-08T16:26:55","guid":{"rendered":"http:\/\/www.pasadenahoy.com\/primero\/?p=10891"},"modified":"2021-09-08T16:26:57","modified_gmt":"2021-09-08T16:26:57","slug":"hombre-muerto-en-accidente-en-la-autopista-210-en-pasadena","status":"publish","type":"post","link":"http:\/\/www.pasadenahoy.com\/primero\/la-comunidad\/hombre-muerto-en-accidente-en-la-autopista-210-en-pasadena\/","title":{"rendered":"Hombre muerto en accidente en la autopista 210 en Pasadena"},"content":{"rendered":"\n<figure class=\"wp-block-image alignnone size-large\"><figure class=\"alignnone\"><img loading=\"lazy\" width=\"700\" height=\"378\" src=\"http:\/\/www.pasadenahoy.com\/primero\/wp-content\/uploads\/2021\/09\/pic5.png\" alt=\"\" class=\"wp-image-10892\" srcset=\"http:\/\/www.pasadenahoy.com\/primero\/wp-content\/uploads\/2021\/09\/pic5.png 700w, http:\/\/www.pasadenahoy.com\/primero\/wp-content\/uploads\/2021\/09\/pic5-300x162.png 300w, http:\/\/www.pasadenahoy.com\/primero\/wp-content\/uploads\/2021\/09\/pic5-241x130.png 241w, http:\/\/www.pasadenahoy.com\/primero\/wp-content\/uploads\/2021\/09\/pic5-333x180.png 333w, http:\/\/www.pasadenahoy.com\/primero\/wp-content\/uploads\/2021\/09\/pic5-360x194.png 360w\" sizes=\"100vw\" \/><\/figure><\/figure>\n\n\n\n<p>Un hombre muri\u00f3 luego de una colisi\u00f3n entre un autom\u00f3vil y una gran plataforma en la autopista 210 en Pasadena el martes por la noche, dijeron las autoridades.<\/p>\n\n\n\n<p>El accidente se inform\u00f3 por primera vez poco despu\u00e9s de las 7:20 p.m. en los carriles hacia el oeste de la autopista cerca de Mountain Avenue, dijo el oficial de la Patrulla de Caminos de California, Edgar Figueroa.<\/p>\n\n\n\n<p>Los informes iniciales indicaron que un veh\u00edculo hab\u00eda chocado por detr\u00e1s a una gran plataforma, seg\u00fan la portavoz de la ciudad de Pasadena, Lisa Derderian.<\/p>\n\n\n\n<p>Los param\u00e9dicos declararon a una v\u00edctima, inicialmente descrita solo como un hombre, muerta en el lugar, dijeron las autoridades.<\/p>\n\n\n\n<p>Se emiti\u00f3 una Alerta Sig para los tres carriles de la derecha de la autopista 210 en direcci\u00f3n oeste mientras continuaba la investigaci\u00f3n.<\/p>\n\n\n\n<p>No hubo m\u00e1s detalles disponibles de inmediato.<\/p>\n\n\n\n<p>Cualquier testigo, o cualquier persona con informaci\u00f3n, puede comunicarse con la oficina del \u00e1rea de Altadena de CHP al (626) 296-8100.<\/p>\n","protected":false},"excerpt":{"rendered":"<p>Un hombre muri\u00f3 luego de una colisi\u00f3n entre un autom\u00f3vil y una gran plataforma en la autopista 210 en Pasadena el martes por la noche, dijeron las autoridades. El accidente se inform\u00f3 por primera vez poco despu\u00e9s de las 7:20 p.m. en los carriles hacia el oeste de la autopista cerca de Mountain Avenue, dijo el oficial de la Patrulla de Caminos de California, Edgar Figueroa. Los informes iniciales indicaron que un veh\u00edculo hab\u00eda chocado por detr\u00e1s a una gran [&hellip;]<\/p>\n","protected":false},"author":4,"featured_media":0,"comment_status":"open","ping_status":"closed","sticky":false,"template":"","format":"standard","meta":[],"categories":[4],"tags":[],"acf":[],"_links":{"self":[{"href":"http:\/\/www.pasadenahoy.com\/primero\/wp-json\/wp\/v2\/posts\/10891"}],"collection":[{"href":"http:\/\/www.pasadenahoy.com\/primero\/wp-json\/wp\/v2\/posts"}],"about":[{"href":"http:\/\/www.pasadenahoy.com\/primero\/wp-json\/wp\/v2\/types\/post"}],"author":[{"embeddable":true,"href":"http:\/\/www.pasadenahoy.com\/primero\/wp-json\/wp\/v2\/users\/4"}],"replies":[{"embeddable":true,"href":"http:\/\/www.pasadenahoy.com\/primero\/wp-json\/wp\/v2\/comments?post=10891"}],"version-history":[{"count":2,"href":"http:\/\/www.pasadenahoy.com\/primero\/wp-json\/wp\/v2\/posts\/10891\/revisions"}],"predecessor-version":[{"id":10894,"href":"http:\/\/www.pasadenahoy.com\/primero\/wp-json\/wp\/v2\/posts\/10891\/revisions\/10894"}],"wp:attachment":[{"href":"http:\/\/www.pasadenahoy.com\/primero\/wp-json\/wp\/v2\/media?parent=10891"}],"wp:term":[{"taxonomy":"category","embeddable":true,"href":"http:\/\/www.pasadenahoy.com\/primero\/wp-json\/wp\/v2\/categories?post=10891"},{"taxonomy":"post_tag","embeddable":true,"href":"http:\/\/www.pasadenahoy.com\/primero\/wp-json\/wp\/v2\/tags?post=10891"}],"curies":[{"name":"wp","href":"https:\/\/api.w.org\/{rel}","templated":true}]}}