{"id":10895,"date":"2021-09-08T16:33:08","date_gmt":"2021-09-08T16:33:08","guid":{"rendered":"http:\/\/www.pasadenahoy.com\/primero\/?p=10895"},"modified":"2021-09-08T16:33:10","modified_gmt":"2021-09-08T16:33:10","slug":"9-presuntos-conductores-de-dui-encarcelados-2-arrestados-por-orden-judicial-durante-la-represion-de-verano-en-pasadena","status":"publish","type":"post","link":"http:\/\/www.pasadenahoy.com\/primero\/la-comunidad\/9-presuntos-conductores-de-dui-encarcelados-2-arrestados-por-orden-judicial-durante-la-represion-de-verano-en-pasadena\/","title":{"rendered":"9 presuntos conductores de DUI encarcelados, 2 arrestados por orden judicial, durante la represi\u00f3n de verano en Pasadena"},"content":{"rendered":"\n<figure class=\"wp-block-image alignnone size-large\"><figure class=\"alignnone\"><img loading=\"lazy\" width=\"700\" height=\"377\" src=\"http:\/\/www.pasadenahoy.com\/primero\/wp-content\/uploads\/2021\/09\/pic6-2.jpg\" alt=\"\" class=\"wp-image-10896\" srcset=\"http:\/\/www.pasadenahoy.com\/primero\/wp-content\/uploads\/2021\/09\/pic6-2.jpg 700w, http:\/\/www.pasadenahoy.com\/primero\/wp-content\/uploads\/2021\/09\/pic6-2-300x162.jpg 300w, http:\/\/www.pasadenahoy.com\/primero\/wp-content\/uploads\/2021\/09\/pic6-2-241x130.jpg 241w, http:\/\/www.pasadenahoy.com\/primero\/wp-content\/uploads\/2021\/09\/pic6-2-334x180.jpg 334w, http:\/\/www.pasadenahoy.com\/primero\/wp-content\/uploads\/2021\/09\/pic6-2-360x194.jpg 360w\" sizes=\"100vw\" \/><\/figure><\/figure>\n\n\n\n<p>La polic\u00eda arrest\u00f3 a nueve conductores presuntamente intoxicados, as\u00ed como a dos acusados \u200b\u200bque no se hab\u00edan presentado a la corte en casos de DUI, durante una represi\u00f3n de verano en Pasadena que termin\u00f3 el D\u00eda del Trabajo, dijeron las autoridades.<\/p>\n\n\n\n<p>El Departamento de Polic\u00eda de Pasadena envi\u00f3 oficiales adicionales para buscar conductores de DUI entre el 18 de agosto y el lunes como parte de la campa\u00f1a policial nacional &#8220;Conduzca sobrio o sea detenido&#8221;, dijo la agencia en un comunicado escrito.<\/p>\n\n\n\n<p>De los nueve sospechosos de DUI, ocho eran sospechosos de estar bajo la influencia del alcohol, dijeron las autoridades. Se sospechaba que uno conduc\u00eda drogado, otro se sospechaba que estaba bajo los efectos del alcohol y las drogas.<\/p>\n\n\n\n<p>Dos de los arrestos ocurrieron durante un puesto de control que se llev\u00f3 a cabo el 20 de agosto, agregaron las autoridades.<\/p>\n\n\n\n<p>Adem\u00e1s, los oficiales participaron en una operaci\u00f3n el s\u00e1bado para buscar a sospechosos de DUI de \u201calto riesgo\u201d arrestados previamente que no hab\u00edan acudido a la corte, lo que result\u00f3 en \u00f3rdenes judiciales. Dos de esos sospechosos fueron arrestados.<\/p>\n\n\n\n<p>&#8220;La mejor apuesta para cualquier persona que no haya tenido una cita en la corte por DUI es comunicarse con la corte por su cuenta y trabajar para establecer una nueva fecha de comparecencia&#8221;, seg\u00fan el teniente Anthony Russo. &#8220;Si no lo hace, esa orden no desaparecer\u00e1 y, lamentablemente, podr\u00eda terminar en la c\u00e1rcel&#8221;.<\/p>\n\n\n\n<p>Este a\u00f1o, la polic\u00eda de Pasadena ya investig\u00f3 52 choques de DUI que se cobraron una vida y dejaron a 29 personas heridas, dijo la polic\u00eda.<\/p>\n\n\n\n<p>Los fondos para los programas fueron proporcionados por la Oficina de Seguridad del Tr\u00e1fico de California, a trav\u00e9s de la Administraci\u00f3n Nacional de Seguridad del Transporte en las Carreteras.<\/p>\n","protected":false},"excerpt":{"rendered":"<p>La polic\u00eda arrest\u00f3 a nueve conductores presuntamente intoxicados, as\u00ed como a dos acusados \u200b\u200bque no se hab\u00edan presentado a la corte en casos de DUI, durante una represi\u00f3n de verano en Pasadena que termin\u00f3 el D\u00eda del Trabajo, dijeron las autoridades. El Departamento de Polic\u00eda de Pasadena envi\u00f3 oficiales adicionales para buscar conductores de DUI entre el 18 de agosto y el lunes como parte de la campa\u00f1a policial nacional &#8220;Conduzca sobrio o sea detenido&#8221;, dijo la agencia en un [&hellip;]<\/p>\n","protected":false},"author":4,"featured_media":0,"comment_status":"open","ping_status":"closed","sticky":false,"template":"","format":"standard","meta":[],"categories":[4],"tags":[],"acf":[],"_links":{"self":[{"href":"http:\/\/www.pasadenahoy.com\/primero\/wp-json\/wp\/v2\/posts\/10895"}],"collection":[{"href":"http:\/\/www.pasadenahoy.com\/primero\/wp-json\/wp\/v2\/posts"}],"about":[{"href":"http:\/\/www.pasadenahoy.com\/primero\/wp-json\/wp\/v2\/types\/post"}],"author":[{"embeddable":true,"href":"http:\/\/www.pasadenahoy.com\/primero\/wp-json\/wp\/v2\/users\/4"}],"replies":[{"embeddable":true,"href":"http:\/\/www.pasadenahoy.com\/primero\/wp-json\/wp\/v2\/comments?post=10895"}],"version-history":[{"count":2,"href":"http:\/\/www.pasadenahoy.com\/primero\/wp-json\/wp\/v2\/posts\/10895\/revisions"}],"predecessor-version":[{"id":10898,"href":"http:\/\/www.pasadenahoy.com\/primero\/wp-json\/wp\/v2\/posts\/10895\/revisions\/10898"}],"wp:attachment":[{"href":"http:\/\/www.pasadenahoy.com\/primero\/wp-json\/wp\/v2\/media?parent=10895"}],"wp:term":[{"taxonomy":"category","embeddable":true,"href":"http:\/\/www.pasadenahoy.com\/primero\/wp-json\/wp\/v2\/categories?post=10895"},{"taxonomy":"post_tag","embeddable":true,"href":"http:\/\/www.pasadenahoy.com\/primero\/wp-json\/wp\/v2\/tags?post=10895"}],"curies":[{"name":"wp","href":"https:\/\/api.w.org\/{rel}","templated":true}]}}