{"id":10902,"date":"2021-09-09T16:06:02","date_gmt":"2021-09-09T16:06:02","guid":{"rendered":"http:\/\/www.pasadenahoy.com\/primero\/?p=10902"},"modified":"2021-09-09T16:44:11","modified_gmt":"2021-09-09T16:44:11","slug":"los-bomberos-y-la-policia-de-pasadena-celebraran-el-recuerdo-del-vigesimo-aniversario-de-los-ataques-del-11-de-septiembre","status":"publish","type":"post","link":"http:\/\/www.pasadenahoy.com\/primero\/la-comunidad\/los-bomberos-y-la-policia-de-pasadena-celebraran-el-recuerdo-del-vigesimo-aniversario-de-los-ataques-del-11-de-septiembre\/","title":{"rendered":"Los bomberos y la polic\u00eda de Pasadena celebrar\u00e1n el recuerdo del vig\u00e9simo aniversario de los ataques del 11 de septiembre"},"content":{"rendered":"\n<div class=\"wp-block-image alignright\"><figure class=\"alignright size-large\"><a href=\"https:\/\/www.pasadenanow.com\/main\/wp-content\/uploads\/2021\/09\/20th-Anniversary-Commemoration-flyer.jpg\"><img loading=\"lazy\" width=\"360\" height=\"464\" src=\"http:\/\/www.pasadenahoy.com\/primero\/wp-content\/uploads\/2021\/09\/pic-1-3.jpg\" alt=\"\" class=\"wp-image-10903\" srcset=\"http:\/\/www.pasadenahoy.com\/primero\/wp-content\/uploads\/2021\/09\/pic-1-3.jpg 360w, http:\/\/www.pasadenahoy.com\/primero\/wp-content\/uploads\/2021\/09\/pic-1-3-233x300.jpg 233w, http:\/\/www.pasadenahoy.com\/primero\/wp-content\/uploads\/2021\/09\/pic-1-3-101x130.jpg 101w, http:\/\/www.pasadenahoy.com\/primero\/wp-content\/uploads\/2021\/09\/pic-1-3-140x180.jpg 140w\" sizes=\"100vw\" \/><\/a><figcaption><span class=\"caption-text\">Haga clic en el volante para ampliar<\/span><\/figcaption><\/figure><\/div>\n\n\n\n<p>Se invita a la comunidad a unirse a la polic\u00eda y los bomberos de Pasadena el s\u00e1bado mientras se toman un momento para presentar sus respetos a las casi 3.000 vidas que se perdieron durante el ataque terrorista del 11 de septiembre hace 20 a\u00f1os.<\/p>\n\n\n\n<p>\u201cEn el vig\u00e9simo aniversario del 11 de septiembre honramos las vidas de aquellos que fallecieron en ese tr\u00e1gico d\u00eda y el impacto que ha tenido en nuestra naci\u00f3n durante a\u00f1os\u201d, dijo el Departamento de Bomberos de Pasadena en una declaraci\u00f3n escrita.<\/p>\n\n\n\n<p>Los bomberos planearon unirse a la polic\u00eda a las 6:45 a.m. para una breve ceremonia frente al asta de la bandera en la estaci\u00f3n de bomberos 31, 135 S. Fair Oaks Ave., dijeron los organizadores. Se recomendaron m\u00e1scaras.<\/p>\n\n\n\n<p>Los despachadores de emergencia de la ciudad transmitir\u00e1n un breve mensaje de radio como parte de la ceremonia de conmemoraci\u00f3n.<\/p>\n\n\n\n<p>Todas las estaciones del Departamento de Bomberos de Pasadena planean celebrar una celebraci\u00f3n al mismo tiempo, dijeron las autoridades.<\/p>\n","protected":false},"excerpt":{"rendered":"<p>Se invita a la comunidad a unirse a la polic\u00eda y los bomberos de Pasadena el s\u00e1bado mientras se toman un momento para presentar sus respetos a las casi 3.000 vidas que se perdieron durante el ataque terrorista del 11 de septiembre hace 20 a\u00f1os. \u201cEn el vig\u00e9simo aniversario del 11 de septiembre honramos las vidas de aquellos que fallecieron en ese tr\u00e1gico d\u00eda y el impacto que ha tenido en nuestra naci\u00f3n durante a\u00f1os\u201d, dijo el Departamento de Bomberos [&hellip;]<\/p>\n","protected":false},"author":4,"featured_media":10903,"comment_status":"open","ping_status":"closed","sticky":false,"template":"","format":"standard","meta":[],"categories":[4],"tags":[],"acf":[],"_links":{"self":[{"href":"http:\/\/www.pasadenahoy.com\/primero\/wp-json\/wp\/v2\/posts\/10902"}],"collection":[{"href":"http:\/\/www.pasadenahoy.com\/primero\/wp-json\/wp\/v2\/posts"}],"about":[{"href":"http:\/\/www.pasadenahoy.com\/primero\/wp-json\/wp\/v2\/types\/post"}],"author":[{"embeddable":true,"href":"http:\/\/www.pasadenahoy.com\/primero\/wp-json\/wp\/v2\/users\/4"}],"replies":[{"embeddable":true,"href":"http:\/\/www.pasadenahoy.com\/primero\/wp-json\/wp\/v2\/comments?post=10902"}],"version-history":[{"count":4,"href":"http:\/\/www.pasadenahoy.com\/primero\/wp-json\/wp\/v2\/posts\/10902\/revisions"}],"predecessor-version":[{"id":10933,"href":"http:\/\/www.pasadenahoy.com\/primero\/wp-json\/wp\/v2\/posts\/10902\/revisions\/10933"}],"wp:featuredmedia":[{"embeddable":true,"href":"http:\/\/www.pasadenahoy.com\/primero\/wp-json\/wp\/v2\/media\/10903"}],"wp:attachment":[{"href":"http:\/\/www.pasadenahoy.com\/primero\/wp-json\/wp\/v2\/media?parent=10902"}],"wp:term":[{"taxonomy":"category","embeddable":true,"href":"http:\/\/www.pasadenahoy.com\/primero\/wp-json\/wp\/v2\/categories?post=10902"},{"taxonomy":"post_tag","embeddable":true,"href":"http:\/\/www.pasadenahoy.com\/primero\/wp-json\/wp\/v2\/tags?post=10902"}],"curies":[{"name":"wp","href":"https:\/\/api.w.org\/{rel}","templated":true}]}}