{"id":10915,"date":"2021-09-09T16:22:58","date_gmt":"2021-09-09T16:22:58","guid":{"rendered":"http:\/\/www.pasadenahoy.com\/primero\/?p=10915"},"modified":"2021-09-09T16:23:00","modified_gmt":"2021-09-09T16:23:00","slug":"reunion-de-redistribucion-de-distritos-comunitarios-programada-para-el-jueves","status":"publish","type":"post","link":"http:\/\/www.pasadenahoy.com\/primero\/la-comunidad\/reunion-de-redistribucion-de-distritos-comunitarios-programada-para-el-jueves\/","title":{"rendered":"Reuni\u00f3n de redistribuci\u00f3n de distritos comunitarios programada para el jueves"},"content":{"rendered":"\n<figure class=\"wp-block-image alignnone size-large\"><figure class=\"alignnone\"><img loading=\"lazy\" width=\"700\" height=\"378\" src=\"http:\/\/www.pasadenahoy.com\/primero\/wp-content\/uploads\/2021\/09\/pic4.jpg\" alt=\"\" class=\"wp-image-10916\" srcset=\"http:\/\/www.pasadenahoy.com\/primero\/wp-content\/uploads\/2021\/09\/pic4.jpg 700w, http:\/\/www.pasadenahoy.com\/primero\/wp-content\/uploads\/2021\/09\/pic4-300x162.jpg 300w, http:\/\/www.pasadenahoy.com\/primero\/wp-content\/uploads\/2021\/09\/pic4-241x130.jpg 241w, http:\/\/www.pasadenahoy.com\/primero\/wp-content\/uploads\/2021\/09\/pic4-333x180.jpg 333w, http:\/\/www.pasadenahoy.com\/primero\/wp-content\/uploads\/2021\/09\/pic4-360x194.jpg 360w\" sizes=\"100vw\" \/><figcaption><span class=\"caption-text\">Redistribuci\u00f3n de distritos en Pasadena, cortes\u00eda de CityofPasadena.net<\/span><\/figcaption><\/figure><\/figure>\n\n\n\n<p>Los residentes de Pasadena tendr\u00e1n la oportunidad de aprender m\u00e1s sobre su ciudad durante una reuni\u00f3n de redistribuci\u00f3n de distritos de la comunidad virtual a las 4 p.m. jueves<\/p>\n\n\n\n<p>\u201cSu asistencia es vital a medida que aprendemos a dibujar mapas de inter\u00e9s y la importancia de la redistribuci\u00f3n de distritos. Debemos estar en la mesa al frente para abordar nuestros problemas e inquietudes \u201d, seg\u00fan un volante del evento.<\/p>\n\n\n\n<p>La reuni\u00f3n est\u00e1 a cargo de la Primera Iglesia AME, la NAACP de Pasadena, la Liga de Mujeres Votantes del \u00c1rea de Pasadena, la Iglesia Bautista Nuevas Revelaciones, la Iglesia AME Zion, la Iglesia Calvary CME y el Concejal de la Ciudad John Kennedy.<\/p>\n\n\n\n<p>Seg\u00fan la circular, la participaci\u00f3n podr\u00eda afectar la cantidad de dispensarios de cannabis que se permitir\u00edan por distrito del consejo y un programa de equidad social, supervisi\u00f3n policial y problemas de seguridad p\u00fablica, viviendas asequibles, creaci\u00f3n de empleos, elecciones de juntas escolares y problemas ambientales y de transporte.<\/p>\n\n\n\n<p>Despu\u00e9s de cada conteo del censo de 10 a\u00f1os, la ciudad utiliza esa informaci\u00f3n para examinar a las personas que residen en los l\u00edmites del distrito del Concejo Municipal existente para tener en cuenta los cambios en la poblaci\u00f3n.<\/p>\n\n\n\n<p>Pasadena traz\u00f3 por primera vez las l\u00edneas divisorias de los distritos en 1980, con el cambio del sistema electoral de la ciudad de elecciones generales en toda la ciudad a elecciones solo de distrito.<\/p>\n\n\n\n<p>Esto allan\u00f3 el camino para la elecci\u00f3n de candidatos de minor\u00edas y un mayor \u00e9nfasis en las preocupaciones del vecindario.<\/p>\n\n\n\n<p>En el per\u00edodo de 10 a\u00f1os entre 1980 y 1990, la poblaci\u00f3n de la ciudad aument\u00f3 en un 11%, volvi\u00e9ndose m\u00e1s diversa racial y \u00e9tnicamente.<\/p>\n\n\n\n<p>El mayor impacto de la redistribuci\u00f3n de distritos ocurri\u00f3 hace casi 30 a\u00f1os, cuando el consejo cre\u00f3 un nuevo distrito, que ahora es el Distrito 5, con la esperanza de crear m\u00e1s oportunidades para que un n\u00famero creciente de residentes latinos participen en el proceso pol\u00edtico.<\/p>\n\n\n\n<p>La creaci\u00f3n del nuevo distrito finalmente llev\u00f3 a la elecci\u00f3n del alcalde V\u00edctor Gordo. Gordo se desempe\u00f1\u00f3 como representante de campo del concejal Bill Crowfoot, el primer representante del Distrito 5, y gan\u00f3 el esca\u00f1o despu\u00e9s de que Crowfoot se retir\u00f3.<\/p>\n\n\n\n<p>En 2012, el Concejo Municipal vot\u00f3 6-1 para cambiar los distritos ligeramente, lo que result\u00f3 en el intercambio de aproximadamente 1392 personas de un distrito a otro.<\/p>\n\n\n\n<p>El proceso asegura el equilibrio adecuado de poblaciones entre todos los distritos. Con la finalizaci\u00f3n del Censo de 2020, el consejo form\u00f3 un grupo de trabajo para revisar los cambios en las poblaciones y la demograf\u00eda de la ciudad y recomendar un plan para adaptarse a esos cambios.<\/p>\n","protected":false},"excerpt":{"rendered":"<p>Los residentes de Pasadena tendr\u00e1n la oportunidad de aprender m\u00e1s sobre su ciudad durante una reuni\u00f3n de redistribuci\u00f3n de distritos de la comunidad virtual a las 4 p.m. jueves \u201cSu asistencia es vital a medida que aprendemos a dibujar mapas de inter\u00e9s y la importancia de la redistribuci\u00f3n de distritos. Debemos estar en la mesa al frente para abordar nuestros problemas e inquietudes \u201d, seg\u00fan un volante del evento. La reuni\u00f3n est\u00e1 a cargo de la Primera Iglesia AME, la [&hellip;]<\/p>\n","protected":false},"author":4,"featured_media":0,"comment_status":"open","ping_status":"closed","sticky":false,"template":"","format":"standard","meta":[],"categories":[4],"tags":[],"acf":[],"_links":{"self":[{"href":"http:\/\/www.pasadenahoy.com\/primero\/wp-json\/wp\/v2\/posts\/10915"}],"collection":[{"href":"http:\/\/www.pasadenahoy.com\/primero\/wp-json\/wp\/v2\/posts"}],"about":[{"href":"http:\/\/www.pasadenahoy.com\/primero\/wp-json\/wp\/v2\/types\/post"}],"author":[{"embeddable":true,"href":"http:\/\/www.pasadenahoy.com\/primero\/wp-json\/wp\/v2\/users\/4"}],"replies":[{"embeddable":true,"href":"http:\/\/www.pasadenahoy.com\/primero\/wp-json\/wp\/v2\/comments?post=10915"}],"version-history":[{"count":2,"href":"http:\/\/www.pasadenahoy.com\/primero\/wp-json\/wp\/v2\/posts\/10915\/revisions"}],"predecessor-version":[{"id":10918,"href":"http:\/\/www.pasadenahoy.com\/primero\/wp-json\/wp\/v2\/posts\/10915\/revisions\/10918"}],"wp:attachment":[{"href":"http:\/\/www.pasadenahoy.com\/primero\/wp-json\/wp\/v2\/media?parent=10915"}],"wp:term":[{"taxonomy":"category","embeddable":true,"href":"http:\/\/www.pasadenahoy.com\/primero\/wp-json\/wp\/v2\/categories?post=10915"},{"taxonomy":"post_tag","embeddable":true,"href":"http:\/\/www.pasadenahoy.com\/primero\/wp-json\/wp\/v2\/tags?post=10915"}],"curies":[{"name":"wp","href":"https:\/\/api.w.org\/{rel}","templated":true}]}}