{"id":10944,"date":"2021-09-10T16:19:47","date_gmt":"2021-09-10T16:19:47","guid":{"rendered":"http:\/\/www.pasadenahoy.com\/primero\/?p=10944"},"modified":"2021-09-10T16:19:49","modified_gmt":"2021-09-10T16:19:49","slug":"adolescente-sospechoso-encarcelado-en-serie-de-robos-hot-prowl-en-pasadena","status":"publish","type":"post","link":"http:\/\/www.pasadenahoy.com\/primero\/la-comunidad\/adolescente-sospechoso-encarcelado-en-serie-de-robos-hot-prowl-en-pasadena\/","title":{"rendered":"Adolescente sospechoso encarcelado en serie de robos &#8220;Hot Prowl&#8221; en Pasadena"},"content":{"rendered":"\n<figure class=\"wp-block-image alignnone size-large\"><figure class=\"alignnone\"><img loading=\"lazy\" width=\"700\" height=\"378\" src=\"http:\/\/www.pasadenahoy.com\/primero\/wp-content\/uploads\/2021\/09\/pic2.jpg\" alt=\"\" class=\"wp-image-10945\" srcset=\"http:\/\/www.pasadenahoy.com\/primero\/wp-content\/uploads\/2021\/09\/pic2.jpg 700w, http:\/\/www.pasadenahoy.com\/primero\/wp-content\/uploads\/2021\/09\/pic2-300x162.jpg 300w, http:\/\/www.pasadenahoy.com\/primero\/wp-content\/uploads\/2021\/09\/pic2-241x130.jpg 241w, http:\/\/www.pasadenahoy.com\/primero\/wp-content\/uploads\/2021\/09\/pic2-333x180.jpg 333w, http:\/\/www.pasadenahoy.com\/primero\/wp-content\/uploads\/2021\/09\/pic2-360x194.jpg 360w\" sizes=\"100vw\" \/><\/figure><\/figure>\n\n\n\n<p>La polic\u00eda anunci\u00f3 el jueves el arresto de un adolescente sospechoso en relaci\u00f3n con una serie de ocho robos &#8220;al acecho&#8221; y 11 robos de art\u00edculos de autom\u00f3viles en el vecindario que rodea el Washington Park de Pasadena durante un lapso de cinco d\u00edas la semana pasada.<\/p>\n\n\n\n<p>El sospechoso, que no fue identificado debido a su edad, fue acusado el martes en un tribunal de menores de cuatro delitos graves de robo y un delito menor de posesi\u00f3n ilegal de armas de fuego por un delincuente, seg\u00fan el teniente Wiliam Grisafe del Departamento de Polic\u00eda de Pasadena. Tambi\u00e9n fue buscado por una orden de arresto de otro estado, aunque no se dispon\u00eda de m\u00e1s detalles.<\/p>\n\n\n\n<p>Los cargos siguen a su arresto el 2 de septiembre, horas despu\u00e9s del \u00faltimo de los dos robos domiciliarios de la serie, dijo la polic\u00eda. Los residentes estaban en casa durante todos los allanamientos de viviendas, com\u00fanmente conocidos como robos de &#8220;acecho caliente&#8221;, pero no se reportaron heridos.<\/p>\n\n\n\n<p>Los investigadores tuvieron un respiro en el caso cuando los oficiales espec\u00edficamente asignados para combatir el problema detectaron a una persona sospechosa en el \u00e1rea durante las primeras horas de la ma\u00f1ana, dijo Grisafe.<\/p>\n\n\n\n<p>\u201cEl personal de la Unidad de Inteligencia Criminal vio a una persona sospechosa que intentaba esconderse de ellos en el porche delantero de una casa ubicada cerca de los cr\u00edmenes recientes\u201d, dijo la polic\u00eda en una declaraci\u00f3n escrita.<\/p>\n\n\n\n<p>&#8220;Los oficiales identificaron a esta persona como un menor y la informaci\u00f3n fue enviada a los detectives&#8221;, dijo el comunicado.<\/p>\n\n\n\n<p>Los detectives regresaron a la casa del adolescente sospechoso para hablar con \u00e9l, dijeron las autoridades.<\/p>\n\n\n\n<p>&#8220;Mientras estaban en la casa del menor, los detectives localizaron ropa que coincid\u00eda con la ropa usada por el sospechoso involucrado, la p\u00e9rdida potencial y un arma de fuego robada&#8221;, seg\u00fan el comunicado. El ni\u00f1o fue arrestado y registrado en un centro de menores.<\/p>\n\n\n\n<p>Segu\u00eda habiendo posibles cargos penales adicionales a la espera de una mayor investigaci\u00f3n, agreg\u00f3 la polic\u00eda.<\/p>\n\n\n\n<p>La serie de robos y robos de autom\u00f3viles tuvo lugar entre el 29 de agosto y el 2 de septiembre. Los detectives pronto vincularon la serie de cr\u00edmenes.<\/p>\n\n\n\n<p>&#8220;Los robos ocurrieron dentro de la proximidad geogr\u00e1fica entre s\u00ed y el modus operandi en cada incidente fue similar&#8221;, dijo el comunicado de la polic\u00eda.<\/p>\n\n\n\n<p>\u201cEl sospechoso com\u00fanmente ingresaba a las residencias a trav\u00e9s de las puertas traseras sin llave para robar art\u00edculos de f\u00e1cil acceso, como carteras, carteras y llaves del veh\u00edculo. El sospechoso tambi\u00e9n hurgar\u00eda en veh\u00edculos sin llave estacionados en las mismas residencias \u201d, dijo el comunicado.<\/p>\n\n\n\n<p>Cualquier persona que tenga informaci\u00f3n puede comunicarse con el Departamento de Polic\u00eda de Pasadena al (626) 744-4501. Las pistas tambi\u00e9n se pueden enviar de forma an\u00f3nima a L.A. Regional Crime Stoppers al (800) 222-8477.<\/p>\n\n\n\n<p>Relacionado:<\/p>\n\n\n\n<p><a href=\"https:\/\/www.pasadenanow.com\/main\/series-of-hot-prowl-burglaries-strike-pasadena-neighborhood\/\">Serie de robos &#8220;Hot Prowl&#8221; golpea el vecindario de Pasadena<\/a><\/p>\n","protected":false},"excerpt":{"rendered":"<p>La polic\u00eda anunci\u00f3 el jueves el arresto de un adolescente sospechoso en relaci\u00f3n con una serie de ocho robos &#8220;al acecho&#8221; y 11 robos de art\u00edculos de autom\u00f3viles en el vecindario que rodea el Washington Park de Pasadena durante un lapso de cinco d\u00edas la semana pasada. El sospechoso, que no fue identificado debido a su edad, fue acusado el martes en un tribunal de menores de cuatro delitos graves de robo y un delito menor de posesi\u00f3n ilegal de [&hellip;]<\/p>\n","protected":false},"author":4,"featured_media":10945,"comment_status":"open","ping_status":"closed","sticky":false,"template":"","format":"standard","meta":[],"categories":[4],"tags":[],"acf":[],"_links":{"self":[{"href":"http:\/\/www.pasadenahoy.com\/primero\/wp-json\/wp\/v2\/posts\/10944"}],"collection":[{"href":"http:\/\/www.pasadenahoy.com\/primero\/wp-json\/wp\/v2\/posts"}],"about":[{"href":"http:\/\/www.pasadenahoy.com\/primero\/wp-json\/wp\/v2\/types\/post"}],"author":[{"embeddable":true,"href":"http:\/\/www.pasadenahoy.com\/primero\/wp-json\/wp\/v2\/users\/4"}],"replies":[{"embeddable":true,"href":"http:\/\/www.pasadenahoy.com\/primero\/wp-json\/wp\/v2\/comments?post=10944"}],"version-history":[{"count":2,"href":"http:\/\/www.pasadenahoy.com\/primero\/wp-json\/wp\/v2\/posts\/10944\/revisions"}],"predecessor-version":[{"id":10947,"href":"http:\/\/www.pasadenahoy.com\/primero\/wp-json\/wp\/v2\/posts\/10944\/revisions\/10947"}],"wp:featuredmedia":[{"embeddable":true,"href":"http:\/\/www.pasadenahoy.com\/primero\/wp-json\/wp\/v2\/media\/10945"}],"wp:attachment":[{"href":"http:\/\/www.pasadenahoy.com\/primero\/wp-json\/wp\/v2\/media?parent=10944"}],"wp:term":[{"taxonomy":"category","embeddable":true,"href":"http:\/\/www.pasadenahoy.com\/primero\/wp-json\/wp\/v2\/categories?post=10944"},{"taxonomy":"post_tag","embeddable":true,"href":"http:\/\/www.pasadenahoy.com\/primero\/wp-json\/wp\/v2\/tags?post=10944"}],"curies":[{"name":"wp","href":"https:\/\/api.w.org\/{rel}","templated":true}]}}