{"id":10948,"date":"2021-09-10T16:25:03","date_gmt":"2021-09-10T16:25:03","guid":{"rendered":"http:\/\/www.pasadenahoy.com\/primero\/?p=10948"},"modified":"2021-09-10T16:25:05","modified_gmt":"2021-09-10T16:25:05","slug":"4-pasajeros-de-pasadena-mueren-a-causa-del-covid-19-desde-el-sabado","status":"publish","type":"post","link":"http:\/\/www.pasadenahoy.com\/primero\/la-comunidad\/4-pasajeros-de-pasadena-mueren-a-causa-del-covid-19-desde-el-sabado\/","title":{"rendered":"4 pasajeros de Pasadena mueren a causa del COVID-19 desde el s\u00e1bado"},"content":{"rendered":"\n<figure class=\"wp-block-image alignnone size-large\"><figure class=\"alignnone\"><img loading=\"lazy\" width=\"700\" height=\"378\" src=\"http:\/\/www.pasadenahoy.com\/primero\/wp-content\/uploads\/2021\/04\/Covid-Update-1-1-1-700x378-1.jpg\" alt=\"\" class=\"wp-image-7899\" srcset=\"http:\/\/www.pasadenahoy.com\/primero\/wp-content\/uploads\/2021\/04\/Covid-Update-1-1-1-700x378-1.jpg 700w, http:\/\/www.pasadenahoy.com\/primero\/wp-content\/uploads\/2021\/04\/Covid-Update-1-1-1-700x378-1-300x162.jpg 300w, http:\/\/www.pasadenahoy.com\/primero\/wp-content\/uploads\/2021\/04\/Covid-Update-1-1-1-700x378-1-241x130.jpg 241w, http:\/\/www.pasadenahoy.com\/primero\/wp-content\/uploads\/2021\/04\/Covid-Update-1-1-1-700x378-1-333x180.jpg 333w, http:\/\/www.pasadenahoy.com\/primero\/wp-content\/uploads\/2021\/04\/Covid-Update-1-1-1-700x378-1-360x194.jpg 360w\" sizes=\"100vw\" \/><\/figure><\/figure>\n\n\n\n<p>El jueves se reportaron dos muertes adicionales por COVID-19 en Pasadena, marcando cuatro muertes desde el s\u00e1bado, dijeron las autoridades.<\/p>\n\n\n\n<p>Las dos nuevas v\u00edctimas fueron descritas como un hombre de unos 40 a\u00f1os que muri\u00f3 a principios de esta semana y una mujer de unos 80 a\u00f1os que sucumbi\u00f3 al virus el mes pasado, pero recientemente se confirm\u00f3 como una muerte por COVID-19, dijo la portavoz de la ciudad Lisa Derderian.<\/p>\n\n\n\n<p>La mujer no estaba vacunada, dijo Derderian. Se desconoce el estado de vacunaci\u00f3n del hombre.<\/p>\n\n\n\n<p>El sombr\u00edo anuncio sigui\u00f3 a dos muertes m\u00e1s informadas por el Departamento de Salud P\u00fablica de Pasadena el s\u00e1bado. Ambas v\u00edctimas fueron descritas como no vacunadas.<\/p>\n\n\n\n<p>\u201cEl mensaje es claro de vacunarse\u201d, dijo Derderian, se\u00f1alando que muchas muertes recientes por COVID-19 probablemente podr\u00edan haberse evitado mediante la vacunaci\u00f3n. &#8220;Es muy, muy tr\u00e1gico&#8221;.<\/p>\n\n\n\n<p>Las nuevas muertes elevaron el n\u00famero de muertos por pandemia de Pasadena a 358.<\/p>\n\n\n\n<p>Antes del s\u00e1bado, el 13 de agosto se inform\u00f3 de la \u00faltima muerte por COVID-19 en la ciudad.<\/p>\n\n\n\n<p>Los funcionarios de salud detectaron 18 nuevas infecciones por COVID-19 el jueves, lo que eleva el n\u00famero total de casos confirmados a 12.909, seg\u00fan datos de PPHD.<\/p>\n\n\n\n<p>El n\u00famero promedio de infecciones reportadas en Pasadena cada d\u00eda durante la semana anterior tambi\u00e9n fue de 18.<\/p>\n\n\n\n<p>Los datos publicados por el Departamento de Salud P\u00fablica del Condado de Los \u00c1ngeles indicaron que el 64.1% de los residentes en edad escolar que residen en la jurisdicci\u00f3n del Distrito Escolar Unificado de Pasadena y que son elegibles para la vacunaci\u00f3n (aquellos entre 12 y 18 a\u00f1os) hab\u00edan recibido al menos una dosis de vacuna.<\/p>\n\n\n\n<p>En general, los registros de PPHD muestran que el 93,4% de los residentes de la ciudad de todas las edades han recibido al menos una sola inyecci\u00f3n.<\/p>\n\n\n\n<p>Entre los residentes locales de 65 a\u00f1os o m\u00e1s, los datos de la ciudad mostraron que el 99,9% hab\u00eda recibido al menos una dosis.<\/p>\n\n\n\n<p>La directora de Salud P\u00fablica del condado de Los \u00c1ngeles, Barbara Ferrer, tambi\u00e9n se\u00f1al\u00f3 el jueves que la tendencia parece indicar que cuanto mayor es una persona, m\u00e1s probabilidades hay de que se vacune.<\/p>\n\n\n\n<p>La inmunizaci\u00f3n entre los elegibles es la mejor herramienta para prevenir la infecci\u00f3n no solo a ellos mismos, sino tambi\u00e9n a aquellos que no son elegibles para la vacunaci\u00f3n, dijo.<\/p>\n\n\n\n<p>Mientras tanto, los funcionarios del condado informaron 2.218 nuevas infecciones y 49 muertes el jueves, lo que eleva el total a 1.425.806 casos confirmados de COVID y 25.563 muertes.<\/p>\n\n\n\n<p>Seg\u00fan el Departamento de Salud P\u00fablica del Condado de Los \u00c1ngeles, 1.385 pacientes fueron hospitalizados con el virus en todo el condado, y el 30% de ellos fue tratado en unidades de cuidados intensivos. El n\u00famero represent\u00f3 una disminuci\u00f3n de 288 hospitalizaciones en comparaci\u00f3n con la semana anterior.<\/p>\n\n\n\n<p>La tasa de positividad de la prueba en todo el condado del jueves se midi\u00f3 en 3.4%.<\/p>\n\n\n\n<p>El Departamento de Salud P\u00fablica de California inform\u00f3 el jueves 7,127 nuevas infecciones y 201 muertes, lo que eleva el total de la pandemia a 4,322,361 casos del virus y 66,257 muertes.<\/p>\n\n\n\n<p>La tasa de positividad semanal del estado aument\u00f3 en un 0,2% durante el mi\u00e9rcoles a un 4,5%, seg\u00fan datos del CDPH.<\/p>\n\n\n\n<p>Hasta el jueves, el condado de Los \u00c1ngeles representaba el 33% de las infecciones por COVID-19 de California y el 39% de las muertes relacionadas en el estado.<\/p>\n","protected":false},"excerpt":{"rendered":"<p>El jueves se reportaron dos muertes adicionales por COVID-19 en Pasadena, marcando cuatro muertes desde el s\u00e1bado, dijeron las autoridades. Las dos nuevas v\u00edctimas fueron descritas como un hombre de unos 40 a\u00f1os que muri\u00f3 a principios de esta semana y una mujer de unos 80 a\u00f1os que sucumbi\u00f3 al virus el mes pasado, pero recientemente se confirm\u00f3 como una muerte por COVID-19, dijo la portavoz de la ciudad Lisa Derderian. La mujer no estaba vacunada, dijo Derderian. Se desconoce [&hellip;]<\/p>\n","protected":false},"author":4,"featured_media":7899,"comment_status":"open","ping_status":"closed","sticky":false,"template":"","format":"standard","meta":[],"categories":[4],"tags":[],"acf":[],"_links":{"self":[{"href":"http:\/\/www.pasadenahoy.com\/primero\/wp-json\/wp\/v2\/posts\/10948"}],"collection":[{"href":"http:\/\/www.pasadenahoy.com\/primero\/wp-json\/wp\/v2\/posts"}],"about":[{"href":"http:\/\/www.pasadenahoy.com\/primero\/wp-json\/wp\/v2\/types\/post"}],"author":[{"embeddable":true,"href":"http:\/\/www.pasadenahoy.com\/primero\/wp-json\/wp\/v2\/users\/4"}],"replies":[{"embeddable":true,"href":"http:\/\/www.pasadenahoy.com\/primero\/wp-json\/wp\/v2\/comments?post=10948"}],"version-history":[{"count":2,"href":"http:\/\/www.pasadenahoy.com\/primero\/wp-json\/wp\/v2\/posts\/10948\/revisions"}],"predecessor-version":[{"id":10950,"href":"http:\/\/www.pasadenahoy.com\/primero\/wp-json\/wp\/v2\/posts\/10948\/revisions\/10950"}],"wp:featuredmedia":[{"embeddable":true,"href":"http:\/\/www.pasadenahoy.com\/primero\/wp-json\/wp\/v2\/media\/7899"}],"wp:attachment":[{"href":"http:\/\/www.pasadenahoy.com\/primero\/wp-json\/wp\/v2\/media?parent=10948"}],"wp:term":[{"taxonomy":"category","embeddable":true,"href":"http:\/\/www.pasadenahoy.com\/primero\/wp-json\/wp\/v2\/categories?post=10948"},{"taxonomy":"post_tag","embeddable":true,"href":"http:\/\/www.pasadenahoy.com\/primero\/wp-json\/wp\/v2\/tags?post=10948"}],"curies":[{"name":"wp","href":"https:\/\/api.w.org\/{rel}","templated":true}]}}