{"id":10959,"date":"2021-09-10T16:39:47","date_gmt":"2021-09-10T16:39:47","guid":{"rendered":"http:\/\/www.pasadenahoy.com\/primero\/?p=10959"},"modified":"2021-09-10T16:39:49","modified_gmt":"2021-09-10T16:39:49","slug":"el-ex-director-de-obras-publicas-de-pasadena-se-une-a-la-empresa-de-construccion","status":"publish","type":"post","link":"http:\/\/www.pasadenahoy.com\/primero\/la-comunidad\/el-ex-director-de-obras-publicas-de-pasadena-se-une-a-la-empresa-de-construccion\/","title":{"rendered":"El ex director de obras p\u00fablicas de Pasadena se une a la empresa de construcci\u00f3n"},"content":{"rendered":"\n<figure class=\"wp-block-image alignnone size-large\"><figure class=\"alignnone\"><img loading=\"lazy\" width=\"700\" height=\"378\" src=\"http:\/\/www.pasadenahoy.com\/primero\/wp-content\/uploads\/2021\/09\/pic6-1.png\" alt=\"\" class=\"wp-image-10960\" srcset=\"http:\/\/www.pasadenahoy.com\/primero\/wp-content\/uploads\/2021\/09\/pic6-1.png 700w, http:\/\/www.pasadenahoy.com\/primero\/wp-content\/uploads\/2021\/09\/pic6-1-300x162.png 300w, http:\/\/www.pasadenahoy.com\/primero\/wp-content\/uploads\/2021\/09\/pic6-1-241x130.png 241w, http:\/\/www.pasadenahoy.com\/primero\/wp-content\/uploads\/2021\/09\/pic6-1-333x180.png 333w, http:\/\/www.pasadenahoy.com\/primero\/wp-content\/uploads\/2021\/09\/pic6-1-360x194.png 360w\" sizes=\"100vw\" \/><figcaption><span class=\"caption-text\">Exdirector de Obras P\u00fablicas de Pasadena, Ara Maloyan. (Captura de pantalla a trav\u00e9s de Pasadena Media)<\/span><\/figcaption><\/figure><\/figure>\n\n\n\n<p>La empresa de construcci\u00f3n Adept Urban, con sede en Pasadena, ha contratado al ex director de Obras P\u00fablicas de Pasadena, Ara Maloyan, como director de construcci\u00f3n.<\/p>\n\n\n\n<p>Maloyan lleg\u00f3 a Pasadena en 2015 despu\u00e9s de un per\u00edodo como director de Obras P\u00fablicas de Long Beach para llenar el lugar que qued\u00f3 vacante con el despido de la exjefa de Obras P\u00fablicas, Siobhan Foster. Foster fue uno de varios gerentes despedidos por el entonces administrador de la ciudad Michael Beck a ra\u00edz de un esc\u00e1ndalo de malversaci\u00f3n de fondos.<\/p>\n\n\n\n<p>&#8220;Estoy muy emocionado de ser parte de Adept y ofrecer mis d\u00e9cadas de experiencia para abordar los problemas de la escasez de viviendas en la regi\u00f3n&#8221;, dijo Maloyan en una declaraci\u00f3n preparada.<\/p>\n\n\n\n<p>\u201cAdept ha hecho un gran trabajo en proyectos de reutilizaci\u00f3n adaptativa, preservaci\u00f3n hist\u00f3rica, as\u00ed como en la construcci\u00f3n desde cero, y trabajar\u00e9 para asegurar que mantengamos y construyamos sobre este historial de excelencia\u201d, dijo Maloyan.<\/p>\n\n\n\n<p>El martes, la Comisi\u00f3n de Dise\u00f1o de Pasadena revis\u00f3 una propuesta de Adept Urban para construir una estructura de uso mixto de seis pisos y 86,000 pies cuadrados en un lote vac\u00edo en la esquina suroeste de East Green Street y South Arroyo Parkway.<\/p>\n\n\n\n<p>El proyecto de condominio de 48 unidades recibi\u00f3 un pr\u00e9stamo de construcci\u00f3n de $ 34,5 millones.<\/p>\n\n\n\n<p>\u201cCreo que nuestra fuerza proviene de las personas que componen nuestro equipo. Contratamos a personas que provienen de diversos or\u00edgenes y experiencias, pero que est\u00e1n vinculadas por un tema com\u00fan de ayudar a construir comunidades que la gente pueda llamar &#8216;hogar&#8217; \u201d, dijo Patrick Chraghchian, presidente de Adept.<\/p>\n\n\n\n<p>Antes de llegar a Pasadena, Maloyan fue nombrado director de Obras P\u00fablicas en Long Beach. Anteriormente, fue ingeniero municipal de la ciudad de Beverly Hills, donde tambi\u00e9n ocup\u00f3 diversos puestos de ingenier\u00eda durante 23 a\u00f1os. Antes de su trabajo en Beverly Hills, Maloyan fue empleado durante cinco a\u00f1os por el Departamento de Obras P\u00fablicas y el Departamento de Construcci\u00f3n y Seguridad de la ciudad de Los \u00c1ngeles.<\/p>\n\n\n\n<p>Durante sus 37 a\u00f1os en los sectores p\u00fablico y privado, Maloyan administr\u00f3 m\u00e1s de $ 600 millones en una variedad de proyectos de construcci\u00f3n, que incluyen bibliotecas municipales, parques, embalses, centros comunitarios, remodelaci\u00f3n de estaciones de polic\u00eda y bomberos y pavimentaci\u00f3n de las principales v\u00edas. Posee una amplia experiencia en la construcci\u00f3n y remodelaci\u00f3n de sistemas de servicios p\u00fablicos. Es un ingeniero civil con licencia en California y obtuvo una certificaci\u00f3n en administraci\u00f3n de construcci\u00f3n de UCLA.<\/p>\n\n\n\n<p>\u201cAra tiene un historial sobresaliente en el servicio p\u00fablico y proyectos importantes, y comprende los desaf\u00edos que enfrentan tanto las agencias p\u00fablicas como los desarrolladores privados. Damos la bienvenida a Adept por su liderazgo y experiencia \u201d, dijo Chraghchian.<\/p>\n","protected":false},"excerpt":{"rendered":"<p>La empresa de construcci\u00f3n Adept Urban, con sede en Pasadena, ha contratado al ex director de Obras P\u00fablicas de Pasadena, Ara Maloyan, como director de construcci\u00f3n. Maloyan lleg\u00f3 a Pasadena en 2015 despu\u00e9s de un per\u00edodo como director de Obras P\u00fablicas de Long Beach para llenar el lugar que qued\u00f3 vacante con el despido de la exjefa de Obras P\u00fablicas, Siobhan Foster. Foster fue uno de varios gerentes despedidos por el entonces administrador de la ciudad Michael Beck a ra\u00edz [&hellip;]<\/p>\n","protected":false},"author":4,"featured_media":0,"comment_status":"open","ping_status":"closed","sticky":false,"template":"","format":"standard","meta":[],"categories":[4],"tags":[],"acf":[],"_links":{"self":[{"href":"http:\/\/www.pasadenahoy.com\/primero\/wp-json\/wp\/v2\/posts\/10959"}],"collection":[{"href":"http:\/\/www.pasadenahoy.com\/primero\/wp-json\/wp\/v2\/posts"}],"about":[{"href":"http:\/\/www.pasadenahoy.com\/primero\/wp-json\/wp\/v2\/types\/post"}],"author":[{"embeddable":true,"href":"http:\/\/www.pasadenahoy.com\/primero\/wp-json\/wp\/v2\/users\/4"}],"replies":[{"embeddable":true,"href":"http:\/\/www.pasadenahoy.com\/primero\/wp-json\/wp\/v2\/comments?post=10959"}],"version-history":[{"count":2,"href":"http:\/\/www.pasadenahoy.com\/primero\/wp-json\/wp\/v2\/posts\/10959\/revisions"}],"predecessor-version":[{"id":10962,"href":"http:\/\/www.pasadenahoy.com\/primero\/wp-json\/wp\/v2\/posts\/10959\/revisions\/10962"}],"wp:attachment":[{"href":"http:\/\/www.pasadenahoy.com\/primero\/wp-json\/wp\/v2\/media?parent=10959"}],"wp:term":[{"taxonomy":"category","embeddable":true,"href":"http:\/\/www.pasadenahoy.com\/primero\/wp-json\/wp\/v2\/categories?post=10959"},{"taxonomy":"post_tag","embeddable":true,"href":"http:\/\/www.pasadenahoy.com\/primero\/wp-json\/wp\/v2\/tags?post=10959"}],"curies":[{"name":"wp","href":"https:\/\/api.w.org\/{rel}","templated":true}]}}