{"id":10967,"date":"2021-09-13T16:02:02","date_gmt":"2021-09-13T16:02:02","guid":{"rendered":"http:\/\/www.pasadenahoy.com\/primero\/?p=10967"},"modified":"2021-09-13T16:02:04","modified_gmt":"2021-09-13T16:02:04","slug":"la-ciudad-inicia-el-plan-de-seguridad-para-el-desfile-de-las-rosas-de-2022","status":"publish","type":"post","link":"http:\/\/www.pasadenahoy.com\/primero\/la-comunidad\/la-ciudad-inicia-el-plan-de-seguridad-para-el-desfile-de-las-rosas-de-2022\/","title":{"rendered":"La ciudad inicia el plan de seguridad para el Desfile de las Rosas de 2022"},"content":{"rendered":"\n<figure class=\"wp-block-image alignnone size-large\"><figure class=\"alignnone\"><img loading=\"lazy\" width=\"736\" height=\"400\" src=\"http:\/\/www.pasadenahoy.com\/primero\/wp-content\/uploads\/2021\/09\/pic1-1.png\" alt=\"\" class=\"wp-image-10968\" srcset=\"http:\/\/www.pasadenahoy.com\/primero\/wp-content\/uploads\/2021\/09\/pic1-1.png 736w, http:\/\/www.pasadenahoy.com\/primero\/wp-content\/uploads\/2021\/09\/pic1-1-300x163.png 300w, http:\/\/www.pasadenahoy.com\/primero\/wp-content\/uploads\/2021\/09\/pic1-1-239x130.png 239w, http:\/\/www.pasadenahoy.com\/primero\/wp-content\/uploads\/2021\/09\/pic1-1-331x180.png 331w, http:\/\/www.pasadenahoy.com\/primero\/wp-content\/uploads\/2021\/09\/pic1-1-700x380.png 700w, http:\/\/www.pasadenahoy.com\/primero\/wp-content\/uploads\/2021\/09\/pic1-1-360x196.png 360w, http:\/\/www.pasadenahoy.com\/primero\/wp-content\/uploads\/2021\/09\/pic1-1-720x391.png 720w\" sizes=\"100vw\" \/><\/figure><\/figure>\n\n\n\n<p>Se espera que el Ayuntamiento de Pasadena vote el lunes para confirmar la compra de se\u00f1ales de tr\u00e1fico y unas 200 barricadas llenas de agua para proteger a los espectadores y participantes del Rose Parade el 1 de enero.<\/p>\n\n\n\n<p>Si se confirma, el contrato designar\u00e1 a JCL Traffic Services como responsable de suministrar las barricadas de las calles y las se\u00f1ales de tr\u00e1fico para cerrar hasta 65 intersecciones de calles y 40 calles comerciales privadas y calles p\u00fablicas en la ciudad el d\u00eda de A\u00f1o Nuevo.<\/p>\n\n\n\n<p>Con sede en Montebello, JCL Traffic Services ha brindado servicios y equipos de construcci\u00f3n de seguridad para eventos especiales y zonas de trabajo de filmaci\u00f3n en todo el sur de California desde 1997.<\/p>\n\n\n\n<p>La ciudad de Pasadena ha hecho negocios con JCL en el pasado. Desde 2017, la ciudad ha pagado $ 159,139 a JCL por el Desfile de las Rosas, seg\u00fan un informe de la agenda preparado para el consejo por el Departamento de Polic\u00eda de Pasadena.<\/p>\n\n\n\n<p>Los cierres son necesarios para limitar el tr\u00e1fico vehicular en la ruta del desfile y brindar un ambiente m\u00e1s seguro para el p\u00fablico que asiste al desfile, seg\u00fan el informe.<\/p>\n\n\n\n<p>La ciudad public\u00f3 un aviso invitando a licitar por el proyecto en junio y solo JCL present\u00f3 una oferta antes de la fecha l\u00edmite.<\/p>\n\n\n\n<p>El contrato propuesto le costar\u00e1 a la ciudad hasta 142.520 d\u00f3lares por el per\u00edodo de cuatro a\u00f1os, seg\u00fan el informe. La financiaci\u00f3n se cubrir\u00e1 con el Fondo de A\u00f1o Nuevo de la ciudad.<\/p>\n","protected":false},"excerpt":{"rendered":"<p>Se espera que el Ayuntamiento de Pasadena vote el lunes para confirmar la compra de se\u00f1ales de tr\u00e1fico y unas 200 barricadas llenas de agua para proteger a los espectadores y participantes del Rose Parade el 1 de enero. Si se confirma, el contrato designar\u00e1 a JCL Traffic Services como responsable de suministrar las barricadas de las calles y las se\u00f1ales de tr\u00e1fico para cerrar hasta 65 intersecciones de calles y 40 calles comerciales privadas y calles p\u00fablicas en la [&hellip;]<\/p>\n","protected":false},"author":4,"featured_media":10968,"comment_status":"open","ping_status":"closed","sticky":false,"template":"","format":"standard","meta":[],"categories":[4],"tags":[],"acf":[],"_links":{"self":[{"href":"http:\/\/www.pasadenahoy.com\/primero\/wp-json\/wp\/v2\/posts\/10967"}],"collection":[{"href":"http:\/\/www.pasadenahoy.com\/primero\/wp-json\/wp\/v2\/posts"}],"about":[{"href":"http:\/\/www.pasadenahoy.com\/primero\/wp-json\/wp\/v2\/types\/post"}],"author":[{"embeddable":true,"href":"http:\/\/www.pasadenahoy.com\/primero\/wp-json\/wp\/v2\/users\/4"}],"replies":[{"embeddable":true,"href":"http:\/\/www.pasadenahoy.com\/primero\/wp-json\/wp\/v2\/comments?post=10967"}],"version-history":[{"count":2,"href":"http:\/\/www.pasadenahoy.com\/primero\/wp-json\/wp\/v2\/posts\/10967\/revisions"}],"predecessor-version":[{"id":10970,"href":"http:\/\/www.pasadenahoy.com\/primero\/wp-json\/wp\/v2\/posts\/10967\/revisions\/10970"}],"wp:featuredmedia":[{"embeddable":true,"href":"http:\/\/www.pasadenahoy.com\/primero\/wp-json\/wp\/v2\/media\/10968"}],"wp:attachment":[{"href":"http:\/\/www.pasadenahoy.com\/primero\/wp-json\/wp\/v2\/media?parent=10967"}],"wp:term":[{"taxonomy":"category","embeddable":true,"href":"http:\/\/www.pasadenahoy.com\/primero\/wp-json\/wp\/v2\/categories?post=10967"},{"taxonomy":"post_tag","embeddable":true,"href":"http:\/\/www.pasadenahoy.com\/primero\/wp-json\/wp\/v2\/tags?post=10967"}],"curies":[{"name":"wp","href":"https:\/\/api.w.org\/{rel}","templated":true}]}}