{"id":10975,"date":"2021-09-13T16:12:06","date_gmt":"2021-09-13T16:12:06","guid":{"rendered":"http:\/\/www.pasadenahoy.com\/primero\/?p=10975"},"modified":"2021-09-13T16:12:08","modified_gmt":"2021-09-13T16:12:08","slug":"pusd-recibe-5000-kits-de-prueba-reanuda-el-programa-de-pruebas-covid-19-el-lunes","status":"publish","type":"post","link":"http:\/\/www.pasadenahoy.com\/primero\/la-comunidad\/pusd-recibe-5000-kits-de-prueba-reanuda-el-programa-de-pruebas-covid-19-el-lunes\/","title":{"rendered":"PUSD recibe 5,000 kits de prueba, reanuda el programa de pruebas COVID-19 el lunes"},"content":{"rendered":"\n<figure class=\"wp-block-image alignnone size-large\"><figure class=\"alignnone\"><img loading=\"lazy\" width=\"700\" height=\"378\" src=\"http:\/\/www.pasadenahoy.com\/primero\/wp-content\/uploads\/2021\/09\/pic3-2.jpg\" alt=\"\" class=\"wp-image-10976\" srcset=\"http:\/\/www.pasadenahoy.com\/primero\/wp-content\/uploads\/2021\/09\/pic3-2.jpg 700w, http:\/\/www.pasadenahoy.com\/primero\/wp-content\/uploads\/2021\/09\/pic3-2-300x162.jpg 300w, http:\/\/www.pasadenahoy.com\/primero\/wp-content\/uploads\/2021\/09\/pic3-2-241x130.jpg 241w, http:\/\/www.pasadenahoy.com\/primero\/wp-content\/uploads\/2021\/09\/pic3-2-333x180.jpg 333w, http:\/\/www.pasadenahoy.com\/primero\/wp-content\/uploads\/2021\/09\/pic3-2-360x194.jpg 360w\" sizes=\"100vw\" \/><\/figure><\/figure>\n\n\n\n<p>El Distrito Escolar Unificado de Pasadena reanuda las pruebas de COVID-19 en todas sus escuelas esta semana y en una cl\u00ednica de autoservicio el lunes por la ma\u00f1ana despu\u00e9s de recibir 5,000 kits de prueba el jueves pasado.<\/p>\n\n\n\n<p>La semana pasada, una escasez de kits oblig\u00f3 al Distrito a racionar un n\u00famero limitado de pruebas solo para estudiantes sintom\u00e1ticos o en cuarentena y estudiantes atletas no vacunados.<\/p>\n\n\n\n<p>Pero con un env\u00edo ahora recibido y otro de los 5.000 adicionales que se esperan para el mi\u00e9rcoles, el programa de pruebas est\u00e1 nuevamente en marcha, dijo el superintendente del PUSD, Brian McDonald.<\/p>\n\n\n\n<p>\u201cDeber\u00edamos tener kits de prueba m\u00e1s que suficientes para implementar completamente nuestro programa de pruebas\u201d, dijo McDonald. &#8220;No deber\u00edamos tener este problema en el futuro, ya que estamos trabajando para obtener m\u00e1s de lo que necesitamos para probar en una o dos semanas&#8221;.<\/p>\n\n\n\n<p>El lunes por la ma\u00f1ana, el Distrito llevar\u00e1 a cabo pruebas de manejo de 8 a.m. a 3:30 p.m. en 351 S. Hudson Ave. en Pasadena (ingrese por Oak Knoll Avenue).<\/p>\n\n\n\n<p>Los equipos de evaluaci\u00f3n se enfocar\u00e1n en los sitios de primaria de martes a viernes y rotar\u00e1n a los sitios de las escuelas secundarias los lunes, dijo McDonald.<\/p>\n\n\n\n<p>El r\u00e9gimen de prueba COVID-19 semanal de todos los estudiantes no vacunados cuyos padres han brindado su consentimiento informado y todo el personal no vacunado se lanz\u00f3 el 31 de agosto y puso al distrito a la vanguardia de las escuelas p\u00fablicas de California para el cumplimiento temprano de un mandato de prueba estatal.<\/p>\n\n\n\n<p>McDonald dijo que el Distrito administr\u00f3 2,735 pruebas de COVID-19 entre el 24 de agosto y el 7 de septiembre.<\/p>\n\n\n\n<p>La Junta de Educaci\u00f3n del PUSD promulg\u00f3 recientemente una pol\u00edtica que establece que los estudiantes de 12 a\u00f1os o m\u00e1s deben mostrar prueba de vacunaci\u00f3n o tomar pruebas semanales con el consentimiento informado de los padres \/ tutores antes del 15 de octubre. Todos los estudiantes menores de 12 a\u00f1os deber\u00e1n obtener COVID semanal -19 pruebas con consentimiento informado de los padres \/ tutores antes del 15 de octubre.<\/p>\n\n\n\n<p>McDonald dijo que este Distrito ahora est\u00e1 completando la carga de datos de los estudiantes en su sistema de gesti\u00f3n Qualtrics, despu\u00e9s de lo cual se enviar\u00e1n notificaciones a las familias con instrucciones sobre c\u00f3mo cargar la prueba de vacunaci\u00f3n. Dijo que se espera que ocurra el lunes 20 de septiembre.<\/p>\n\n\n\n<p>Una vez que se haya recopilado esta informaci\u00f3n y se haya tomado una determinaci\u00f3n sobre qu\u00e9 estudiantes ser\u00e1n evaluados, el programa de evaluaci\u00f3n se implementar\u00e1 por completo, dijo McDonald.<\/p>\n\n\n\n<p>El Distrito patrocinar\u00e1 cl\u00ednicas de vacunaci\u00f3n en la Escuela Primaria Willard el mi\u00e9rcoles 22 de septiembre y en la Escuela Fundamental Marshall el lunes 27 de septiembre. Puede registrarse para estas u otras opciones comunitarias para vacunarse en <a href=\"https:\/\/myturn.ca.gov\/\">myturn.ca.gov<\/a>.<\/p>\n","protected":false},"excerpt":{"rendered":"<p>El Distrito Escolar Unificado de Pasadena reanuda las pruebas de COVID-19 en todas sus escuelas esta semana y en una cl\u00ednica de autoservicio el lunes por la ma\u00f1ana despu\u00e9s de recibir 5,000 kits de prueba el jueves pasado. La semana pasada, una escasez de kits oblig\u00f3 al Distrito a racionar un n\u00famero limitado de pruebas solo para estudiantes sintom\u00e1ticos o en cuarentena y estudiantes atletas no vacunados. Pero con un env\u00edo ahora recibido y otro de los 5.000 adicionales que [&hellip;]<\/p>\n","protected":false},"author":4,"featured_media":10976,"comment_status":"open","ping_status":"closed","sticky":false,"template":"","format":"standard","meta":[],"categories":[4],"tags":[],"acf":[],"_links":{"self":[{"href":"http:\/\/www.pasadenahoy.com\/primero\/wp-json\/wp\/v2\/posts\/10975"}],"collection":[{"href":"http:\/\/www.pasadenahoy.com\/primero\/wp-json\/wp\/v2\/posts"}],"about":[{"href":"http:\/\/www.pasadenahoy.com\/primero\/wp-json\/wp\/v2\/types\/post"}],"author":[{"embeddable":true,"href":"http:\/\/www.pasadenahoy.com\/primero\/wp-json\/wp\/v2\/users\/4"}],"replies":[{"embeddable":true,"href":"http:\/\/www.pasadenahoy.com\/primero\/wp-json\/wp\/v2\/comments?post=10975"}],"version-history":[{"count":2,"href":"http:\/\/www.pasadenahoy.com\/primero\/wp-json\/wp\/v2\/posts\/10975\/revisions"}],"predecessor-version":[{"id":10978,"href":"http:\/\/www.pasadenahoy.com\/primero\/wp-json\/wp\/v2\/posts\/10975\/revisions\/10978"}],"wp:featuredmedia":[{"embeddable":true,"href":"http:\/\/www.pasadenahoy.com\/primero\/wp-json\/wp\/v2\/media\/10976"}],"wp:attachment":[{"href":"http:\/\/www.pasadenahoy.com\/primero\/wp-json\/wp\/v2\/media?parent=10975"}],"wp:term":[{"taxonomy":"category","embeddable":true,"href":"http:\/\/www.pasadenahoy.com\/primero\/wp-json\/wp\/v2\/categories?post=10975"},{"taxonomy":"post_tag","embeddable":true,"href":"http:\/\/www.pasadenahoy.com\/primero\/wp-json\/wp\/v2\/tags?post=10975"}],"curies":[{"name":"wp","href":"https:\/\/api.w.org\/{rel}","templated":true}]}}