{"id":10987,"date":"2021-09-13T16:25:29","date_gmt":"2021-09-13T16:25:29","guid":{"rendered":"http:\/\/www.pasadenahoy.com\/primero\/?p=10987"},"modified":"2021-09-13T16:25:31","modified_gmt":"2021-09-13T16:25:31","slug":"el-consejo-considerara-el-plan-especifico-de-lincoln-avenue","status":"publish","type":"post","link":"http:\/\/www.pasadenahoy.com\/primero\/el-gobierno-local\/el-consejo-considerara-el-plan-especifico-de-lincoln-avenue\/","title":{"rendered":"El Consejo considerar\u00e1 el plan espec\u00edfico de Lincoln Avenue"},"content":{"rendered":"\n<figure class=\"wp-block-image alignnone size-large\"><figure class=\"alignnone\"><img loading=\"lazy\" width=\"700\" height=\"378\" src=\"http:\/\/www.pasadenahoy.com\/primero\/wp-content\/uploads\/2021\/09\/pic6-4.jpg\" alt=\"\" class=\"wp-image-10988\" srcset=\"http:\/\/www.pasadenahoy.com\/primero\/wp-content\/uploads\/2021\/09\/pic6-4.jpg 700w, http:\/\/www.pasadenahoy.com\/primero\/wp-content\/uploads\/2021\/09\/pic6-4-300x162.jpg 300w, http:\/\/www.pasadenahoy.com\/primero\/wp-content\/uploads\/2021\/09\/pic6-4-241x130.jpg 241w, http:\/\/www.pasadenahoy.com\/primero\/wp-content\/uploads\/2021\/09\/pic6-4-333x180.jpg 333w, http:\/\/www.pasadenahoy.com\/primero\/wp-content\/uploads\/2021\/09\/pic6-4-360x194.jpg 360w\" sizes=\"100vw\" \/><\/figure><\/figure>\n\n\n\n<p>Una audiencia p\u00fablica sobre el Plan Espec\u00edfico de Lincoln Avenue est\u00e1 programada para la reuni\u00f3n del Concejo Municipal del lunes.<\/p>\n\n\n\n<p>El Plan Espec\u00edfico de Lincoln Avenue (LASP) actualizado cambiar\u00eda el corredor de Lincoln Avenue de un \u00e1rea industrial y comercial limitada a un distrito m\u00e1s vibrante orientado al vecindario, con nuevas opciones de vivienda, negocios minoristas y de servicios, espacios de oficinas y usos comunitarios.<\/p>\n\n\n\n<p>\u201cLas actualizaciones del LASP se enfocan principalmente en refinar y \/ o establecer est\u00e1ndares de desarrollo objetivo para lograr las metas y la visi\u00f3n del Plan General\u201d, seg\u00fan un informe del personal incluido en la agenda del consejo del lunes.<\/p>\n\n\n\n<p>El proyecto incluye actualizaciones de los tipos de uso: pol\u00edticas: dise\u00f1o y est\u00e1ndares del \u00e1mbito p\u00fablico; densidad e intensidad de desarrollo; altura y \/ o escala general de edificios y estructuras; retrocesos y retrocesos; requisitos de estacionamiento; tipos y cantidad de espacios abiertos y requisitos de paisajismo y espacios abiertos; y programas de implementaci\u00f3n.<\/p>\n\n\n\n<p>Junto con Lincoln Avenue, el Distrito Central, East Colorado Boulevard, East Pasadena, Fair Oaks \/ Orange Grove, Lamanda Park, North Lake Avenue y South Fair Oaks Avenue tienen planes espec\u00edficos que especifican las acciones que se deben tomar para recrear los respectivos corredores que servir mejor a los vecindarios circundantes y crear una puerta de entrada atractiva a Pasadena.<\/p>\n\n\n\n<p>Estos planes est\u00e1n destinados a ser coherentes con las metas y pol\u00edticas del Plan General. La ciudad est\u00e1 actualizando los ocho planes espec\u00edficos como parte del programa Our Pasadena 2018, lanzado como un paso hacia la implementaci\u00f3n del Plan General de la ciudad, que gu\u00eda el crecimiento y el desarrollo futuros generales.<\/p>\n\n\n\n<p>Los objetivos clave del Plan Espec\u00edfico de Lincoln Avenue incluyen:<\/p>\n\n\n\n<p>Crear un vecindario &#8220;Main Street&#8221; que servir\u00e1 como punto focal para los vecindarios que rodean Lincoln Avenue.<br>Preservar y mejorar las \u00e1reas residenciales existentes al brindar nuevas oportunidades para todo tipo de vivienda a lo largo del corredor al facilitar oportunidades para desarrollos que brinden negocios minoristas y de servicios orientados al vecindario, oportunidades de empleo local y un v\u00ednculo con la comunidad.<br>Proporcionar la eliminaci\u00f3n gradual de los usos industriales que crean conflictos con los vecindarios circundantes.<br>Apoyar dise\u00f1os que contribuyan al car\u00e1cter mejorado de la ciudad y del noroeste de Pasadena en particular.<br>Enriqueciendo el entorno peatonal a lo largo de Lincoln Avenue a trav\u00e9s de proyectos bien dise\u00f1ados y a escala apropiada y agradables paisajes urbanos.<br>Invitar a la actividad peatonal a trav\u00e9s de un corredor de paisaje urbano cohesivo y mejorado.<br>Fomentar la inversi\u00f3n, el mantenimiento y el orgullo en el \u00e1rea del Plan Espec\u00edfico de Lincoln Avenue.<br>Mejora de la seguridad p\u00fablica.<br>Seg\u00fan su plan, Lincoln Avenue ha sido durante d\u00e9cadas la ubicaci\u00f3n de negocios industriales a peque\u00f1a escala, muchos con operaciones al aire libre.<\/p>\n\n\n\n<p>\u201cSi bien Pasadena ciertamente respalda un sector industrial local vibrante, los distritos de la ciudad que no sean el corredor de Lincoln Avenue son m\u00e1s adecuados y han sido designados para tales fines\u201d, dice el plan.<\/p>\n\n\n\n<p>El Plan Espec\u00edfico de East Colorado Boulevard est\u00e1 programado para presentarse ante el Concejo Municipal a finales de este a\u00f1o. Las audiencias p\u00fablicas para los planes restantes est\u00e1n programadas a lo largo de 2022.<\/p>\n","protected":false},"excerpt":{"rendered":"<p>Una audiencia p\u00fablica sobre el Plan Espec\u00edfico de Lincoln Avenue est\u00e1 programada para la reuni\u00f3n del Concejo Municipal del lunes. El Plan Espec\u00edfico de Lincoln Avenue (LASP) actualizado cambiar\u00eda el corredor de Lincoln Avenue de un \u00e1rea industrial y comercial limitada a un distrito m\u00e1s vibrante orientado al vecindario, con nuevas opciones de vivienda, negocios minoristas y de servicios, espacios de oficinas y usos comunitarios. \u201cLas actualizaciones del LASP se enfocan principalmente en refinar y \/ o establecer est\u00e1ndares de [&hellip;]<\/p>\n","protected":false},"author":4,"featured_media":0,"comment_status":"open","ping_status":"closed","sticky":false,"template":"","format":"standard","meta":[],"categories":[6],"tags":[],"acf":[],"_links":{"self":[{"href":"http:\/\/www.pasadenahoy.com\/primero\/wp-json\/wp\/v2\/posts\/10987"}],"collection":[{"href":"http:\/\/www.pasadenahoy.com\/primero\/wp-json\/wp\/v2\/posts"}],"about":[{"href":"http:\/\/www.pasadenahoy.com\/primero\/wp-json\/wp\/v2\/types\/post"}],"author":[{"embeddable":true,"href":"http:\/\/www.pasadenahoy.com\/primero\/wp-json\/wp\/v2\/users\/4"}],"replies":[{"embeddable":true,"href":"http:\/\/www.pasadenahoy.com\/primero\/wp-json\/wp\/v2\/comments?post=10987"}],"version-history":[{"count":2,"href":"http:\/\/www.pasadenahoy.com\/primero\/wp-json\/wp\/v2\/posts\/10987\/revisions"}],"predecessor-version":[{"id":10990,"href":"http:\/\/www.pasadenahoy.com\/primero\/wp-json\/wp\/v2\/posts\/10987\/revisions\/10990"}],"wp:attachment":[{"href":"http:\/\/www.pasadenahoy.com\/primero\/wp-json\/wp\/v2\/media?parent=10987"}],"wp:term":[{"taxonomy":"category","embeddable":true,"href":"http:\/\/www.pasadenahoy.com\/primero\/wp-json\/wp\/v2\/categories?post=10987"},{"taxonomy":"post_tag","embeddable":true,"href":"http:\/\/www.pasadenahoy.com\/primero\/wp-json\/wp\/v2\/tags?post=10987"}],"curies":[{"name":"wp","href":"https:\/\/api.w.org\/{rel}","templated":true}]}}