{"id":10996,"date":"2021-09-13T16:34:56","date_gmt":"2021-09-13T16:34:56","guid":{"rendered":"http:\/\/www.pasadenahoy.com\/primero\/?p=10996"},"modified":"2021-09-13T16:34:58","modified_gmt":"2021-09-13T16:34:58","slug":"sospechosos-de-doble-asesinato-acusados-%e2%80%8b%e2%80%8by-exdirector-del-distrito-escolar-unificado-de-pasadena-se-presentaran-en-la-corte-esta-semana","status":"publish","type":"post","link":"http:\/\/www.pasadenahoy.com\/primero\/la-comunidad\/sospechosos-de-doble-asesinato-acusados-%e2%80%8b%e2%80%8by-exdirector-del-distrito-escolar-unificado-de-pasadena-se-presentaran-en-la-corte-esta-semana\/","title":{"rendered":"Sospechosos de doble asesinato acusados \u200b\u200by exdirector del Distrito Escolar Unificado de Pasadena se presentar\u00e1n en la corte esta semana"},"content":{"rendered":"\n<figure class=\"wp-block-image alignnone size-large\"><figure class=\"alignnone\"><img loading=\"lazy\" width=\"700\" height=\"378\" src=\"http:\/\/www.pasadenahoy.com\/primero\/wp-content\/uploads\/2021\/09\/pic8.jpg\" alt=\"\" class=\"wp-image-10997\" srcset=\"http:\/\/www.pasadenahoy.com\/primero\/wp-content\/uploads\/2021\/09\/pic8.jpg 700w, http:\/\/www.pasadenahoy.com\/primero\/wp-content\/uploads\/2021\/09\/pic8-300x162.jpg 300w, http:\/\/www.pasadenahoy.com\/primero\/wp-content\/uploads\/2021\/09\/pic8-241x130.jpg 241w, http:\/\/www.pasadenahoy.com\/primero\/wp-content\/uploads\/2021\/09\/pic8-333x180.jpg 333w, http:\/\/www.pasadenahoy.com\/primero\/wp-content\/uploads\/2021\/09\/pic8-360x194.jpg 360w\" sizes=\"100vw\" \/><\/figure><\/figure>\n\n\n\n<p>Dos casos criminales de alto perfil avanzar\u00e1n esta semana en la Corte Superior del Condado de Los \u00c1ngeles en Pasadena.<\/p>\n\n\n\n<p>Martes 14 de septiembre, 8:30 a.m .: acusaci\u00f3n de Christopher Paul Hall<\/p>\n\n\n\n<p>Christopher Paul Hall, de 21 a\u00f1os, de Pasadena, est\u00e1 acusado de matar a tiros a dos hombres y herir a un tercer hombre en un parque de Pasadena el 1 de diciembre. Hall enfrenta dos cargos de asesinato y un cargo de intento de asesinato, seg\u00fan el tribunal. registros.<\/p>\n\n\n\n<p>Los residentes de Pasadena, Christino Medellin Avila, de 51 a\u00f1os, y Aaron P\u00e9rez Flores, de 40, murieron en el tiroteo. El tercer hombre result\u00f3 gravemente herido por los disparos, pero sobrevivi\u00f3 a sus heridas.<\/p>\n\n\n\n<p>Hall permanece detenido, con una fianza fijada en $ 5,16 millones.<\/p>\n\n\n\n<p>La lectura de cargos se llevar\u00e1 a cabo en el Departamento D del Palacio de Justicia de Pasadena.<\/p>\n\n\n\n<p>Viernes 17 de septiembre, 8:30 a.m .: Fijaci\u00f3n de la fecha de audiencia preliminar para Kyle Douglas<\/p>\n\n\n\n<p>Kyle Douglas, de 51 a\u00f1os, de Pasadena, est\u00e1 acusado de un cargo de malversaci\u00f3n de fondos p\u00fablicos, falsificaci\u00f3n y hurto mayor despu\u00e9s de que las autoridades dijeron que se embols\u00f3 ilegalmente decenas de miles de d\u00f3lares mientras trabajaba en Woodrow Wilson Middle School en Pasadena y en Inglewood High School en Los Angeles.<\/p>\n\n\n\n<p>En 2017, mientras era director de Inglewood High School, Douglas supuestamente negoci\u00f3 un contrato con una empresa para que usara el estacionamiento del campus, sin la autorizaci\u00f3n de la junta escolar. Est\u00e1 acusado de recibir unos 57.000 d\u00f3lares de la transacci\u00f3n.<\/p>\n\n\n\n<p>En 2019, mientras se desempe\u00f1aba como director de la escuela secundaria Woodrow Wilson en Pasadena, Douglas supuestamente recaud\u00f3 un estimado de $ 10,000 por un viaje estudiantil a China, pero nunca pag\u00f3 a la compa\u00f1\u00eda que hab\u00eda contratado para organizar el viaje, dijo la oficina del fiscal de distrito del condado de Los \u00c1ngeles.<\/p>\n\n\n\n<p>La audiencia se llevar\u00e1 a cabo en el Edificio de Tribunales Penales, 210 W. Temple St., Los \u00c1ngeles.<\/p>\n","protected":false},"excerpt":{"rendered":"<p>Dos casos criminales de alto perfil avanzar\u00e1n esta semana en la Corte Superior del Condado de Los \u00c1ngeles en Pasadena. Martes 14 de septiembre, 8:30 a.m .: acusaci\u00f3n de Christopher Paul Hall Christopher Paul Hall, de 21 a\u00f1os, de Pasadena, est\u00e1 acusado de matar a tiros a dos hombres y herir a un tercer hombre en un parque de Pasadena el 1 de diciembre. Hall enfrenta dos cargos de asesinato y un cargo de intento de asesinato, seg\u00fan el tribunal. [&hellip;]<\/p>\n","protected":false},"author":4,"featured_media":0,"comment_status":"open","ping_status":"closed","sticky":false,"template":"","format":"standard","meta":[],"categories":[4],"tags":[],"acf":[],"_links":{"self":[{"href":"http:\/\/www.pasadenahoy.com\/primero\/wp-json\/wp\/v2\/posts\/10996"}],"collection":[{"href":"http:\/\/www.pasadenahoy.com\/primero\/wp-json\/wp\/v2\/posts"}],"about":[{"href":"http:\/\/www.pasadenahoy.com\/primero\/wp-json\/wp\/v2\/types\/post"}],"author":[{"embeddable":true,"href":"http:\/\/www.pasadenahoy.com\/primero\/wp-json\/wp\/v2\/users\/4"}],"replies":[{"embeddable":true,"href":"http:\/\/www.pasadenahoy.com\/primero\/wp-json\/wp\/v2\/comments?post=10996"}],"version-history":[{"count":2,"href":"http:\/\/www.pasadenahoy.com\/primero\/wp-json\/wp\/v2\/posts\/10996\/revisions"}],"predecessor-version":[{"id":10999,"href":"http:\/\/www.pasadenahoy.com\/primero\/wp-json\/wp\/v2\/posts\/10996\/revisions\/10999"}],"wp:attachment":[{"href":"http:\/\/www.pasadenahoy.com\/primero\/wp-json\/wp\/v2\/media?parent=10996"}],"wp:term":[{"taxonomy":"category","embeddable":true,"href":"http:\/\/www.pasadenahoy.com\/primero\/wp-json\/wp\/v2\/categories?post=10996"},{"taxonomy":"post_tag","embeddable":true,"href":"http:\/\/www.pasadenahoy.com\/primero\/wp-json\/wp\/v2\/tags?post=10996"}],"curies":[{"name":"wp","href":"https:\/\/api.w.org\/{rel}","templated":true}]}}