{"id":11011,"date":"2021-09-14T15:07:24","date_gmt":"2021-09-14T15:07:24","guid":{"rendered":"http:\/\/www.pasadenahoy.com\/primero\/?p=11011"},"modified":"2021-09-14T15:07:27","modified_gmt":"2021-09-14T15:07:27","slug":"el-consejo-presenta-la-primera-lectura-de-la-ordenanza-enmendada-sobre-el-cannabis-nuevamente","status":"publish","type":"post","link":"http:\/\/www.pasadenahoy.com\/primero\/la-comunidad\/el-consejo-presenta-la-primera-lectura-de-la-ordenanza-enmendada-sobre-el-cannabis-nuevamente\/","title":{"rendered":"El Consejo presenta la primera lectura de la Ordenanza enmendada sobre el cannabis &#8211; Nuevamente"},"content":{"rendered":"\n<figure class=\"wp-block-image alignnone size-large\"><figure class=\"alignnone\"><img loading=\"lazy\" width=\"700\" height=\"378\" src=\"http:\/\/www.pasadenahoy.com\/primero\/wp-content\/uploads\/2021\/09\/pic-1-4.jpg\" alt=\"\" class=\"wp-image-11012\" srcset=\"http:\/\/www.pasadenahoy.com\/primero\/wp-content\/uploads\/2021\/09\/pic-1-4.jpg 700w, http:\/\/www.pasadenahoy.com\/primero\/wp-content\/uploads\/2021\/09\/pic-1-4-300x162.jpg 300w, http:\/\/www.pasadenahoy.com\/primero\/wp-content\/uploads\/2021\/09\/pic-1-4-241x130.jpg 241w, http:\/\/www.pasadenahoy.com\/primero\/wp-content\/uploads\/2021\/09\/pic-1-4-333x180.jpg 333w, http:\/\/www.pasadenahoy.com\/primero\/wp-content\/uploads\/2021\/09\/pic-1-4-360x194.jpg 360w\" sizes=\"100vw\" \/><\/figure><\/figure>\n\n\n\n<p>El Ayuntamiento una vez m\u00e1s present\u00f3 la primera lectura de la ordenanza de cannabis enmendada de Pasadena el lunes.<\/p>\n\n\n\n<p>En agosto, el consejo vot\u00f3 para enmendar la ordenanza para aumentar el n\u00famero de dispensarios permitidos en la ciudad y cambiar los requisitos de distancia entre esos puntos de venta.<\/p>\n\n\n\n<p>Pero luego pospuso la primera lectura para que se pudiera hacer m\u00e1s trabajo.<\/p>\n\n\n\n<p>Las nuevas regulaciones permitir\u00e1n que el n\u00famero de minoristas de cannabis aumente de uno a tres en cada uno de los siete distritos del consejo de la ciudad y reducir\u00e1 la distancia requerida entre los minoristas de 1,000 pies a 450 pies.<\/p>\n\n\n\n<p>\u201cLa disminuci\u00f3n en la distancia de separaci\u00f3n y el aumento de hasta tres sitios por distrito del consejo abrir\u00e1n sitios potenciales adicionales. Se mantendr\u00e1 el l\u00edmite de seis permisos en toda la ciudad, de modo que el n\u00famero potencial absoluto de minoristas no aumentar\u00e1 \u201d, seg\u00fan un informe del personal de la ciudad. &#8220;Esta legislaci\u00f3n tambi\u00e9n es necesaria para corregir un error en la separaci\u00f3n de la distancia de los laboratorios de cannabis y otros usos del cannabis, para que sean compatibles con otros requisitos de separaci\u00f3n similares&#8221;.<\/p>\n\n\n\n<p>Los opositores a la nueva ordenanza se\u00f1alan la falta de un programa de equidad social.<\/p>\n\n\n\n<p>Los afroamericanos y los latinos fueron los m\u00e1s afectados por las acciones de aplicaci\u00f3n de la ley por las actividades ilegales de cannabis durante d\u00e9cadas, pero ahora se est\u00e1n eliminando las ventajas econ\u00f3micas de vender cannabis legalmente en muchas comunidades.<\/p>\n\n\n\n<p>En Pasadena, cost\u00f3 $ 14,000 solo para ingresar al proceso de aprobaci\u00f3n de cannabis de la ciudad, que algunos dicen que mantuvo a las minor\u00edas fuera del proceso.<\/p>\n\n\n\n<p>No se espera que la ciudad considere implementar un programa de equidad social para el comercio de cannabis hasta el pr\u00f3ximo a\u00f1o.<\/p>\n\n\n\n<p>En 2018, los votantes aprobaron la Medida CC, que permite un m\u00e1ximo de seis dispensarios y requiere que cada tienda mantenga una distancia de otros dispensarios, as\u00ed como de iglesias, escuelas, bibliotecas y parques.<\/p>\n\n\n\n<p>Las enmiendas propuestas eliminar\u00edan esos l\u00edmites de distancia mediante la adopci\u00f3n de requisitos impuestos por el estado.<\/p>\n\n\n\n<p>La ciudad eligi\u00f3 seis dispensarios en 2019 para avanzar en su proceso con Integral, Atrium, Sweetflower, MedMen, Harvest y Tony Fong.<\/p>\n\n\n\n<p>Hasta ahora, solo dos de esos dispensarios, Integral y Tony Fong, han abierto. Seg\u00fan un informe del personal, Harvest tiene planes de abrir en el Distrito 3.<\/p>\n","protected":false},"excerpt":{"rendered":"<p>El Ayuntamiento una vez m\u00e1s present\u00f3 la primera lectura de la ordenanza de cannabis enmendada de Pasadena el lunes. En agosto, el consejo vot\u00f3 para enmendar la ordenanza para aumentar el n\u00famero de dispensarios permitidos en la ciudad y cambiar los requisitos de distancia entre esos puntos de venta. Pero luego pospuso la primera lectura para que se pudiera hacer m\u00e1s trabajo. Las nuevas regulaciones permitir\u00e1n que el n\u00famero de minoristas de cannabis aumente de uno a tres en cada [&hellip;]<\/p>\n","protected":false},"author":4,"featured_media":11012,"comment_status":"open","ping_status":"closed","sticky":false,"template":"","format":"standard","meta":[],"categories":[4],"tags":[],"acf":[],"_links":{"self":[{"href":"http:\/\/www.pasadenahoy.com\/primero\/wp-json\/wp\/v2\/posts\/11011"}],"collection":[{"href":"http:\/\/www.pasadenahoy.com\/primero\/wp-json\/wp\/v2\/posts"}],"about":[{"href":"http:\/\/www.pasadenahoy.com\/primero\/wp-json\/wp\/v2\/types\/post"}],"author":[{"embeddable":true,"href":"http:\/\/www.pasadenahoy.com\/primero\/wp-json\/wp\/v2\/users\/4"}],"replies":[{"embeddable":true,"href":"http:\/\/www.pasadenahoy.com\/primero\/wp-json\/wp\/v2\/comments?post=11011"}],"version-history":[{"count":2,"href":"http:\/\/www.pasadenahoy.com\/primero\/wp-json\/wp\/v2\/posts\/11011\/revisions"}],"predecessor-version":[{"id":11014,"href":"http:\/\/www.pasadenahoy.com\/primero\/wp-json\/wp\/v2\/posts\/11011\/revisions\/11014"}],"wp:featuredmedia":[{"embeddable":true,"href":"http:\/\/www.pasadenahoy.com\/primero\/wp-json\/wp\/v2\/media\/11012"}],"wp:attachment":[{"href":"http:\/\/www.pasadenahoy.com\/primero\/wp-json\/wp\/v2\/media?parent=11011"}],"wp:term":[{"taxonomy":"category","embeddable":true,"href":"http:\/\/www.pasadenahoy.com\/primero\/wp-json\/wp\/v2\/categories?post=11011"},{"taxonomy":"post_tag","embeddable":true,"href":"http:\/\/www.pasadenahoy.com\/primero\/wp-json\/wp\/v2\/tags?post=11011"}],"curies":[{"name":"wp","href":"https:\/\/api.w.org\/{rel}","templated":true}]}}