{"id":11023,"date":"2021-09-14T15:23:10","date_gmt":"2021-09-14T15:23:10","guid":{"rendered":"http:\/\/www.pasadenahoy.com\/primero\/?p=11023"},"modified":"2021-09-14T15:23:12","modified_gmt":"2021-09-14T15:23:12","slug":"metro-ofrece-viajes-gratis-para-las-elecciones-de-destitucion-de-gobernador-del-martes","status":"publish","type":"post","link":"http:\/\/www.pasadenahoy.com\/primero\/la-comunidad\/metro-ofrece-viajes-gratis-para-las-elecciones-de-destitucion-de-gobernador-del-martes\/","title":{"rendered":"Metro ofrece viajes gratis para las elecciones de destituci\u00f3n de gobernador del martes"},"content":{"rendered":"\n<figure class=\"wp-block-image alignnone size-large\"><figure class=\"alignnone\"><img loading=\"lazy\" width=\"700\" height=\"378\" src=\"http:\/\/www.pasadenahoy.com\/primero\/wp-content\/uploads\/2021\/09\/pic-4-4.jpg\" alt=\"\" class=\"wp-image-11024\" srcset=\"http:\/\/www.pasadenahoy.com\/primero\/wp-content\/uploads\/2021\/09\/pic-4-4.jpg 700w, http:\/\/www.pasadenahoy.com\/primero\/wp-content\/uploads\/2021\/09\/pic-4-4-300x162.jpg 300w, http:\/\/www.pasadenahoy.com\/primero\/wp-content\/uploads\/2021\/09\/pic-4-4-241x130.jpg 241w, http:\/\/www.pasadenahoy.com\/primero\/wp-content\/uploads\/2021\/09\/pic-4-4-333x180.jpg 333w, http:\/\/www.pasadenahoy.com\/primero\/wp-content\/uploads\/2021\/09\/pic-4-4-360x194.jpg 360w\" sizes=\"100vw\" \/><\/figure><\/figure>\n\n\n\n<p>Pasadena Transit y Metro ofrecer\u00e1n viajes gratis en trenes y sistemas de bicicletas compartidas el martes el d\u00eda de las elecciones, uni\u00e9ndose a los autobuses que ya est\u00e1n libres para garantizar que las personas puedan votar en la elecci\u00f3n de destituci\u00f3n de gobernador.<\/p>\n\n\n\n<p>Los viajes en tren ser\u00e1n gratuitos desde la medianoche hasta las 11:50 p.m. Martes. Los autobuses del metro ya funcionan sin tarifa durante la pandemia. El sistema Bike Share de Metro ofrecer\u00e1 viajes gratis durante los primeros 30 minutos, seguidos de un costo de $ 1.75 por media hora.<\/p>\n\n\n\n<p>Los viajes gratuitos tambi\u00e9n ser\u00e1n ofrecidos por la Divisi\u00f3n de Transporte de Glendora, el Departamento de Obras P\u00fablicas del Condado de Los \u00c1ngeles, los Servicios de Transporte del Condado y las L\u00edneas de Autobuses de Montebello.<\/p>\n\n\n\n<p>Hay buzones de votaci\u00f3n oficiales disponibles en 10 ubicaciones de tr\u00e1nsito de Metro.<\/p>\n\n\n\n<p>En Pasadena, se han instalado buzones de votaci\u00f3n por correo en el Ayuntamiento y en los parques Brookside, Grant, Victory y Washington. Seg\u00fan LAvote.net, hay m\u00e1s de 400 buzones de seguridad ubicados en todo el condado de Los \u00c1ngeles. Las cajas se han colocado en los mismos lugares en los que estaban durante las elecciones presidenciales.<\/p>\n\n\n\n<p>La Oficina del Registrador-Registrador del Condado de Los \u00c1ngeles comenz\u00f3 a enviar boletas de voto por correo a los votantes registrados a principios de este mes.<\/p>\n\n\n\n<p>Se les pedir\u00e1 a los votantes que contesten dos preguntas en la boleta: 1) \u00bfEl gobernador Gavin Newsom ser\u00e1 destituido (removido) de la oficina de gobernador? 2) Candidatos para suceder a Gavin Newsom como gobernador si es llamado (seguido de una lista de candidatos para seleccionar).<\/p>\n","protected":false},"excerpt":{"rendered":"<p>Pasadena Transit y Metro ofrecer\u00e1n viajes gratis en trenes y sistemas de bicicletas compartidas el martes el d\u00eda de las elecciones, uni\u00e9ndose a los autobuses que ya est\u00e1n libres para garantizar que las personas puedan votar en la elecci\u00f3n de destituci\u00f3n de gobernador. Los viajes en tren ser\u00e1n gratuitos desde la medianoche hasta las 11:50 p.m. Martes. Los autobuses del metro ya funcionan sin tarifa durante la pandemia. El sistema Bike Share de Metro ofrecer\u00e1 viajes gratis durante los primeros [&hellip;]<\/p>\n","protected":false},"author":4,"featured_media":0,"comment_status":"open","ping_status":"closed","sticky":false,"template":"","format":"standard","meta":[],"categories":[4],"tags":[],"acf":[],"_links":{"self":[{"href":"http:\/\/www.pasadenahoy.com\/primero\/wp-json\/wp\/v2\/posts\/11023"}],"collection":[{"href":"http:\/\/www.pasadenahoy.com\/primero\/wp-json\/wp\/v2\/posts"}],"about":[{"href":"http:\/\/www.pasadenahoy.com\/primero\/wp-json\/wp\/v2\/types\/post"}],"author":[{"embeddable":true,"href":"http:\/\/www.pasadenahoy.com\/primero\/wp-json\/wp\/v2\/users\/4"}],"replies":[{"embeddable":true,"href":"http:\/\/www.pasadenahoy.com\/primero\/wp-json\/wp\/v2\/comments?post=11023"}],"version-history":[{"count":2,"href":"http:\/\/www.pasadenahoy.com\/primero\/wp-json\/wp\/v2\/posts\/11023\/revisions"}],"predecessor-version":[{"id":11026,"href":"http:\/\/www.pasadenahoy.com\/primero\/wp-json\/wp\/v2\/posts\/11023\/revisions\/11026"}],"wp:attachment":[{"href":"http:\/\/www.pasadenahoy.com\/primero\/wp-json\/wp\/v2\/media?parent=11023"}],"wp:term":[{"taxonomy":"category","embeddable":true,"href":"http:\/\/www.pasadenahoy.com\/primero\/wp-json\/wp\/v2\/categories?post=11023"},{"taxonomy":"post_tag","embeddable":true,"href":"http:\/\/www.pasadenahoy.com\/primero\/wp-json\/wp\/v2\/tags?post=11023"}],"curies":[{"name":"wp","href":"https:\/\/api.w.org\/{rel}","templated":true}]}}