{"id":11028,"date":"2021-09-14T15:30:12","date_gmt":"2021-09-14T15:30:12","guid":{"rendered":"http:\/\/www.pasadenahoy.com\/primero\/?p=11028"},"modified":"2021-09-14T15:30:14","modified_gmt":"2021-09-14T15:30:14","slug":"reloj-personalizado-robado-en-el-robo-de-un-auto-en-pasadena","status":"publish","type":"post","link":"http:\/\/www.pasadenahoy.com\/primero\/la-comunidad\/reloj-personalizado-robado-en-el-robo-de-un-auto-en-pasadena\/","title":{"rendered":"Reloj personalizado robado en el robo de un auto en Pasadena"},"content":{"rendered":"\n<figure class=\"wp-block-image alignnone size-large\"><figure class=\"alignnone\"><img loading=\"lazy\" width=\"340\" height=\"400\" src=\"http:\/\/www.pasadenahoy.com\/primero\/wp-content\/uploads\/2021\/09\/pic5.jpeg\" alt=\"\" class=\"wp-image-11029\" srcset=\"http:\/\/www.pasadenahoy.com\/primero\/wp-content\/uploads\/2021\/09\/pic5.jpeg 340w, http:\/\/www.pasadenahoy.com\/primero\/wp-content\/uploads\/2021\/09\/pic5-255x300.jpeg 255w, http:\/\/www.pasadenahoy.com\/primero\/wp-content\/uploads\/2021\/09\/pic5-111x130.jpeg 111w, http:\/\/www.pasadenahoy.com\/primero\/wp-content\/uploads\/2021\/09\/pic5-153x180.jpeg 153w\" sizes=\"100vw\" \/><figcaption><span class=\"caption-text\">(Foto cortes\u00eda de Lisa Borel)<\/span><\/figcaption><\/figure><\/figure>\n\n\n\n<p>Un reloj caro, hecho a medida y \u00fanico en su tipo con el sello de la ciudad de Pasadena fue robado en un robo de autom\u00f3vil el viernes, seg\u00fan las autoridades y la v\u00edctima.<\/p>\n\n\n\n<p>El crimen tuvo lugar poco antes de las 3:30 a.m. en el estacionamiento de un edificio de apartamentos en la cuadra 100 de North Wilson Avenue, dijo el teniente de polic\u00eda de Pasadena, Sean Dawkins.<\/p>\n\n\n\n<p>Un testigo llam\u00f3 a la polic\u00eda para informar que lo despert\u00f3 una alarma de autom\u00f3vil y vio un veh\u00edculo saliendo del garaje, dijo Dawkins.<\/p>\n\n\n\n<p>La v\u00edctima pronto descubri\u00f3 que la ventana trasera de su autom\u00f3vil se hab\u00eda roto y el reloj artesanal hecho a medida hab\u00eda sido sacado del interior.<\/p>\n\n\n\n<p>La due\u00f1a del veh\u00edculo, Lisa Borel, dijo que vio un video de vigilancia en el garaje de dos hombres entrando, saliendo y comprobando si las puertas de los autom\u00f3viles estaban abiertas.<\/p>\n\n\n\n<p>Ella dijo que vio a uno de los hombres sacar algo de su auto y romper su ventana para robar una caja que era visible. Dentro de esa caja, dijo, hab\u00eda un reloj artesanal \u00fanico en su tipo, hecho a medida, que conten\u00eda el sello de la ciudad de Pasadena con piedras preciosas en la esfera.<\/p>\n\n\n\n<p>Borel dijo que lo hizo especialmente y que estaba valorado en alrededor de $ 2,000. Agreg\u00f3 que est\u00e1 discapacitada y tuvo que someterse a un examen m\u00e9dico el d\u00eda antes del robo, lo que la dej\u00f3 demasiado d\u00e9bil para sacar el reloj de su autom\u00f3vil.<\/p>\n\n\n\n<p>La investigaci\u00f3n estaba en curso.<\/p>\n\n\n\n<p>Cualquier persona que tenga informaci\u00f3n puede comunicarse con el Departamento de Polic\u00eda de Pasadena al (626) 744-4501. Las propinas tambi\u00e9n se pueden enviar de forma an\u00f3nima a <a href=\"https:\/\/www.lacrimestoppers.org\/\">L.A. Regional Crime Stoppers <\/a>al (800) 222-8477.<br>More about this source textSource text required for additional translation information<\/p>\n","protected":false},"excerpt":{"rendered":"<p>Un reloj caro, hecho a medida y \u00fanico en su tipo con el sello de la ciudad de Pasadena fue robado en un robo de autom\u00f3vil el viernes, seg\u00fan las autoridades y la v\u00edctima. El crimen tuvo lugar poco antes de las 3:30 a.m. en el estacionamiento de un edificio de apartamentos en la cuadra 100 de North Wilson Avenue, dijo el teniente de polic\u00eda de Pasadena, Sean Dawkins. Un testigo llam\u00f3 a la polic\u00eda para informar que lo despert\u00f3 [&hellip;]<\/p>\n","protected":false},"author":4,"featured_media":0,"comment_status":"open","ping_status":"closed","sticky":false,"template":"","format":"standard","meta":[],"categories":[4],"tags":[],"acf":[],"_links":{"self":[{"href":"http:\/\/www.pasadenahoy.com\/primero\/wp-json\/wp\/v2\/posts\/11028"}],"collection":[{"href":"http:\/\/www.pasadenahoy.com\/primero\/wp-json\/wp\/v2\/posts"}],"about":[{"href":"http:\/\/www.pasadenahoy.com\/primero\/wp-json\/wp\/v2\/types\/post"}],"author":[{"embeddable":true,"href":"http:\/\/www.pasadenahoy.com\/primero\/wp-json\/wp\/v2\/users\/4"}],"replies":[{"embeddable":true,"href":"http:\/\/www.pasadenahoy.com\/primero\/wp-json\/wp\/v2\/comments?post=11028"}],"version-history":[{"count":2,"href":"http:\/\/www.pasadenahoy.com\/primero\/wp-json\/wp\/v2\/posts\/11028\/revisions"}],"predecessor-version":[{"id":11031,"href":"http:\/\/www.pasadenahoy.com\/primero\/wp-json\/wp\/v2\/posts\/11028\/revisions\/11031"}],"wp:attachment":[{"href":"http:\/\/www.pasadenahoy.com\/primero\/wp-json\/wp\/v2\/media?parent=11028"}],"wp:term":[{"taxonomy":"category","embeddable":true,"href":"http:\/\/www.pasadenahoy.com\/primero\/wp-json\/wp\/v2\/categories?post=11028"},{"taxonomy":"post_tag","embeddable":true,"href":"http:\/\/www.pasadenahoy.com\/primero\/wp-json\/wp\/v2\/tags?post=11028"}],"curies":[{"name":"wp","href":"https:\/\/api.w.org\/{rel}","templated":true}]}}