{"id":11039,"date":"2021-09-15T15:28:20","date_gmt":"2021-09-15T15:28:20","guid":{"rendered":"http:\/\/www.pasadenahoy.com\/primero\/?p=11039"},"modified":"2021-09-15T15:28:22","modified_gmt":"2021-09-15T15:28:22","slug":"newsom-sobrevive-al-esfuerzo-de-recordar-y-dice-que-el-apoyo-lo-humilla","status":"publish","type":"post","link":"http:\/\/www.pasadenahoy.com\/primero\/el-gobierno-local\/newsom-sobrevive-al-esfuerzo-de-recordar-y-dice-que-el-apoyo-lo-humilla\/","title":{"rendered":"Newsom sobrevive al esfuerzo de recordar y dice que el apoyo lo &#8220;humilla&#8221;"},"content":{"rendered":"\n<figure class=\"wp-block-image alignnone size-large\"><figure class=\"alignnone\"><img loading=\"lazy\" width=\"700\" height=\"378\" src=\"http:\/\/www.pasadenahoy.com\/primero\/wp-content\/uploads\/2021\/09\/pivc1.jpg\" alt=\"\" class=\"wp-image-11040\" srcset=\"http:\/\/www.pasadenahoy.com\/primero\/wp-content\/uploads\/2021\/09\/pivc1.jpg 700w, http:\/\/www.pasadenahoy.com\/primero\/wp-content\/uploads\/2021\/09\/pivc1-300x162.jpg 300w, http:\/\/www.pasadenahoy.com\/primero\/wp-content\/uploads\/2021\/09\/pivc1-241x130.jpg 241w, http:\/\/www.pasadenahoy.com\/primero\/wp-content\/uploads\/2021\/09\/pivc1-333x180.jpg 333w, http:\/\/www.pasadenahoy.com\/primero\/wp-content\/uploads\/2021\/09\/pivc1-360x194.jpg 360w\" sizes=\"100vw\" \/><figcaption><span class=\"caption-text\">Gobernador Gavin Newsom. (Foto de Gage Skidmore)<\/span><\/figcaption><\/figure><\/figure>\n\n\n\n<p>El gobernador Gavin Newsom sobrevivi\u00f3 a un esfuerzo de destituci\u00f3n el martes y dijo que se sinti\u00f3 &#8220;honrado&#8221; y &#8220;agradecido&#8221; por los votantes que brindaron su apoyo a &#8220;todas esas cosas que apreciamos como californianos&#8221;.<\/p>\n\n\n\n<p>Cuando se publicaron las declaraciones anticipadas el martes por la noche, la pregunta de si se deber\u00eda retirar a Newsom se encontr\u00f3 con un rotundo &#8220;no&#8221;, con casi el 70% de las votaciones tempranas que rechazaron la medida.<\/p>\n\n\n\n<p>A medida que se contabilizaron m\u00e1s devoluciones, Newsom mantuvo el apoyo de aproximadamente dos tercios de los votantes. Todas las redes y organizaciones de noticias importantes terminaron r\u00e1pidamente la carrera, menos de una hora despu\u00e9s del cierre de las urnas.<\/p>\n\n\n\n<p>Newsom, que parec\u00eda cansado de semanas de intensa campa\u00f1a, habl\u00f3 con sus partidarios en Sacramento y reclam\u00f3 la victoria, diciendo que el rotundo &#8220;no&#8221; era en apoyo de los ideales democr\u00e1ticos y progresistas y un rechazo de las divisiones c\u00ednicas.<\/p>\n\n\n\n<p>&#8220;Quiero centrarme en lo que dijimos que s\u00ed como estado&#8221;, dijo Newsom.<\/p>\n\n\n\n<p>\u201cDijimos que s\u00ed a la ciencia. Dijimos que s\u00ed a las vacunas. Dijimos que s\u00ed a poner fin a esta pandemia. Dijimos que s\u00ed al derecho de las personas a votar sin temor a fraudes falsos o supresi\u00f3n de votantes. Dijimos que s\u00ed al derecho constitucional fundamental de la mujer a decidir por s\u00ed misma lo que hace con su cuerpo, su destino y su futuro &#8220;.<\/p>\n\n\n\n<p>\u201cDijimos que s\u00ed a la diversidad. Dijimos que s\u00ed a la inclusi\u00f3n. \u2026 Dijimos que s\u00ed a todas esas cosas que apreciamos como californianos, y yo dir\u00eda que como estadounidenses: justicia econ\u00f3mica, justicia social, justicia racial, justicia ambiental. \u2026 Todas esas cosas estaban en la boleta electoral esta noche, por lo que me siento honrado y agradecido a los millones y millones de californianos que ejercieron su derecho fundamental al voto y se expresaron de manera tan abrumadora al rechazar la divisi\u00f3n, al rechazar el cinismo &#8220;.<\/p>\n\n\n\n<p>A\u00f1adi\u00f3: &#8220;Esta noche, me siento honrado, agradecido, pero resuelto en el esp\u00edritu de mi h\u00e9roe pol\u00edtico Robert Kennedy a hacer m\u00e1s suave la vida de este mundo&#8221;.<\/p>\n\n\n\n<p>La boleta de destituci\u00f3n conten\u00eda solo dos preguntas: \u00bfdeber\u00eda retirarse Newsom de su cargo y, de ser as\u00ed, cu\u00e1l de los 46 candidatos en la boleta o siete candidatos por escrito deber\u00eda reemplazarlo?<\/p>\n\n\n\n<p>Newsom necesitaba que el 50% o m\u00e1s votantes respondieran &#8220;no&#8221; a la primera pregunta para permanecer en el cargo. Con Newsom superando r\u00e1pida y convincentemente esa marca, la segunda pregunta se consider\u00f3 r\u00e1pidamente irrelevante.<\/p>\n\n\n\n<p>Si las cosas hubieran sido diferentes, el presentador de programas de entrevistas republicano Larry Elder habr\u00eda reclamado la oficina del gobernador. Elder obtuvo m\u00e1s del 40% de los votos anticipados, con el dem\u00f3crata Kevin Paffrath en un distante segundo lugar y el ex alcalde de San Diego Kevin Faulconer en tercer lugar.<\/p>\n\n\n\n<p>Faulconer, hablando antes de que se publicaran los resultados, posicion\u00f3 el retiro como &#8220;un refer\u00e9ndum sobre el fracaso de Gavin Newsom&#8221;, diciendo: &#8220;Es por eso que tantos californianos no solo firmaron la petici\u00f3n de retiro, sino que es por eso que los californianos en todas partes del estado, todos los partidos registros, est\u00e1n listos para un cambio en la parte superior &#8220;.<\/p>\n\n\n\n<p>Pero r\u00e1pidamente admiti\u00f3 la derrota el martes por la noche.<\/p>\n\n\n\n<p>&#8220;Est\u00e1 claro que nuestro trabajo en California no ha terminado&#8221;, dijo a sus seguidores. &#8220;Esta retirada mostr\u00f3 que si se mantiene el enfoque en Gavin Newsom, se le puede vencer \u2026 el enfoque de esta elecci\u00f3n se convirti\u00f3 en la pol\u00edtica y las personalidades nacionales&#8221;.<\/p>\n\n\n\n<p>Elder no se apresur\u00f3 a ceder. Los representantes de su campa\u00f1a insistieron en que la noche a\u00fan era joven, y expresaron la esperanza de que los republicanos reaparecieran cuando se contabilizaran los resultados de la votaci\u00f3n en persona.<\/p>\n\n\n\n<p>Con la victoria, Newsom evit\u00f3 el destino del ex gobernador de California Gray Davis, quien fue destituido de su cargo por destituci\u00f3n en 2003. Fue reemplazado por el actor Arnold Schwarzenegger.<\/p>\n","protected":false},"excerpt":{"rendered":"<p>El gobernador Gavin Newsom sobrevivi\u00f3 a un esfuerzo de destituci\u00f3n el martes y dijo que se sinti\u00f3 &#8220;honrado&#8221; y &#8220;agradecido&#8221; por los votantes que brindaron su apoyo a &#8220;todas esas cosas que apreciamos como californianos&#8221;. Cuando se publicaron las declaraciones anticipadas el martes por la noche, la pregunta de si se deber\u00eda retirar a Newsom se encontr\u00f3 con un rotundo &#8220;no&#8221;, con casi el 70% de las votaciones tempranas que rechazaron la medida. A medida que se contabilizaron m\u00e1s devoluciones, [&hellip;]<\/p>\n","protected":false},"author":4,"featured_media":11040,"comment_status":"open","ping_status":"closed","sticky":false,"template":"","format":"standard","meta":[],"categories":[6],"tags":[],"acf":[],"_links":{"self":[{"href":"http:\/\/www.pasadenahoy.com\/primero\/wp-json\/wp\/v2\/posts\/11039"}],"collection":[{"href":"http:\/\/www.pasadenahoy.com\/primero\/wp-json\/wp\/v2\/posts"}],"about":[{"href":"http:\/\/www.pasadenahoy.com\/primero\/wp-json\/wp\/v2\/types\/post"}],"author":[{"embeddable":true,"href":"http:\/\/www.pasadenahoy.com\/primero\/wp-json\/wp\/v2\/users\/4"}],"replies":[{"embeddable":true,"href":"http:\/\/www.pasadenahoy.com\/primero\/wp-json\/wp\/v2\/comments?post=11039"}],"version-history":[{"count":2,"href":"http:\/\/www.pasadenahoy.com\/primero\/wp-json\/wp\/v2\/posts\/11039\/revisions"}],"predecessor-version":[{"id":11042,"href":"http:\/\/www.pasadenahoy.com\/primero\/wp-json\/wp\/v2\/posts\/11039\/revisions\/11042"}],"wp:featuredmedia":[{"embeddable":true,"href":"http:\/\/www.pasadenahoy.com\/primero\/wp-json\/wp\/v2\/media\/11040"}],"wp:attachment":[{"href":"http:\/\/www.pasadenahoy.com\/primero\/wp-json\/wp\/v2\/media?parent=11039"}],"wp:term":[{"taxonomy":"category","embeddable":true,"href":"http:\/\/www.pasadenahoy.com\/primero\/wp-json\/wp\/v2\/categories?post=11039"},{"taxonomy":"post_tag","embeddable":true,"href":"http:\/\/www.pasadenahoy.com\/primero\/wp-json\/wp\/v2\/tags?post=11039"}],"curies":[{"name":"wp","href":"https:\/\/api.w.org\/{rel}","templated":true}]}}