{"id":11047,"date":"2021-09-15T15:41:16","date_gmt":"2021-09-15T15:41:16","guid":{"rendered":"http:\/\/www.pasadenahoy.com\/primero\/?p=11047"},"modified":"2021-09-15T15:59:20","modified_gmt":"2021-09-15T15:59:20","slug":"94-4-de-los-habitantes-de-pasadena-han-recibido-al-menos-1-vacuna-de-covid-19","status":"publish","type":"post","link":"http:\/\/www.pasadenahoy.com\/primero\/la-comunidad\/94-4-de-los-habitantes-de-pasadena-han-recibido-al-menos-1-vacuna-de-covid-19\/","title":{"rendered":"94.4% de los habitantes de Pasadena han recibido al menos 1 vacuna de COVID-19"},"content":{"rendered":"\n<figure class=\"wp-block-image alignnone size-large\"><figure class=\"alignnone\"><img loading=\"lazy\" width=\"700\" height=\"378\" src=\"http:\/\/www.pasadenahoy.com\/primero\/wp-content\/uploads\/2021\/09\/pic-3-2.jpg\" alt=\"\" class=\"wp-image-11048\" srcset=\"http:\/\/www.pasadenahoy.com\/primero\/wp-content\/uploads\/2021\/09\/pic-3-2.jpg 700w, http:\/\/www.pasadenahoy.com\/primero\/wp-content\/uploads\/2021\/09\/pic-3-2-300x162.jpg 300w, http:\/\/www.pasadenahoy.com\/primero\/wp-content\/uploads\/2021\/09\/pic-3-2-241x130.jpg 241w, http:\/\/www.pasadenahoy.com\/primero\/wp-content\/uploads\/2021\/09\/pic-3-2-333x180.jpg 333w, http:\/\/www.pasadenahoy.com\/primero\/wp-content\/uploads\/2021\/09\/pic-3-2-360x194.jpg 360w\" sizes=\"100vw\" \/><\/figure><\/figure>\n\n\n\n<p>Los funcionarios de salud p\u00fablica informaron el martes que el 94,4% de los habitantes de Pasadena con m\u00e1s de 12 a\u00f1os de edad m\u00ednima elegible hab\u00edan recibido al menos una vacuna COVID-19, mientras que la tasa de los que estaban completamente vacunados contra el virus aument\u00f3 al 86,7%.<\/p>\n\n\n\n<p>Mientras tanto, se detectaron 12 nuevas infecciones y no se reportaron nuevas muertes, seg\u00fan datos del Departamento de Salud P\u00fablica de Pasadena.<\/p>\n\n\n\n<p>El n\u00famero promedio de infecciones diarias durante la semana anterior disminuy\u00f3 a 16.<\/p>\n\n\n\n<p>Desde el inicio de la pandemia, se han documentado 12,985 casos de COVID-19 y 358 muertes, seg\u00fan muestran los registros.<\/p>\n\n\n\n<p>El Distrito Escolar Unificado de Pasadena inform\u00f3 dos infecciones entre los estudiantes y una entre el personal durante el per\u00edodo del 10 al 14 de septiembre.<\/p>\n\n\n\n<p>Desde el 1 de agosto, se han detectado un total de 104 casos entre estudiantes y 32 entre el personal desde el 1 de agosto, seg\u00fan los registros del PUSD.<\/p>\n\n\n\n<p>El Departamento de Salud P\u00fablica del Condado de Los \u00c1ngeles report\u00f3 1.725 infecciones y 27 muertes el martes, elevando los totales del condado a 1.435.163 casos de COVID-19 y 25.713 muertes.<\/p>\n\n\n\n<p>Los funcionarios del condado tambi\u00e9n informaron que 1.224 pacientes estaban siendo tratados por el virus en hospitales de todo el condado de Los \u00c1ngeles, y el 30% de ellos estaban alojados en unidades de cuidados intensivos.<\/p>\n\n\n\n<p>La tasa de positividad diaria en todo el condado se midi\u00f3 en 1,4%.<\/p>\n\n\n\n<p>Dado que la variante Delta extrainfecciosa contin\u00faa propag\u00e1ndose, la directora de salud p\u00fablica del condado de Los \u00c1ngeles, Barbara Ferrer, una vez m\u00e1s inst\u00f3 a tomar precauciones como la vacunaci\u00f3n y el enmascaramiento.<\/p>\n\n\n\n<p>&#8220;Con la variante Delta altamente transmisible que representa todas las cepas de COVID-19 secuenciadas recientemente en el condado de Los \u00c1ngeles y con un alto nivel continuo de propagaci\u00f3n durante meses, sigue siendo esencial enmascararse y vacunarse si es elegible&#8221;, dijo.<\/p>\n\n\n\n<p>\u201cSi bien tanto las personas vacunadas como las no vacunadas pueden infectarse, no estar vacunadas aumenta cuatro veces las posibilidades de infectarse, diez veces de ser hospitalizadas y m\u00e1s de diez veces de morir\u201d, dijo Ferrer. \u201cLa vacuna contin\u00faa haciendo su important\u00edsima labor de reducir dr\u00e1sticamente la enfermedad y el sufrimiento de COVID entre las personas vacunadas. La lucha ahora es vacunar a suficientes personas para romper el ciclo de altas tasas de transmisi\u00f3n \u201d.<\/p>\n\n\n\n<p>Los funcionarios de salud p\u00fablica a nivel estatal anunciaron 11,851 nuevas infecciones y 97 muertes el martes, lo que elev\u00f3 los totales pand\u00e9micos del estado a 4,372,806 casos de COVID-19 y 66,813 muertes.<\/p>\n\n\n\n<p>La tasa de positividad semanal en todo el estado se mantuvo en 4.4%, como se inform\u00f3 el lunes, seg\u00fan el Departamento de Salud P\u00fablica de California.<\/p>\n\n\n\n<p>Hasta el martes, el condado de Los \u00c1ngeles representaba el 33% de las infecciones por COVID-19 de California y el 38% de las muertes del estado.<\/p>\n","protected":false},"excerpt":{"rendered":"<p>Los funcionarios de salud p\u00fablica informaron el martes que el 94,4% de los habitantes de Pasadena con m\u00e1s de 12 a\u00f1os de edad m\u00ednima elegible hab\u00edan recibido al menos una vacuna COVID-19, mientras que la tasa de los que estaban completamente vacunados contra el virus aument\u00f3 al 86,7%. Mientras tanto, se detectaron 12 nuevas infecciones y no se reportaron nuevas muertes, seg\u00fan datos del Departamento de Salud P\u00fablica de Pasadena. El n\u00famero promedio de infecciones diarias durante la semana anterior [&hellip;]<\/p>\n","protected":false},"author":4,"featured_media":11048,"comment_status":"open","ping_status":"closed","sticky":false,"template":"","format":"standard","meta":[],"categories":[4],"tags":[],"acf":[],"_links":{"self":[{"href":"http:\/\/www.pasadenahoy.com\/primero\/wp-json\/wp\/v2\/posts\/11047"}],"collection":[{"href":"http:\/\/www.pasadenahoy.com\/primero\/wp-json\/wp\/v2\/posts"}],"about":[{"href":"http:\/\/www.pasadenahoy.com\/primero\/wp-json\/wp\/v2\/types\/post"}],"author":[{"embeddable":true,"href":"http:\/\/www.pasadenahoy.com\/primero\/wp-json\/wp\/v2\/users\/4"}],"replies":[{"embeddable":true,"href":"http:\/\/www.pasadenahoy.com\/primero\/wp-json\/wp\/v2\/comments?post=11047"}],"version-history":[{"count":2,"href":"http:\/\/www.pasadenahoy.com\/primero\/wp-json\/wp\/v2\/posts\/11047\/revisions"}],"predecessor-version":[{"id":11050,"href":"http:\/\/www.pasadenahoy.com\/primero\/wp-json\/wp\/v2\/posts\/11047\/revisions\/11050"}],"wp:featuredmedia":[{"embeddable":true,"href":"http:\/\/www.pasadenahoy.com\/primero\/wp-json\/wp\/v2\/media\/11048"}],"wp:attachment":[{"href":"http:\/\/www.pasadenahoy.com\/primero\/wp-json\/wp\/v2\/media?parent=11047"}],"wp:term":[{"taxonomy":"category","embeddable":true,"href":"http:\/\/www.pasadenahoy.com\/primero\/wp-json\/wp\/v2\/categories?post=11047"},{"taxonomy":"post_tag","embeddable":true,"href":"http:\/\/www.pasadenahoy.com\/primero\/wp-json\/wp\/v2\/tags?post=11047"}],"curies":[{"name":"wp","href":"https:\/\/api.w.org\/{rel}","templated":true}]}}