{"id":11051,"date":"2021-09-15T15:45:31","date_gmt":"2021-09-15T15:45:31","guid":{"rendered":"http:\/\/www.pasadenahoy.com\/primero\/?p=11051"},"modified":"2021-09-15T15:45:33","modified_gmt":"2021-09-15T15:45:33","slug":"disparos-en-el-barrio-de-pasadena","status":"publish","type":"post","link":"http:\/\/www.pasadenahoy.com\/primero\/la-comunidad\/disparos-en-el-barrio-de-pasadena\/","title":{"rendered":"Disparos en el barrio de Pasadena"},"content":{"rendered":"\n<figure class=\"wp-block-image alignnone size-large\"><figure class=\"alignnone\"><img loading=\"lazy\" width=\"700\" height=\"378\" src=\"http:\/\/www.pasadenahoy.com\/primero\/wp-content\/uploads\/2021\/09\/pic4-2.png\" alt=\"\" class=\"wp-image-11052\" srcset=\"http:\/\/www.pasadenahoy.com\/primero\/wp-content\/uploads\/2021\/09\/pic4-2.png 700w, http:\/\/www.pasadenahoy.com\/primero\/wp-content\/uploads\/2021\/09\/pic4-2-300x162.png 300w, http:\/\/www.pasadenahoy.com\/primero\/wp-content\/uploads\/2021\/09\/pic4-2-241x130.png 241w, http:\/\/www.pasadenahoy.com\/primero\/wp-content\/uploads\/2021\/09\/pic4-2-333x180.png 333w, http:\/\/www.pasadenahoy.com\/primero\/wp-content\/uploads\/2021\/09\/pic4-2-360x194.png 360w\" sizes=\"100vw\" \/><figcaption><span class=\"caption-text\">\u00a9 Colaboradores de OpenStreetMap<\/span><\/figcaption><\/figure><\/figure>\n\n\n\n<p>No se descubrieron v\u00edctimas despu\u00e9s de que se escucharan disparos en un vecindario residencial en Pasadena el lunes por la tarde, dijo la polic\u00eda.<\/p>\n\n\n\n<p>Se reportaron disparos alrededor de las 5:20 p.m. en el \u00e1rea de North Raymond Avenue y Villa Street, dijo el teniente de la polic\u00eda de Pasadena, Sean Dawkins.<\/p>\n\n\n\n<p>La polic\u00eda encontr\u00f3 casquillos de bala gastados en el lugar, pero no hab\u00eda se\u00f1ales de nadie que hubiera sido alcanzado por los disparos, dijo.<\/p>\n\n\n\n<p>Los testigos informaron que los disparos parec\u00edan provenir de un veh\u00edculo que pasaba, agreg\u00f3 Dawkins.<\/p>\n\n\n\n<p>No hubo m\u00e1s detalles disponibles.<\/p>\n\n\n\n<p>Cualquier persona que tenga informaci\u00f3n puede comunicarse con el Departamento de Polic\u00eda de Pasadena al (626) 744-4501. Las pistas tambi\u00e9n se pueden enviar de forma an\u00f3nima a <a href=\"https:\/\/www.lacrimestoppers.org\/\">L.A. Regional Crime Stoppers<\/a> al (800) 222-8477.<\/p>\n","protected":false},"excerpt":{"rendered":"<p>No se descubrieron v\u00edctimas despu\u00e9s de que se escucharan disparos en un vecindario residencial en Pasadena el lunes por la tarde, dijo la polic\u00eda. Se reportaron disparos alrededor de las 5:20 p.m. en el \u00e1rea de North Raymond Avenue y Villa Street, dijo el teniente de la polic\u00eda de Pasadena, Sean Dawkins. La polic\u00eda encontr\u00f3 casquillos de bala gastados en el lugar, pero no hab\u00eda se\u00f1ales de nadie que hubiera sido alcanzado por los disparos, dijo. Los testigos informaron que [&hellip;]<\/p>\n","protected":false},"author":4,"featured_media":0,"comment_status":"open","ping_status":"closed","sticky":false,"template":"","format":"standard","meta":[],"categories":[4],"tags":[],"acf":[],"_links":{"self":[{"href":"http:\/\/www.pasadenahoy.com\/primero\/wp-json\/wp\/v2\/posts\/11051"}],"collection":[{"href":"http:\/\/www.pasadenahoy.com\/primero\/wp-json\/wp\/v2\/posts"}],"about":[{"href":"http:\/\/www.pasadenahoy.com\/primero\/wp-json\/wp\/v2\/types\/post"}],"author":[{"embeddable":true,"href":"http:\/\/www.pasadenahoy.com\/primero\/wp-json\/wp\/v2\/users\/4"}],"replies":[{"embeddable":true,"href":"http:\/\/www.pasadenahoy.com\/primero\/wp-json\/wp\/v2\/comments?post=11051"}],"version-history":[{"count":2,"href":"http:\/\/www.pasadenahoy.com\/primero\/wp-json\/wp\/v2\/posts\/11051\/revisions"}],"predecessor-version":[{"id":11054,"href":"http:\/\/www.pasadenahoy.com\/primero\/wp-json\/wp\/v2\/posts\/11051\/revisions\/11054"}],"wp:attachment":[{"href":"http:\/\/www.pasadenahoy.com\/primero\/wp-json\/wp\/v2\/media?parent=11051"}],"wp:term":[{"taxonomy":"category","embeddable":true,"href":"http:\/\/www.pasadenahoy.com\/primero\/wp-json\/wp\/v2\/categories?post=11051"},{"taxonomy":"post_tag","embeddable":true,"href":"http:\/\/www.pasadenahoy.com\/primero\/wp-json\/wp\/v2\/tags?post=11051"}],"curies":[{"name":"wp","href":"https:\/\/api.w.org\/{rel}","templated":true}]}}