{"id":11059,"date":"2021-09-15T15:54:31","date_gmt":"2021-09-15T15:54:31","guid":{"rendered":"http:\/\/www.pasadenahoy.com\/primero\/?p=11059"},"modified":"2021-09-15T15:54:33","modified_gmt":"2021-09-15T15:54:33","slug":"juez-del-condado-de-los-angeles-amonestado-por-actividad-en-las-redes-sociales","status":"publish","type":"post","link":"http:\/\/www.pasadenahoy.com\/primero\/la-comunidad\/juez-del-condado-de-los-angeles-amonestado-por-actividad-en-las-redes-sociales\/","title":{"rendered":"Juez del condado de Los \u00c1ngeles amonestado por actividad en las redes sociales"},"content":{"rendered":"\n<figure class=\"wp-block-image alignnone size-large\"><figure class=\"alignnone\"><img loading=\"lazy\" width=\"700\" height=\"383\" src=\"http:\/\/www.pasadenahoy.com\/primero\/wp-content\/uploads\/2021\/09\/pic6-6.jpg\" alt=\"\" class=\"wp-image-11060\" srcset=\"http:\/\/www.pasadenahoy.com\/primero\/wp-content\/uploads\/2021\/09\/pic6-6.jpg 700w, http:\/\/www.pasadenahoy.com\/primero\/wp-content\/uploads\/2021\/09\/pic6-6-300x164.jpg 300w, http:\/\/www.pasadenahoy.com\/primero\/wp-content\/uploads\/2021\/09\/pic6-6-238x130.jpg 238w, http:\/\/www.pasadenahoy.com\/primero\/wp-content\/uploads\/2021\/09\/pic6-6-329x180.jpg 329w, http:\/\/www.pasadenahoy.com\/primero\/wp-content\/uploads\/2021\/09\/pic6-6-360x197.jpg 360w\" sizes=\"100vw\" \/><\/figure><\/figure>\n\n\n\n<p>Un juez de la Corte Superior del Condado de Los \u00c1ngeles fue amonestado p\u00fablicamente hoy por la Comisi\u00f3n de Desempe\u00f1o Judicial por su actividad en las redes sociales, incluido el uso de su cuenta personal de Facebook para unirse a un grupo que pide la destituci\u00f3n del fiscal de distrito del condado de Los \u00c1ngeles, George Gascon.<\/p>\n\n\n\n<p>La comisi\u00f3n determin\u00f3 que la actividad de Facebook del juez Michael J. O\u2019Gara &#8220;daba la apariencia de parcialidad contra el fiscal de distrito del condado de Los \u00c1ngeles&#8221;.<\/p>\n\n\n\n<p>&#8220;El juez era un participante activo en un grupo con m\u00e1s de 16.000 miembros, formado para oponerse a un funcionario electo, dando la apariencia de que respaldaba los objetivos y la actividad declarados del grupo&#8221;, concluy\u00f3 la comisi\u00f3n en su decisi\u00f3n y orden imponiendo la amonestaci\u00f3n p\u00fablica.<\/p>\n\n\n\n<p>&#8220;El juez O\u2019Gara public\u00f3 comentarios en los que expresaba un punto de vista partidista y&#8221; me gust\u00f3 &#8220;los comentarios de otros usuarios que expresan puntos de vista igualmente partidistas&#8221;.<\/p>\n\n\n\n<p>Posteriormente, O\u2019Gara reconoci\u00f3 que sus acciones eran &#8220;inapropiadas&#8221;, expres\u00f3 su arrepentimiento y se retir\u00f3 del grupo de Facebook, seg\u00fan la decisi\u00f3n de la comisi\u00f3n.<\/p>\n\n\n\n<p>La comisi\u00f3n tambi\u00e9n se\u00f1al\u00f3 que O&#8217;Gara manten\u00eda una cuenta p\u00fablica de Twitter, que desde entonces ha desactivado, en la que \u201cpublicaba comentarios (&#8216;tweets&#8217;), re-tuiteaba contenido o le gustaban tweets de otros usuarios que conten\u00edan puntos de vista partidistas sobre temas controvertidos. , suger\u00edan prejuicios contra determinadas clases de personas y eran indignas e indecorosas &#8220;. La actividad de Twitter incluy\u00f3 un tweet que suger\u00eda &#8220;un punto de vista partidista sobre el controvertido tema del control de armas&#8221; y otro que &#8220;parec\u00eda cr\u00edtico con los partidarios de Black Lives Matter que estaban ejerciendo su derecho de protesta de la Primera Enmienda&#8221;, seg\u00fan la comisi\u00f3n.<\/p>\n\n\n\n<p>La comisi\u00f3n tambi\u00e9n se\u00f1al\u00f3 que a O&#8217;Gara &#8220;le gust\u00f3 un tweet de otro usuario que suger\u00eda prejuicios raciales contra las personas de ascendencia china&#8221;, otro que &#8220;daba la apariencia de oposici\u00f3n a los inmigrantes&#8221; y uno que &#8220;parec\u00eda transmitir un sentimiento antimusulm\u00e1n y dio la apariencia de criticar el derecho de protesta de la Primera Enmienda ejercido por los participantes en la Marcha de las Mujeres \u201d, seg\u00fan el documento.<\/p>\n\n\n\n<p>&#8220;\u2026 La conducta del juez O\u2019Gara fue, como m\u00ednimo, una acci\u00f3n inapropiada&#8221;, concluy\u00f3 la comisi\u00f3n.<\/p>\n\n\n\n<p>O\u2019Gara es juez del Tribunal Superior de Los \u00c1ngeles desde 2009.<\/p>\n","protected":false},"excerpt":{"rendered":"<p>Un juez de la Corte Superior del Condado de Los \u00c1ngeles fue amonestado p\u00fablicamente hoy por la Comisi\u00f3n de Desempe\u00f1o Judicial por su actividad en las redes sociales, incluido el uso de su cuenta personal de Facebook para unirse a un grupo que pide la destituci\u00f3n del fiscal de distrito del condado de Los \u00c1ngeles, George Gascon. La comisi\u00f3n determin\u00f3 que la actividad de Facebook del juez Michael J. O\u2019Gara &#8220;daba la apariencia de parcialidad contra el fiscal de distrito [&hellip;]<\/p>\n","protected":false},"author":4,"featured_media":0,"comment_status":"open","ping_status":"closed","sticky":false,"template":"","format":"standard","meta":[],"categories":[4],"tags":[],"acf":[],"_links":{"self":[{"href":"http:\/\/www.pasadenahoy.com\/primero\/wp-json\/wp\/v2\/posts\/11059"}],"collection":[{"href":"http:\/\/www.pasadenahoy.com\/primero\/wp-json\/wp\/v2\/posts"}],"about":[{"href":"http:\/\/www.pasadenahoy.com\/primero\/wp-json\/wp\/v2\/types\/post"}],"author":[{"embeddable":true,"href":"http:\/\/www.pasadenahoy.com\/primero\/wp-json\/wp\/v2\/users\/4"}],"replies":[{"embeddable":true,"href":"http:\/\/www.pasadenahoy.com\/primero\/wp-json\/wp\/v2\/comments?post=11059"}],"version-history":[{"count":2,"href":"http:\/\/www.pasadenahoy.com\/primero\/wp-json\/wp\/v2\/posts\/11059\/revisions"}],"predecessor-version":[{"id":11062,"href":"http:\/\/www.pasadenahoy.com\/primero\/wp-json\/wp\/v2\/posts\/11059\/revisions\/11062"}],"wp:attachment":[{"href":"http:\/\/www.pasadenahoy.com\/primero\/wp-json\/wp\/v2\/media?parent=11059"}],"wp:term":[{"taxonomy":"category","embeddable":true,"href":"http:\/\/www.pasadenahoy.com\/primero\/wp-json\/wp\/v2\/categories?post=11059"},{"taxonomy":"post_tag","embeddable":true,"href":"http:\/\/www.pasadenahoy.com\/primero\/wp-json\/wp\/v2\/tags?post=11059"}],"curies":[{"name":"wp","href":"https:\/\/api.w.org\/{rel}","templated":true}]}}