{"id":11066,"date":"2021-09-16T15:11:56","date_gmt":"2021-09-16T15:11:56","guid":{"rendered":"http:\/\/www.pasadenahoy.com\/primero\/?p=11066"},"modified":"2021-09-16T15:11:58","modified_gmt":"2021-09-16T15:11:58","slug":"los-empleados-de-la-ciudad-deben-proporcionar-un-comprobante-de-estado-de-vacunacion-el-viernes","status":"publish","type":"post","link":"http:\/\/www.pasadenahoy.com\/primero\/la-comunidad\/los-empleados-de-la-ciudad-deben-proporcionar-un-comprobante-de-estado-de-vacunacion-el-viernes\/","title":{"rendered":"Los empleados de la ciudad deben proporcionar un comprobante de estado de vacunaci\u00f3n el viernes"},"content":{"rendered":"\n<figure class=\"wp-block-image alignnone size-large\"><figure class=\"alignnone\"><img loading=\"lazy\" width=\"700\" height=\"378\" src=\"http:\/\/www.pasadenahoy.com\/primero\/wp-content\/uploads\/2021\/09\/pic-1-5.jpg\" alt=\"\" class=\"wp-image-11067\" srcset=\"http:\/\/www.pasadenahoy.com\/primero\/wp-content\/uploads\/2021\/09\/pic-1-5.jpg 700w, http:\/\/www.pasadenahoy.com\/primero\/wp-content\/uploads\/2021\/09\/pic-1-5-300x162.jpg 300w, http:\/\/www.pasadenahoy.com\/primero\/wp-content\/uploads\/2021\/09\/pic-1-5-241x130.jpg 241w, http:\/\/www.pasadenahoy.com\/primero\/wp-content\/uploads\/2021\/09\/pic-1-5-333x180.jpg 333w, http:\/\/www.pasadenahoy.com\/primero\/wp-content\/uploads\/2021\/09\/pic-1-5-360x194.jpg 360w\" sizes=\"100vw\" \/><\/figure><\/figure>\n\n\n\n<p>De acuerdo con la pol\u00edtica de la ciudad, los empleados el viernes deben proporcionar prueba de su estado de vacunaci\u00f3n o solicitar una exenci\u00f3n o aplazamiento.<\/p>\n\n\n\n<p>La pol\u00edtica entr\u00f3 en vigor el 3 de septiembre.<\/p>\n\n\n\n<p>&#8220;Esperamos estar dando ejemplo de lo que es correcto hacer&#8221;, dijo el administrador de la ciudad Steve Mermell. \u201cTenemos la obligaci\u00f3n de proteger a nuestra comunidad ya nuestros empleados de la Ciudad, muchos de los cuales interact\u00faan a diario y en situaciones de emergencia. Es reconfortante ver que otras ciudades, empresas y organizaciones est\u00e1n haciendo lo mismo. Adem\u00e1s, el personal de la ciudad se ha reunido en numerosas ocasiones con todos nuestros sindicatos para discutir la pol\u00edtica de vacunaci\u00f3n, escuchar sus comentarios y responder preguntas. Existe un entendimiento de que estamos avanzando con la implementaci\u00f3n &#8220;.<\/p>\n\n\n\n<p>Los empleados a los que se les otorgue una exenci\u00f3n ser\u00e1n evaluados semanalmente. La prueba aceptable incluye una captura de pantalla del registro de vacunaci\u00f3n digital o una foto de la tarjeta de registro de vacunaci\u00f3n COVID-19 de los Centros para el Control y la Prevenci\u00f3n de Enfermedades (CDC) o la documentaci\u00f3n del proveedor de atenci\u00f3n m\u00e9dica del empleado.<\/p>\n\n\n\n<p>Seg\u00fan Mermell, un gran porcentaje de los m\u00e1s de 2.000 empleados de la ciudad ya han informado, pero la ciudad no sabr\u00e1 cu\u00e1ntos hasta el viernes.<\/p>\n\n\n\n<p>La ciudad tomar\u00e1 m\u00e1s medidas si los empleados no cumplen con la pol\u00edtica. Los funcionarios de la ciudad no revelaron qu\u00e9 acci\u00f3n se llevar\u00eda a cabo porque es un problema de personal y, por lo tanto, es confidencial.<\/p>\n\n\n\n<p>El lunes, el Concejo Municipal aprob\u00f3 un contrato de $ 925,000 con Mobile Health Medical Services PC para servicios de pruebas de COVID-19 para empleados de la ciudad.<\/p>\n\n\n\n<p>Desde el 15 de junio, cuando se levantaron la mayor\u00eda de las restricciones estatales, la tasa promedio de casos de incidentes diarios de COVID-19 en Pasadena ha aumentado en m\u00e1s del 600% para alcanzar el nivel de &#8220;Transmisi\u00f3n alta&#8221; de los Indicadores de nivel de transmisi\u00f3n comunitaria de los CDC.<\/p>\n\n\n\n<p>La variante Delta se propaga m\u00e1s f\u00e1cilmente entre las personas, y algunas investigaciones muestran que las personas transmiten la variante a otras antes de que las personas propaguen la cepa original del nuevo coronavirus.<\/p>\n\n\n\n<p>En julio, Pasadena se convirti\u00f3 en la primera ciudad del sur de California en exigir la vacunaci\u00f3n de sus empleados cuando Mermell anunci\u00f3 en una reuni\u00f3n del Concejo Municipal que se estaba redactando la pol\u00edtica.<\/p>\n\n\n\n<p>En el momento de ese anuncio, Mermell dijo que la tasa de vacunaci\u00f3n de los empleados de la ciudad estaba en el rango medio a alto del 60%.<\/p>\n\n\n\n<p>El martes, la ciudad inform\u00f3 que casi el 87% de los residentes locales mayores de 12 a\u00f1os estaban completamente vacunados contra el virus y el 94,4% hab\u00eda recibido al menos una inyecci\u00f3n.<br>Desde que comenz\u00f3 la pandemia, 12,985 residentes locales han sido infectados con COVID-19 y 358 de ellos han muerto.<\/p>\n\n\n\n<p>El martes, el Departamento de Salud P\u00fablica de Pasadena inform\u00f3 de 12 nuevas infecciones.<br>Seg\u00fan los cient\u00edficos, las personas no vacunadas podr\u00edan aumentar la posibilidad de m\u00e1s variantes, que tienen el potencial de ser m\u00e1s letales que la variante actual.<\/p>\n","protected":false},"excerpt":{"rendered":"<p>De acuerdo con la pol\u00edtica de la ciudad, los empleados el viernes deben proporcionar prueba de su estado de vacunaci\u00f3n o solicitar una exenci\u00f3n o aplazamiento. La pol\u00edtica entr\u00f3 en vigor el 3 de septiembre. &#8220;Esperamos estar dando ejemplo de lo que es correcto hacer&#8221;, dijo el administrador de la ciudad Steve Mermell. \u201cTenemos la obligaci\u00f3n de proteger a nuestra comunidad ya nuestros empleados de la Ciudad, muchos de los cuales interact\u00faan a diario y en situaciones de emergencia. Es [&hellip;]<\/p>\n","protected":false},"author":4,"featured_media":11067,"comment_status":"open","ping_status":"closed","sticky":false,"template":"","format":"standard","meta":[],"categories":[4],"tags":[],"acf":[],"_links":{"self":[{"href":"http:\/\/www.pasadenahoy.com\/primero\/wp-json\/wp\/v2\/posts\/11066"}],"collection":[{"href":"http:\/\/www.pasadenahoy.com\/primero\/wp-json\/wp\/v2\/posts"}],"about":[{"href":"http:\/\/www.pasadenahoy.com\/primero\/wp-json\/wp\/v2\/types\/post"}],"author":[{"embeddable":true,"href":"http:\/\/www.pasadenahoy.com\/primero\/wp-json\/wp\/v2\/users\/4"}],"replies":[{"embeddable":true,"href":"http:\/\/www.pasadenahoy.com\/primero\/wp-json\/wp\/v2\/comments?post=11066"}],"version-history":[{"count":2,"href":"http:\/\/www.pasadenahoy.com\/primero\/wp-json\/wp\/v2\/posts\/11066\/revisions"}],"predecessor-version":[{"id":11069,"href":"http:\/\/www.pasadenahoy.com\/primero\/wp-json\/wp\/v2\/posts\/11066\/revisions\/11069"}],"wp:featuredmedia":[{"embeddable":true,"href":"http:\/\/www.pasadenahoy.com\/primero\/wp-json\/wp\/v2\/media\/11067"}],"wp:attachment":[{"href":"http:\/\/www.pasadenahoy.com\/primero\/wp-json\/wp\/v2\/media?parent=11066"}],"wp:term":[{"taxonomy":"category","embeddable":true,"href":"http:\/\/www.pasadenahoy.com\/primero\/wp-json\/wp\/v2\/categories?post=11066"},{"taxonomy":"post_tag","embeddable":true,"href":"http:\/\/www.pasadenahoy.com\/primero\/wp-json\/wp\/v2\/tags?post=11066"}],"curies":[{"name":"wp","href":"https:\/\/api.w.org\/{rel}","templated":true}]}}