{"id":11074,"date":"2021-09-16T15:23:58","date_gmt":"2021-09-16T15:23:58","guid":{"rendered":"http:\/\/www.pasadenahoy.com\/primero\/?p=11074"},"modified":"2021-09-16T15:24:00","modified_gmt":"2021-09-16T15:24:00","slug":"pasadena-revisara-la-orden-del-condado-que-requiere-la-vacuna-covid-prueba-para-eventos-al-aire-libre-vacunas-para-bares-en-interiores","status":"publish","type":"post","link":"http:\/\/www.pasadenahoy.com\/primero\/la-comunidad\/pasadena-revisara-la-orden-del-condado-que-requiere-la-vacuna-covid-prueba-para-eventos-al-aire-libre-vacunas-para-bares-en-interiores\/","title":{"rendered":"Pasadena revisar\u00e1 la orden del condado que requiere la vacuna COVID \/ prueba para eventos al aire libre, vacunas para bares en interiores"},"content":{"rendered":"\n<figure class=\"wp-block-image alignnone size-large\"><figure class=\"alignnone\"><img loading=\"lazy\" width=\"700\" height=\"378\" src=\"http:\/\/www.pasadenahoy.com\/primero\/wp-content\/uploads\/2021\/09\/pic3-3.jpg\" alt=\"\" class=\"wp-image-11075\" srcset=\"http:\/\/www.pasadenahoy.com\/primero\/wp-content\/uploads\/2021\/09\/pic3-3.jpg 700w, http:\/\/www.pasadenahoy.com\/primero\/wp-content\/uploads\/2021\/09\/pic3-3-300x162.jpg 300w, http:\/\/www.pasadenahoy.com\/primero\/wp-content\/uploads\/2021\/09\/pic3-3-241x130.jpg 241w, http:\/\/www.pasadenahoy.com\/primero\/wp-content\/uploads\/2021\/09\/pic3-3-333x180.jpg 333w, http:\/\/www.pasadenahoy.com\/primero\/wp-content\/uploads\/2021\/09\/pic3-3-360x194.jpg 360w\" sizes=\"100vw\" \/><\/figure><\/figure>\n\n\n\n<p>Los funcionarios del Departamento de Salud P\u00fablica de Pasadena examinar\u00e1n una orden de salud revisada del condado de Los \u00c1ngeles que impondr\u00e1 nuevos mandatos de COVID-19 que requieren prueba de vacunaci\u00f3n o una prueba de COVID negativa para megaeventos al aire libre de 10,000 personas o m\u00e1s.<\/p>\n\n\n\n<p>&#8220;Estamos esperando revisar la orden de salud para determinar c\u00f3mo avanzaremos&#8221;, dijo Lisa Derderian, oficial de informaci\u00f3n p\u00fablica de Pasadena.<\/p>\n\n\n\n<p>Debido a que Pasadena tiene su propio Departamento de Salud P\u00fablica, la ciudad no est\u00e1 obligada a cumplir con la orden del condado, pero podr\u00eda adoptar una medida similar.<\/p>\n\n\n\n<p>La nueva orden de salud del condado, que se espera que se emita a finales de esta semana, tambi\u00e9n requerir\u00e1 prueba de vacunaci\u00f3n para todos los clientes y empleados en las partes interiores de bares, bodegas, cervecer\u00edas, clubes nocturnos y salones. La orden tambi\u00e9n requerir\u00e1 que los clientes y empleados tengan al menos una dosis de la vacuna antes del 7 de octubre y reciban su segunda dosis antes del 4 de noviembre.<\/p>\n\n\n\n<p>La orden recomendar\u00e1, pero no requerir\u00e1, la verificaci\u00f3n de vacunas para empleados y clientes en porciones interiores de restaurantes.<br>El Departamento de Salud P\u00fablica de la ciudad no est\u00e1 obligado a aceptar la orden.<\/p>\n\n\n\n<p>\u201cEsta orden modificada del funcionario de salud se alinea con la necesidad continua de reducir el riesgo de transmisi\u00f3n y aumentar la cobertura de vacunaci\u00f3n\u201d, dijo la directora de salud p\u00fablica del condado de Los \u00c1ngeles, Barbara Ferrer, a la Junta de Supervisores. &#8220;Este es un camino razonable a seguir que nos posicionar\u00e1 para poder romper mejor el ciclo de sobretensiones&#8221;.<\/p>\n\n\n\n<p>Ferrer dijo que los funcionarios de salud del condado &#8220;creen que los mandatos de vacunas dirigidas son ahora una estrategia muy importante para aumentar r\u00e1pidamente la cobertura de vacunaci\u00f3n en todo nuestro condado y poner fin a la pandemia&#8221;.<\/p>\n\n\n\n<p>El requisito de vacunaci\u00f3n \/ pruebas para megaeventos al aire libre, incluidos los juegos de los Dodgers, Rams y Chargers, entrar\u00e1 en vigencia el 7 de octubre.<\/p>\n\n\n\n<p>Los asistentes a los megaeventos en interiores de 5,000 o m\u00e1s personas ya deben mostrar un comprobante de vacunaci\u00f3n o una prueba de COVID negativa.<\/p>\n\n\n\n<p>Esta es una historia en desarrollo. Pasadena Now lo actualizar\u00e1 a medida que haya m\u00e1s informaci\u00f3n disponible.<\/p>\n","protected":false},"excerpt":{"rendered":"<p>Los funcionarios del Departamento de Salud P\u00fablica de Pasadena examinar\u00e1n una orden de salud revisada del condado de Los \u00c1ngeles que impondr\u00e1 nuevos mandatos de COVID-19 que requieren prueba de vacunaci\u00f3n o una prueba de COVID negativa para megaeventos al aire libre de 10,000 personas o m\u00e1s. &#8220;Estamos esperando revisar la orden de salud para determinar c\u00f3mo avanzaremos&#8221;, dijo Lisa Derderian, oficial de informaci\u00f3n p\u00fablica de Pasadena. Debido a que Pasadena tiene su propio Departamento de Salud P\u00fablica, la ciudad [&hellip;]<\/p>\n","protected":false},"author":4,"featured_media":11075,"comment_status":"open","ping_status":"closed","sticky":false,"template":"","format":"standard","meta":[],"categories":[4],"tags":[],"acf":[],"_links":{"self":[{"href":"http:\/\/www.pasadenahoy.com\/primero\/wp-json\/wp\/v2\/posts\/11074"}],"collection":[{"href":"http:\/\/www.pasadenahoy.com\/primero\/wp-json\/wp\/v2\/posts"}],"about":[{"href":"http:\/\/www.pasadenahoy.com\/primero\/wp-json\/wp\/v2\/types\/post"}],"author":[{"embeddable":true,"href":"http:\/\/www.pasadenahoy.com\/primero\/wp-json\/wp\/v2\/users\/4"}],"replies":[{"embeddable":true,"href":"http:\/\/www.pasadenahoy.com\/primero\/wp-json\/wp\/v2\/comments?post=11074"}],"version-history":[{"count":2,"href":"http:\/\/www.pasadenahoy.com\/primero\/wp-json\/wp\/v2\/posts\/11074\/revisions"}],"predecessor-version":[{"id":11077,"href":"http:\/\/www.pasadenahoy.com\/primero\/wp-json\/wp\/v2\/posts\/11074\/revisions\/11077"}],"wp:featuredmedia":[{"embeddable":true,"href":"http:\/\/www.pasadenahoy.com\/primero\/wp-json\/wp\/v2\/media\/11075"}],"wp:attachment":[{"href":"http:\/\/www.pasadenahoy.com\/primero\/wp-json\/wp\/v2\/media?parent=11074"}],"wp:term":[{"taxonomy":"category","embeddable":true,"href":"http:\/\/www.pasadenahoy.com\/primero\/wp-json\/wp\/v2\/categories?post=11074"},{"taxonomy":"post_tag","embeddable":true,"href":"http:\/\/www.pasadenahoy.com\/primero\/wp-json\/wp\/v2\/tags?post=11074"}],"curies":[{"name":"wp","href":"https:\/\/api.w.org\/{rel}","templated":true}]}}