{"id":11078,"date":"2021-09-16T15:30:10","date_gmt":"2021-09-16T15:30:10","guid":{"rendered":"http:\/\/www.pasadenahoy.com\/primero\/?p=11078"},"modified":"2021-09-16T15:30:12","modified_gmt":"2021-09-16T15:30:12","slug":"la-comunidad-judia-de-pasadena-celebra-yom-kippur-el-dia-mas-sagrado-del-judaismo","status":"publish","type":"post","link":"http:\/\/www.pasadenahoy.com\/primero\/la-comunidad\/la-comunidad-judia-de-pasadena-celebra-yom-kippur-el-dia-mas-sagrado-del-judaismo\/","title":{"rendered":"La comunidad jud\u00eda de Pasadena celebra Yom Kippur, el d\u00eda m\u00e1s sagrado del juda\u00edsmo"},"content":{"rendered":"\n<figure class=\"wp-block-image alignnone size-large\"><figure class=\"alignnone\"><img loading=\"lazy\" width=\"700\" height=\"378\" src=\"http:\/\/www.pasadenahoy.com\/primero\/wp-content\/uploads\/2021\/09\/pic-3-3.jpg\" alt=\"\" class=\"wp-image-11079\" srcset=\"http:\/\/www.pasadenahoy.com\/primero\/wp-content\/uploads\/2021\/09\/pic-3-3.jpg 700w, http:\/\/www.pasadenahoy.com\/primero\/wp-content\/uploads\/2021\/09\/pic-3-3-300x162.jpg 300w, http:\/\/www.pasadenahoy.com\/primero\/wp-content\/uploads\/2021\/09\/pic-3-3-241x130.jpg 241w, http:\/\/www.pasadenahoy.com\/primero\/wp-content\/uploads\/2021\/09\/pic-3-3-333x180.jpg 333w, http:\/\/www.pasadenahoy.com\/primero\/wp-content\/uploads\/2021\/09\/pic-3-3-360x194.jpg 360w\" sizes=\"100vw\" \/><figcaption><span class=\"caption-text\">(Imagen de John Theodor \/ Shutterstock)<\/span><\/figcaption><\/figure><\/figure>\n\n\n\n<p>Los miembros de la comunidad jud\u00eda de Pasadena est\u00e1n celebrando Yom Kippur, el d\u00eda m\u00e1s sagrado y sombr\u00edo del juda\u00edsmo, que comenz\u00f3 al atardecer del mi\u00e9rcoles.<\/p>\n\n\n\n<p>La festividad est\u00e1 reservada para la reflexi\u00f3n, el arrepentimiento y el perd\u00f3n, seg\u00fan el Templo y Centro Jud\u00edo de Pasadena.<\/p>\n\n\n\n<p>El PJTC est\u00e1 llevando a cabo servicios en vivo y en persona durante todo el d\u00eda de hoy, al igual que el Jabad de Pasadena.<\/p>\n\n\n\n<p>&#8220;El a\u00f1o pasado, durante las fiestas de fin de a\u00f1o, cuando los servicios interiores en Los \u00c1ngeles estaban prohibidos por orden de salud p\u00fablica, la comunidad jud\u00eda encontr\u00f3 formas de estar juntos espiritualmente, incluso cuando estaban separados f\u00edsicamente&#8221;, dijo el rabino Ilana Grinblat, vicepresidente de participaci\u00f3n comunitaria de la Junta de Rabinos del sur de California en la Federaci\u00f3n Jud\u00eda del Gran Los \u00c1ngeles.<\/p>\n\n\n\n<p>\u201cLos servicios virtuales nos dieron la capacidad de trascender la geograf\u00eda y unirnos con personas de todo el pa\u00eds y del mundo en oraci\u00f3n, canto y aprendizaje. A medida que la pandemia contin\u00faa, este medio sigue siendo una forma poderosa de conexi\u00f3n para muchas sinagogas &#8220;.<\/p>\n\n\n\n<p>Yom Kipur concluye al atardecer del jueves, terminando el per\u00edodo de 10 d\u00edas en el calendario jud\u00edo conocido como D\u00edas de Teshuv\u00e1, que se traduce de diversas maneras como arrepentimiento, regreso y cambio. Muchos jud\u00edos ayunan en Yom Kipur y habitualmente pasan gran parte del tiempo en las sinagogas.<\/p>\n\n\n\n<p>Seg\u00fan la tradici\u00f3n jud\u00eda, Yom Kipur es el d\u00eda en que Mois\u00e9s baj\u00f3 del monte Sina\u00ed con el segundo juego de tablas de los mandamientos (hab\u00eda roto la primera) y anunci\u00f3 el perd\u00f3n de Dios al pueblo por adorar un becerro de oro.<\/p>\n\n\n\n<p>Los jud\u00edos observantes creen que Dios inscribe los nombres de los justos en el Libro de la Vida en Rosh Hashan\u00e1 y sella el libro en Yom Kippur, 10 d\u00edas despu\u00e9s.<\/p>\n\n\n\n<p>Por esa raz\u00f3n, el saludo tradicional entre los jud\u00edos en Yom Kipur es Gemar Chatima Tova, que significa &#8220;buen sellado final&#8221; y transmite el deseo: &#8220;Que tu nombre sea sellado en el libro de la vida&#8221;.<\/p>\n\n\n\n<p>Los servicios de Yom Kipur comienzan con el Kol Nidre, una oraci\u00f3n antigua que literalmente significa &#8220;todos los votos&#8221; o &#8220;todas las promesas&#8221;. El \u00faltimo servicio del d\u00eda termina con el sonido de un shofar.<\/p>\n\n\n\n<p>En su mensaje de Yom Kipur, el presidente Joe Biden dijo: \u201cDurante milenios, las comunidades jud\u00edas han marcado a Yom Kipur como una ocasi\u00f3n para reflexionar y orar; ayuna y busca el perd\u00f3n; dar cuenta de las transgresiones pasadas y comprometerse con el cambio futuro.<\/p>\n\n\n\n<p>\u201cEn su esencia, este d\u00eda sagrado y solemne reafirma un principio universal en la esencia de nuestra humanidad: que, a trav\u00e9s de la palabra y los hechos, cada uno de nosotros tiene la capacidad de corregir errores, reparar divisiones y sanar heridas. Que cada lugar donde nos hemos quedado cortos brinda una oportunidad de crecimiento, y que al reconocer las deficiencias con honestidad y humildad, ante nuestro Creador y entre nosotros, podemos forjar un futuro m\u00e1s prometedor para nosotros, para nuestras comunidades y para nuestro pa\u00eds. &#8220;<\/p>\n","protected":false},"excerpt":{"rendered":"<p>Los miembros de la comunidad jud\u00eda de Pasadena est\u00e1n celebrando Yom Kippur, el d\u00eda m\u00e1s sagrado y sombr\u00edo del juda\u00edsmo, que comenz\u00f3 al atardecer del mi\u00e9rcoles. La festividad est\u00e1 reservada para la reflexi\u00f3n, el arrepentimiento y el perd\u00f3n, seg\u00fan el Templo y Centro Jud\u00edo de Pasadena. El PJTC est\u00e1 llevando a cabo servicios en vivo y en persona durante todo el d\u00eda de hoy, al igual que el Jabad de Pasadena. &#8220;El a\u00f1o pasado, durante las fiestas de fin de [&hellip;]<\/p>\n","protected":false},"author":4,"featured_media":0,"comment_status":"open","ping_status":"closed","sticky":false,"template":"","format":"standard","meta":[],"categories":[4],"tags":[],"acf":[],"_links":{"self":[{"href":"http:\/\/www.pasadenahoy.com\/primero\/wp-json\/wp\/v2\/posts\/11078"}],"collection":[{"href":"http:\/\/www.pasadenahoy.com\/primero\/wp-json\/wp\/v2\/posts"}],"about":[{"href":"http:\/\/www.pasadenahoy.com\/primero\/wp-json\/wp\/v2\/types\/post"}],"author":[{"embeddable":true,"href":"http:\/\/www.pasadenahoy.com\/primero\/wp-json\/wp\/v2\/users\/4"}],"replies":[{"embeddable":true,"href":"http:\/\/www.pasadenahoy.com\/primero\/wp-json\/wp\/v2\/comments?post=11078"}],"version-history":[{"count":2,"href":"http:\/\/www.pasadenahoy.com\/primero\/wp-json\/wp\/v2\/posts\/11078\/revisions"}],"predecessor-version":[{"id":11081,"href":"http:\/\/www.pasadenahoy.com\/primero\/wp-json\/wp\/v2\/posts\/11078\/revisions\/11081"}],"wp:attachment":[{"href":"http:\/\/www.pasadenahoy.com\/primero\/wp-json\/wp\/v2\/media?parent=11078"}],"wp:term":[{"taxonomy":"category","embeddable":true,"href":"http:\/\/www.pasadenahoy.com\/primero\/wp-json\/wp\/v2\/categories?post=11078"},{"taxonomy":"post_tag","embeddable":true,"href":"http:\/\/www.pasadenahoy.com\/primero\/wp-json\/wp\/v2\/tags?post=11078"}],"curies":[{"name":"wp","href":"https:\/\/api.w.org\/{rel}","templated":true}]}}