{"id":11086,"date":"2021-09-16T15:47:18","date_gmt":"2021-09-16T15:47:18","guid":{"rendered":"http:\/\/www.pasadenahoy.com\/primero\/?p=11086"},"modified":"2021-09-16T15:47:20","modified_gmt":"2021-09-16T15:47:20","slug":"conductor-sospechoso-de-dui-dominado-con-armas-menos-letales-luego-de-persecucion-a-baja-velocidad-en-pasadena","status":"publish","type":"post","link":"http:\/\/www.pasadenahoy.com\/primero\/la-comunidad\/conductor-sospechoso-de-dui-dominado-con-armas-menos-letales-luego-de-persecucion-a-baja-velocidad-en-pasadena\/","title":{"rendered":"Conductor sospechoso de DUI dominado con armas menos letales luego de persecuci\u00f3n a baja velocidad en Pasadena"},"content":{"rendered":"\n<figure class=\"wp-block-image alignnone size-large\"><figure class=\"alignnone\"><img loading=\"lazy\" width=\"700\" height=\"378\" src=\"http:\/\/www.pasadenahoy.com\/primero\/wp-content\/uploads\/2021\/09\/pic-6-1.jpg\" alt=\"\" class=\"wp-image-11087\" srcset=\"http:\/\/www.pasadenahoy.com\/primero\/wp-content\/uploads\/2021\/09\/pic-6-1.jpg 700w, http:\/\/www.pasadenahoy.com\/primero\/wp-content\/uploads\/2021\/09\/pic-6-1-300x162.jpg 300w, http:\/\/www.pasadenahoy.com\/primero\/wp-content\/uploads\/2021\/09\/pic-6-1-241x130.jpg 241w, http:\/\/www.pasadenahoy.com\/primero\/wp-content\/uploads\/2021\/09\/pic-6-1-333x180.jpg 333w, http:\/\/www.pasadenahoy.com\/primero\/wp-content\/uploads\/2021\/09\/pic-6-1-360x194.jpg 360w\" sizes=\"100vw\" \/><figcaption><span class=\"caption-text\">Cortes\u00eda de Google Maps<\/span><\/figcaption><\/figure><\/figure>\n\n\n\n<p>La polic\u00eda finalmente us\u00f3 un Taser y un proyectil menos letal para someter a un presunto conductor de DUI que los condujo en una breve persecuci\u00f3n a baja velocidad a trav\u00e9s de Pasadena el martes por la tarde, dijeron las autoridades.<\/p>\n\n\n\n<p>El incidente comenz\u00f3 alrededor de la 1:15 p.m. cuando los agentes intentaron detener un autom\u00f3vil por una infracci\u00f3n de tr\u00e1nsito en el \u00e1rea de El Molino Avenue y Walnut Street, dijo el teniente de polic\u00eda de Pasadena, Sean Dawkins.<\/p>\n\n\n\n<p>&#8220;El conductor se neg\u00f3 a detenerse y se produjo una persecuci\u00f3n&#8221;, dijo Dawkins.<\/p>\n\n\n\n<p>La polic\u00eda continu\u00f3 persiguiendo al autom\u00f3vil a baja velocidad durante poco menos de una milla hasta que se detuvo en la cuadra 400 de North Garfield Avenue, seg\u00fan Dawkins.<\/p>\n\n\n\n<p>\u201cPero luego se resisti\u00f3 al arresto una vez que sali\u00f3 del auto\u201d, dijo el teniente.<\/p>\n\n\n\n<p>Los oficiales usaron tanto un Taser como un lanzador de proyectiles menos letal para someter al hombre y detenerlo.<\/p>\n\n\n\n<p>Decorey Lamont Harrington, de 35 a\u00f1os, de Pasadena fue arrestado bajo sospecha de DUI, evadiendo a la polic\u00eda y resisti\u00e9ndose al arresto, seg\u00fan la polic\u00eda y los registros de registro del condado de Los \u00c1ngeles. Fue fichado en el Departamento de Polic\u00eda de Pasadena y puesto en libertad con una citaci\u00f3n pendiente de procedimientos legales.<br>More about this source textSource text required for additional translation information<\/p>\n","protected":false},"excerpt":{"rendered":"<p>La polic\u00eda finalmente us\u00f3 un Taser y un proyectil menos letal para someter a un presunto conductor de DUI que los condujo en una breve persecuci\u00f3n a baja velocidad a trav\u00e9s de Pasadena el martes por la tarde, dijeron las autoridades. El incidente comenz\u00f3 alrededor de la 1:15 p.m. cuando los agentes intentaron detener un autom\u00f3vil por una infracci\u00f3n de tr\u00e1nsito en el \u00e1rea de El Molino Avenue y Walnut Street, dijo el teniente de polic\u00eda de Pasadena, Sean Dawkins. [&hellip;]<\/p>\n","protected":false},"author":4,"featured_media":0,"comment_status":"open","ping_status":"closed","sticky":false,"template":"","format":"standard","meta":[],"categories":[4],"tags":[],"acf":[],"_links":{"self":[{"href":"http:\/\/www.pasadenahoy.com\/primero\/wp-json\/wp\/v2\/posts\/11086"}],"collection":[{"href":"http:\/\/www.pasadenahoy.com\/primero\/wp-json\/wp\/v2\/posts"}],"about":[{"href":"http:\/\/www.pasadenahoy.com\/primero\/wp-json\/wp\/v2\/types\/post"}],"author":[{"embeddable":true,"href":"http:\/\/www.pasadenahoy.com\/primero\/wp-json\/wp\/v2\/users\/4"}],"replies":[{"embeddable":true,"href":"http:\/\/www.pasadenahoy.com\/primero\/wp-json\/wp\/v2\/comments?post=11086"}],"version-history":[{"count":2,"href":"http:\/\/www.pasadenahoy.com\/primero\/wp-json\/wp\/v2\/posts\/11086\/revisions"}],"predecessor-version":[{"id":11089,"href":"http:\/\/www.pasadenahoy.com\/primero\/wp-json\/wp\/v2\/posts\/11086\/revisions\/11089"}],"wp:attachment":[{"href":"http:\/\/www.pasadenahoy.com\/primero\/wp-json\/wp\/v2\/media?parent=11086"}],"wp:term":[{"taxonomy":"category","embeddable":true,"href":"http:\/\/www.pasadenahoy.com\/primero\/wp-json\/wp\/v2\/categories?post=11086"},{"taxonomy":"post_tag","embeddable":true,"href":"http:\/\/www.pasadenahoy.com\/primero\/wp-json\/wp\/v2\/tags?post=11086"}],"curies":[{"name":"wp","href":"https:\/\/api.w.org\/{rel}","templated":true}]}}