{"id":11095,"date":"2021-09-17T15:09:09","date_gmt":"2021-09-17T15:09:09","guid":{"rendered":"http:\/\/www.pasadenahoy.com\/primero\/?p=11095"},"modified":"2021-09-17T15:09:12","modified_gmt":"2021-09-17T15:09:12","slug":"el-abogado-de-la-ciudad-dice-que-ninguna-orden-de-restriccion-esta-bloqueando-la-investigacion-de-la-muerte-por-disparos-de-anthony-mcclain-involucrada-por-un-oficial","status":"publish","type":"post","link":"http:\/\/www.pasadenahoy.com\/primero\/la-comunidad\/el-abogado-de-la-ciudad-dice-que-ninguna-orden-de-restriccion-esta-bloqueando-la-investigacion-de-la-muerte-por-disparos-de-anthony-mcclain-involucrada-por-un-oficial\/","title":{"rendered":"El abogado de la ciudad dice que ninguna orden de restricci\u00f3n est\u00e1 bloqueando la investigaci\u00f3n de la muerte por disparos de Anthony McClain involucrada por un oficial"},"content":{"rendered":"\n<figure class=\"wp-block-image alignnone size-large\"><figure class=\"alignnone\"><img loading=\"lazy\" width=\"700\" height=\"378\" src=\"http:\/\/www.pasadenahoy.com\/primero\/wp-content\/uploads\/2021\/09\/pic-1-6.jpg\" alt=\"\" class=\"wp-image-11096\" srcset=\"http:\/\/www.pasadenahoy.com\/primero\/wp-content\/uploads\/2021\/09\/pic-1-6.jpg 700w, http:\/\/www.pasadenahoy.com\/primero\/wp-content\/uploads\/2021\/09\/pic-1-6-300x162.jpg 300w, http:\/\/www.pasadenahoy.com\/primero\/wp-content\/uploads\/2021\/09\/pic-1-6-241x130.jpg 241w, http:\/\/www.pasadenahoy.com\/primero\/wp-content\/uploads\/2021\/09\/pic-1-6-333x180.jpg 333w, http:\/\/www.pasadenahoy.com\/primero\/wp-content\/uploads\/2021\/09\/pic-1-6-360x194.jpg 360w\" sizes=\"100vw\" \/><figcaption><span class=\"caption-text\">La abogada de la ciudad de Pasadena, Michele Bagneris, durante la reuni\u00f3n del Concejo Municipal el lunes 13 de septiembre de 2021. (Imagen cortes\u00eda de KPAS)<\/span><\/figcaption><\/figure><\/figure>\n\n\n\n<p>En respuesta a las declaraciones hechas por las personas que llaman durante los comentarios p\u00fablicos en la reuni\u00f3n del Consejo de la Ciudad de Pasadena el lunes, afirmando que la ciudad hab\u00eda colocado una &#8220;orden de restricci\u00f3n&#8221; en documentos y videos relacionados con un tiroteo fatal en el que estuvo involucrado un oficial, la abogada de la ciudad, Michelle Bagneris, emiti\u00f3 un comunicado el jueves refutando esos afirmaciones.<\/p>\n\n\n\n<p>Anthony McClain era un pasajero en un autom\u00f3vil que fue detenido por la polic\u00eda el 15 de agosto de 2020 en North Raymond Avenue cerca del parque La Pintoresca por no mostrar una placa frontal.<\/p>\n\n\n\n<p>Despu\u00e9s de que se les pidi\u00f3 al conductor y a McClain que salieran del autom\u00f3vil, McClain huy\u00f3 de los oficiales. La polic\u00eda dice que McClain se quit\u00f3 una pistola de la cintura mientras hu\u00eda, lo que provoc\u00f3 que el oficial Edwin Dumaguindin abriera fuego. McClain continu\u00f3 corriendo una corta distancia antes de arrojar el arma al otro lado de la calle y colapsar, seg\u00fan la polic\u00eda.<\/p>\n\n\n\n<p>Algunos residentes locales dicen que no ven un arma en las im\u00e1genes de video del evento. La polic\u00eda dice que se encontr\u00f3 un arma en el lugar.<\/p>\n\n\n\n<p>Los investigadores dicen que el ADN de McClain se recuper\u00f3 del arma.<\/p>\n\n\n\n<p>Seg\u00fan las personas que llamaron el lunes por la noche, la ciudad obtuvo una orden de restricci\u00f3n que proh\u00edbe al fiscal de distrito del condado de Los \u00c1ngeles, George Gascon, ver las pruebas del caso, incluidas im\u00e1genes de video sin procesar del tiroteo de McClain.<\/p>\n\n\n\n<p>\u201cLa ciudad de Pasadena est\u00e1 obstruyendo la justicia al retener evidencia en este caso de Anthony McClain\u201d, dijo Jane Ward de Show Up for Racial Justice. &#8220;La orden de protecci\u00f3n sobre los informes policiales y las im\u00e1genes de las c\u00e1maras corporales debe levantarse para que el fiscal del distrito pueda tomar las medidas adecuadas en este caso&#8221;.<\/p>\n\n\n\n<p>La ley estatal permite que la ciudad retenga documentos del p\u00fablico durante las investigaciones penales. Sin embargo, el video del tiroteo de McClain se public\u00f3 dentro de los cinco d\u00edas posteriores al tiroteo. Algunas im\u00e1genes de las secuelas del evento en el parque La Pintoresca se publicaron anteriormente.<\/p>\n\n\n\n<p>A principios de este verano, la ciudad elimin\u00f3 de su sitio web im\u00e1genes de tiroteos involucrados por oficiales. Sin embargo, las im\u00e1genes se proporcionaron a Pasadena Now dentro del plazo legal a trav\u00e9s de una solicitud de la Ley de Registros P\u00fablicos del estado.<\/p>\n\n\n\n<p>\u201cNo se han retenido registros del fiscal de distrito\u201d, dijo Bagneris. &#8220;\u2026 Las \u00f3rdenes de protecci\u00f3n emitidas por el Tribunal de Distrito de los Estados Unidos se refieren \u00fanicamente al litigio civil y no a ninguna investigaci\u00f3n administrativa o penal&#8221;.<\/p>\n\n\n\n<p>&#8220;Espec\u00edficamente, las \u00f3rdenes de litigio civil no tienen ning\u00fan impacto en los registros que la Oficina del Fiscal de Distrito del Condado de Los \u00c1ngeles puede revisar (o no puede revisar) como parte de su investigaci\u00f3n criminal, para determinar si el tiroteo del oficial involucrado estaba justificado bajo la ley de California&#8221;.<\/p>\n\n\n\n<p>Bagneris dijo que la revisi\u00f3n administrativa del incidente por parte del Departamento de Polic\u00eda de Pasadena, para determinar si los oficiales siguieron la pol\u00edtica del departamento en el tiroteo que involucr\u00f3 a los oficiales, ha comenzado y los resultados est\u00e1n actualmente pendientes. La ciudad tambi\u00e9n ha contratado al Grupo OIR para realizar una revisi\u00f3n independiente del tiroteo, as\u00ed como de la revisi\u00f3n administrativa del Departamento de Polic\u00eda.<\/p>\n\n\n\n<p>\u201cEl contrato de la Ciudad con el Grupo OIR establece que preparar\u00e1n y emitir\u00e1n un informe p\u00fablico. Tenemos la esperanza de que el informe de OIR, cuando se publique, proporcione cierta claridad sobre el incidente, las acciones de los oficiales y quiz\u00e1s algunas consideraciones para el Departamento de Polic\u00eda de Pasadena en el futuro &#8220;.<\/p>\n\n\n\n<p>Las \u00f3rdenes de restricci\u00f3n generalmente se presentan en casos penales y civiles para proteger la seguridad de las personas o empresas involucradas en esos casos al limitar los movimientos y acciones de las partes amenazadoras despu\u00e9s de que un juez haya determinado que existe una amenaza para la seguridad o la propiedad.<\/p>\n\n\n\n<p>Afirmar que existe tal amenaza no pondr\u00eda fin a una investigaci\u00f3n administrativa.<\/p>\n\n\n\n<p>Si los funcionarios de la ciudad se negaban a entregar documentos y metraje en una investigaci\u00f3n criminal, los l\u00edderes de la ciudad responsables podr\u00edan ser acusados \u200b\u200bde obstrucci\u00f3n a la justicia.<\/p>\n\n\n\n<p>Los concejales de la ciudad no abordaron los comentarios de las personas que llamaron en su totalidad el lunes debido a la pol\u00edtica de la ciudad que limita las respuestas de los concejales al p\u00fablico durante el per\u00edodo de comentarios de 20 minutos para asuntos que no est\u00e1n en la agenda.<\/p>\n\n\n\n<p>Los concejales solo pueden deliberar o mantener discusiones sustantivas sobre asuntos del programa. Dado que los pedidos de despido de los agentes de polic\u00eda implicados en el tiroteo constituyen un asunto de personal, el consejo no puede discutir el asunto y carece de poder para despedir a los agentes de polic\u00eda.<\/p>\n\n\n\n<p>La incapacidad del consejo para discutir el asunto o tomar medidas ha dejado a las personas que llaman frustradas.<\/p>\n\n\n\n<p>Durante la reuni\u00f3n del consejo del 16 de agosto, una persona que llam\u00f3 dirigi\u00f3 un insulto racial a la concejal Felicia Williams. Ese incidente oblig\u00f3 al consejo a leer la pol\u00edtica de la ciudad en la reuni\u00f3n del lunes que proh\u00edbe a los miembros del p\u00fablico hacer comentarios personales, impertinentes o difamatorios sobre los miembros del cuerpo, el personal o el p\u00fablico. <\/p>\n\n\n\n<p>durante la reuni\u00f3n.<\/p>\n\n\n\n<p>De acuerdo con la pol\u00edtica de la ciudad, el &#8220;Alcalde \/ Presidente&#8221; pedir\u00e1 a los miembros del p\u00fablico que se vuelvan amenazadores o abusivos personalmente del cuerpo, el personal o los miembros del consejo que cesen y desistan de dicha actividad, y se les podr\u00e1 solicitar o exigir que abandonen la reuni\u00f3n en el caso de que el comportamiento contin\u00fae interrumpiendo los procedimientos de la reuni\u00f3n &#8220;.<\/p>\n\n\n\n<p>&#8220;Siempre ha sido un desaf\u00edo reclutar mujeres para postularse para cargos p\u00fablicos, porque hay muchos obst\u00e1culos estructurales que las mujeres deben superar para luchar por un puesto en la mesa&#8221;, dijo Katie Clark, del Caucus Pol\u00edtico Nacional de Mujeres-\u00c1rea de Pasadena.<\/p>\n\n\n\n<p>\u201cEs una gran historia de \u00e9xito que hemos visto a m\u00e1s mujeres corriendo y ganando que nunca en los \u00faltimos a\u00f1os, pero con eso tambi\u00e9n hemos visto el aumento de ataques personales, viciosos, sexistas y, a menudo, por motivos raciales, incluso amenazas de muerte. dirigido a mujeres pol\u00edticas y funcionarias p\u00fablicas, y particularmente a mujeres de color.<\/p>\n\n\n\n<p>\u201cSi bien es importante criticar a los funcionarios p\u00fablicos y las pol\u00edticas p\u00fablicas, y hacerlos responsables, este tipo de interacciones son algo completamente diferente. Crea un ambiente que desalienta a las mujeres a correr; dicen, &#8216;no vale mi seguridad personal o la seguridad de mi familia correr&#8217;. Al permitir que este tipo de ataques ocurran en espacios p\u00fablicos y justificarlo como, &#8216;bueno, eso es solo pol\u00edtica &#8216;, estamos diciendo, como sociedad, que ese tipo de comentarios y acciones son aceptables. Absolutamente no lo son &#8220;.<\/p>\n\n\n\n<p><\/p>\n","protected":false},"excerpt":{"rendered":"<p>En respuesta a las declaraciones hechas por las personas que llaman durante los comentarios p\u00fablicos en la reuni\u00f3n del Consejo de la Ciudad de Pasadena el lunes, afirmando que la ciudad hab\u00eda colocado una &#8220;orden de restricci\u00f3n&#8221; en documentos y videos relacionados con un tiroteo fatal en el que estuvo involucrado un oficial, la abogada de la ciudad, Michelle Bagneris, emiti\u00f3 un comunicado el jueves refutando esos afirmaciones. Anthony McClain era un pasajero en un autom\u00f3vil que fue detenido por [&hellip;]<\/p>\n","protected":false},"author":4,"featured_media":11096,"comment_status":"open","ping_status":"closed","sticky":false,"template":"","format":"standard","meta":[],"categories":[4],"tags":[],"acf":[],"_links":{"self":[{"href":"http:\/\/www.pasadenahoy.com\/primero\/wp-json\/wp\/v2\/posts\/11095"}],"collection":[{"href":"http:\/\/www.pasadenahoy.com\/primero\/wp-json\/wp\/v2\/posts"}],"about":[{"href":"http:\/\/www.pasadenahoy.com\/primero\/wp-json\/wp\/v2\/types\/post"}],"author":[{"embeddable":true,"href":"http:\/\/www.pasadenahoy.com\/primero\/wp-json\/wp\/v2\/users\/4"}],"replies":[{"embeddable":true,"href":"http:\/\/www.pasadenahoy.com\/primero\/wp-json\/wp\/v2\/comments?post=11095"}],"version-history":[{"count":2,"href":"http:\/\/www.pasadenahoy.com\/primero\/wp-json\/wp\/v2\/posts\/11095\/revisions"}],"predecessor-version":[{"id":11098,"href":"http:\/\/www.pasadenahoy.com\/primero\/wp-json\/wp\/v2\/posts\/11095\/revisions\/11098"}],"wp:featuredmedia":[{"embeddable":true,"href":"http:\/\/www.pasadenahoy.com\/primero\/wp-json\/wp\/v2\/media\/11096"}],"wp:attachment":[{"href":"http:\/\/www.pasadenahoy.com\/primero\/wp-json\/wp\/v2\/media?parent=11095"}],"wp:term":[{"taxonomy":"category","embeddable":true,"href":"http:\/\/www.pasadenahoy.com\/primero\/wp-json\/wp\/v2\/categories?post=11095"},{"taxonomy":"post_tag","embeddable":true,"href":"http:\/\/www.pasadenahoy.com\/primero\/wp-json\/wp\/v2\/tags?post=11095"}],"curies":[{"name":"wp","href":"https:\/\/api.w.org\/{rel}","templated":true}]}}