{"id":11099,"date":"2021-09-17T15:15:17","date_gmt":"2021-09-17T15:15:17","guid":{"rendered":"http:\/\/www.pasadenahoy.com\/primero\/?p=11099"},"modified":"2021-09-17T15:15:19","modified_gmt":"2021-09-17T15:15:19","slug":"newsom-firma-los-proyectos-de-ley-del-senado-9-y-10-que-permiten-viviendas-multifamiliares-en-zonas-unifamiliares","status":"publish","type":"post","link":"http:\/\/www.pasadenahoy.com\/primero\/el-gobierno-local\/newsom-firma-los-proyectos-de-ley-del-senado-9-y-10-que-permiten-viviendas-multifamiliares-en-zonas-unifamiliares\/","title":{"rendered":"Newsom firma los proyectos de ley del Senado 9 y 10, que permiten viviendas multifamiliares en zonas unifamiliares"},"content":{"rendered":"\n<figure class=\"wp-block-image alignnone size-large\"><figure class=\"alignnone\"><img loading=\"lazy\" width=\"700\" height=\"378\" src=\"http:\/\/www.pasadenahoy.com\/primero\/wp-content\/uploads\/2021\/09\/pic-2-2.png\" alt=\"\" class=\"wp-image-11100\" srcset=\"http:\/\/www.pasadenahoy.com\/primero\/wp-content\/uploads\/2021\/09\/pic-2-2.png 700w, http:\/\/www.pasadenahoy.com\/primero\/wp-content\/uploads\/2021\/09\/pic-2-2-300x162.png 300w, http:\/\/www.pasadenahoy.com\/primero\/wp-content\/uploads\/2021\/09\/pic-2-2-241x130.png 241w, http:\/\/www.pasadenahoy.com\/primero\/wp-content\/uploads\/2021\/09\/pic-2-2-333x180.png 333w, http:\/\/www.pasadenahoy.com\/primero\/wp-content\/uploads\/2021\/09\/pic-2-2-360x194.png 360w\" sizes=\"100vw\" \/><figcaption><span class=\"caption-text\">Foto de archivo del gobernador Gavin Newsom firmando un proyecto de ley. [Estado de California]<\/span><\/figcaption><\/figure><\/figure>\n\n\n\n<p>El gobernador Gavin Newsom promulg\u00f3 el jueves dos proyectos de ley de vivienda que permiten viviendas m\u00e1s densas en lotes unifamiliares, que los defensores dicen que ayudar\u00e1n a aliviar la crisis de la vivienda en California, pero que a los oponentes les preocupa que cambie el car\u00e1cter de los vecindarios unifamiliares y aumente la gentrificaci\u00f3n a beneficio. de intereses inmobiliarios.<br>Despu\u00e9s de promulgar los proyectos de ley del Senado 9 y 10, Newsom dijo: &#8220;La crisis de asequibilidad de la vivienda est\u00e1 socavando el Sue\u00f1o de California para las familias de todo el estado y amenaza nuestro crecimiento y prosperidad a largo plazo&#8221;.<\/p>\n\n\n\n<p>\u201cLograr un impacto significativo en esta crisis requerir\u00e1 inversiones audaces, una fuerte colaboraci\u00f3n entre sectores y el coraje pol\u00edtico de nuestros l\u00edderes y comunidades para hacer lo correcto y construir viviendas para todos\u201d, agreg\u00f3.<\/p>\n\n\n\n<p>El Proyecto de Ley del Senado 9, presentado por el Senador Toni Atkins, D-San Diego, y el Senador Scott Wiener, D-San Francisco, permitir\u00e1 que los lotes divididos en zonas para viviendas unifamiliares tengan hasta cuatro unidades.<\/p>\n\n\n\n<p>\u201cSB 9 abrir\u00e1 oportunidades para que los propietarios ayuden a aliviar la escasez de viviendas en nuestro estado, al mismo tiempo que protege a los inquilinos del desplazamiento. Y ayudar\u00e1 a nuestras comunidades a dar la bienvenida a nuevas familias al vecindario y permitir\u00e1 que m\u00e1s personas pongan un pie en el camino para comprar su primera casa. Estoy agradecido por la asociaci\u00f3n del gobernador y nuestra determinaci\u00f3n compartida de darle la vuelta a la crisis de la vivienda en California \u201d, dijo Atkins.<\/p>\n\n\n\n<p>La Casa Blanca apoy\u00f3 el proyecto de ley de Atkins el 1 de septiembre y dijo que los esfuerzos para cambiar las regulaciones de zonificaci\u00f3n para permitir m\u00e1s viviendas &#8220;son consistentes con la postura de la administraci\u00f3n sobre la necesidad de una reforma de zonificaci\u00f3n&#8221;.<\/p>\n\n\n\n<p>El Proyecto de Ley del Senado 10, presentado por Wiener, permitir\u00e1 que los gobiernos locales aprueben edificios multifamiliares con hasta 10 unidades a precio de mercado, junto con potencialmente cuatro &#8220;apartamentos tipo granny&#8221;, en lotes divididos en zonas solo para viviendas unifamiliares.<\/p>\n\n\n\n<p>El viernes, 27 ciudades en el Valle de San Gabriel firmaron una carta instando a Newsom a vetar los proyectos de ley, y el 18 de agosto el Ayuntamiento de Los \u00c1ngeles aprob\u00f3 resoluciones en oposici\u00f3n a los proyectos de ley.<\/p>\n\n\n\n<p>\u201cSB9 y 10 son el tercer intento anual del senador de San Francisco Scott Weiner de destruir el control local sobre la zonificaci\u00f3n multifamiliar y unifamiliar en el estado de California. Este consejo ha votado un\u00e1nimemente para oponerse esencialmente a los mismos proyectos de ley dos veces antes y deber\u00edamos hacerlo de nuevo \u201d, dijo el concejal Paul Koretz.<\/p>\n\n\n\n<p>El concejal Mike Bonin, quien vot\u00f3 a favor de las resoluciones para oponerse a la legislaci\u00f3n, dijo que si bien ve los problemas, incluido el racismo sist\u00e9mico, involucrados en la zonificaci\u00f3n unifamiliar, mir\u00f3 qu\u00e9 grupos se oponen y apoyan los proyectos de ley.<\/p>\n\n\n\n<p>\u201cMiro qui\u00e9n est\u00e1 detr\u00e1s (de los proyectos de ley) y qui\u00e9n se opone a ellos y cuando veo a las organizaciones de vivienda asequible aqu\u00ed en Los \u00c1ngeles decir que esto no nos beneficia a nosotros, eso me preocupa\u201d, dijo Bonin.<\/p>\n\n\n\n<p>Housing Is A Human Right, una divisi\u00f3n de AIDS Healthcare Foundation, se opuso a los proyectos de ley y realiz\u00f3 una encuesta en todo el estado que encontr\u00f3 que el 63% de los californianos se opone a SB9 y el 67% se opone a SB10.<\/p>\n\n\n\n<p>\u201cSabemos que (los proyectos de ley) har\u00e1n que los desarrolladores se centren en nuestras comunidades negras y marrones de bajos ingresos \u2026 no hay requisitos para viviendas asequibles o viviendas para personas sin hogar, y dado que tenemos 161,000 personas sin hogar en el estado de California, m\u00e1s de 60,000 en el condado y m\u00e1s de 40,000 en la ciudad, es absolutamente inconcebible tener un proyecto de ley de producci\u00f3n de viviendas que no cubra nuestra comunidad de personas sin hogar o para las personas que necesitan desesperadamente una vivienda asequible \u201d, Susie Shannon, directora de pol\u00edticas de Vivienda es un derecho humano , dijo en una llamada a la reuni\u00f3n del Consejo de la Ciudad del mi\u00e9rcoles.<\/p>\n\n\n\n<p>El concejal Paul Krekorian calific\u00f3 los proyectos de ley de \u201cpol\u00edtica de vivienda por goteo\u201d y dijo que era un mito que la construcci\u00f3n de viviendas densas a precio de mercado doblara la curva econ\u00f3mica y beneficiara a los pobres al aumentar la oferta de viviendas.<\/p>\n\n\n\n<p>\u201cFue una noci\u00f3n absurda cuando Ronald Reagan lo propuso. Es una idea absurda ahora \u201d, dijo Krekorian. Abog\u00f3 por proponer un proyecto de ley que ofrezca diferentes soluciones a la crisis habitacional.<\/p>\n\n\n\n<p>Si bien algunos defensores de la vivienda se opusieron al proyecto de ley por no incluir requisitos para viviendas asequibles, otros, como el Centro Terner para la Innovaci\u00f3n en la Vivienda en UC Berkeley, apoyan la medida por su potencial para aumentar el n\u00famero de hogares en California. El an\u00e1lisis del Terner Center del proyecto de ley encontr\u00f3 que podr\u00eda crear 714,000 nuevas unidades en todo el estado, incluidas 127,000 en Los \u00c1ngeles.<\/p>\n\n\n\n<p>El concejal de Los \u00c1ngeles Gil Cedillo vot\u00f3 en contra de las resoluciones del Concejo Municipal para oponerse a los proyectos de ley, diciendo que los proyectos de ley del Senado incluyen oportunidades para que la ciudad aborde sus preocupaciones.<\/p>\n\n\n\n<p>\u201cAhora debemos actuar y actuar afirmativamente y construir nuestra caja de herramientas para que podamos tomar las acciones necesarias para construir viviendas\u201d, dijo Cedillo. \u201cAl final del d\u00eda, la perspectiva de no molestar ni desconcertar <\/p>\n\n\n\n<p>Poner en pr\u00e1ctica estas comunidades, no desafiar a estas comunidades que quieren mantener el apartheid que existe en la ciudad es simplemente un argumento a favor del status quo &#8220;.<\/p>\n\n\n\n<p>La concejal Nithya Raman vot\u00f3 en contra de la resoluci\u00f3n que se opon\u00eda al Proyecto de Ley 10 del Senado.<\/p>\n\n\n\n<p>\u201cSi vamos a decirle a Sacramento que no se interponga en lo que respecta a las pol\u00edticas de vivienda, entonces en Los \u00c1ngeles tenemos que estar dispuestos a hacer el trabajo nosotros mismos y todos los datos que tenemos ahora apuntan al hecho que no lo hemos estado haciendo \u201d, dijo Raman.<\/p>\n\n\n\n<p>Se\u00f1al\u00f3 que el Departamento de Planificaci\u00f3n Urbana de Los \u00c1ngeles les dijo a los miembros del consejo el martes que el 71% de la tierra dividida en zonas residenciales en Los \u00c1ngeles es solo para viviendas unifamiliares, y cualquier nueva construcci\u00f3n multifamiliar debe limitarse al 29% de la ciudad. .<\/p>\n\n\n\n<p><\/p>\n","protected":false},"excerpt":{"rendered":"<p>El gobernador Gavin Newsom promulg\u00f3 el jueves dos proyectos de ley de vivienda que permiten viviendas m\u00e1s densas en lotes unifamiliares, que los defensores dicen que ayudar\u00e1n a aliviar la crisis de la vivienda en California, pero que a los oponentes les preocupa que cambie el car\u00e1cter de los vecindarios unifamiliares y aumente la gentrificaci\u00f3n a beneficio. de intereses inmobiliarios.Despu\u00e9s de promulgar los proyectos de ley del Senado 9 y 10, Newsom dijo: &#8220;La crisis de asequibilidad de la vivienda [&hellip;]<\/p>\n","protected":false},"author":4,"featured_media":11100,"comment_status":"open","ping_status":"closed","sticky":false,"template":"","format":"standard","meta":[],"categories":[6],"tags":[],"acf":[],"_links":{"self":[{"href":"http:\/\/www.pasadenahoy.com\/primero\/wp-json\/wp\/v2\/posts\/11099"}],"collection":[{"href":"http:\/\/www.pasadenahoy.com\/primero\/wp-json\/wp\/v2\/posts"}],"about":[{"href":"http:\/\/www.pasadenahoy.com\/primero\/wp-json\/wp\/v2\/types\/post"}],"author":[{"embeddable":true,"href":"http:\/\/www.pasadenahoy.com\/primero\/wp-json\/wp\/v2\/users\/4"}],"replies":[{"embeddable":true,"href":"http:\/\/www.pasadenahoy.com\/primero\/wp-json\/wp\/v2\/comments?post=11099"}],"version-history":[{"count":2,"href":"http:\/\/www.pasadenahoy.com\/primero\/wp-json\/wp\/v2\/posts\/11099\/revisions"}],"predecessor-version":[{"id":11102,"href":"http:\/\/www.pasadenahoy.com\/primero\/wp-json\/wp\/v2\/posts\/11099\/revisions\/11102"}],"wp:featuredmedia":[{"embeddable":true,"href":"http:\/\/www.pasadenahoy.com\/primero\/wp-json\/wp\/v2\/media\/11100"}],"wp:attachment":[{"href":"http:\/\/www.pasadenahoy.com\/primero\/wp-json\/wp\/v2\/media?parent=11099"}],"wp:term":[{"taxonomy":"category","embeddable":true,"href":"http:\/\/www.pasadenahoy.com\/primero\/wp-json\/wp\/v2\/categories?post=11099"},{"taxonomy":"post_tag","embeddable":true,"href":"http:\/\/www.pasadenahoy.com\/primero\/wp-json\/wp\/v2\/tags?post=11099"}],"curies":[{"name":"wp","href":"https:\/\/api.w.org\/{rel}","templated":true}]}}