{"id":11103,"date":"2021-09-17T15:21:01","date_gmt":"2021-09-17T15:21:01","guid":{"rendered":"http:\/\/www.pasadenahoy.com\/primero\/?p=11103"},"modified":"2021-09-17T15:21:03","modified_gmt":"2021-09-17T15:21:03","slug":"las-infecciones-por-covid-19-entre-ninos-estan-disminuyendo-en-el-condado-de-l-a","status":"publish","type":"post","link":"http:\/\/www.pasadenahoy.com\/primero\/la-comunidad\/las-infecciones-por-covid-19-entre-ninos-estan-disminuyendo-en-el-condado-de-l-a\/","title":{"rendered":"Las infecciones por COVID-19 entre ni\u00f1os est\u00e1n disminuyendo en el condado de L.A."},"content":{"rendered":"\n<figure class=\"wp-block-image alignnone size-large\"><figure class=\"alignnone\"><img loading=\"lazy\" width=\"700\" height=\"378\" src=\"http:\/\/www.pasadenahoy.com\/primero\/wp-content\/uploads\/2021\/09\/pic3-4.jpg\" alt=\"\" class=\"wp-image-11104\" srcset=\"http:\/\/www.pasadenahoy.com\/primero\/wp-content\/uploads\/2021\/09\/pic3-4.jpg 700w, http:\/\/www.pasadenahoy.com\/primero\/wp-content\/uploads\/2021\/09\/pic3-4-300x162.jpg 300w, http:\/\/www.pasadenahoy.com\/primero\/wp-content\/uploads\/2021\/09\/pic3-4-241x130.jpg 241w, http:\/\/www.pasadenahoy.com\/primero\/wp-content\/uploads\/2021\/09\/pic3-4-333x180.jpg 333w, http:\/\/www.pasadenahoy.com\/primero\/wp-content\/uploads\/2021\/09\/pic3-4-360x194.jpg 360w\" sizes=\"100vw\" \/><\/figure><\/figure>\n\n\n\n<p>La transmisi\u00f3n de COVID-19 entre los ni\u00f1os en el condado de Los \u00c1ngeles ha disminuido significativamente en las \u00faltimas tres semanas, incluso con casi todos los 1,5 millones de estudiantes K-12 del condado ahora de regreso a la escuela para recibir instrucci\u00f3n en persona, dijeron funcionarios de salud p\u00fablica el jueves.<\/p>\n\n\n\n<p>Despu\u00e9s de notar un aumento en los casos entre los ni\u00f1os a mediados de julio y hasta mediados de agosto, &#8220;durante las \u00faltimas tres semanas, los casos disminuyeron en todos los grupos de edad de los ni\u00f1os en un 40%&#8221;, seg\u00fan un comunicado emitido por el Departamento de Salud P\u00fablica del Condado de Los \u00c1ngeles. .<\/p>\n\n\n\n<p>\u201cLa tasa actual de casos entre los j\u00f3venes de 12 a 17 a\u00f1os es de 132 casos nuevos por cada 100,000 adolescentes; para los ni\u00f1os de 5 a 11 a\u00f1os, la tasa de casos es ahora de 141 nuevos casos por cada 100.000 ni\u00f1os; y para los ni\u00f1os de 0 a 4 a\u00f1os, la tasa de casos es de 88 por cada 100.000 ni\u00f1os \u201d, dice el comunicado.<\/p>\n\n\n\n<p>Los funcionarios de salud del condado esperaban avanzar en el progreso mediante una mayor vacunaci\u00f3n de las personas mayores de 12 a\u00f1os de edad m\u00ednima elegible.<\/p>\n\n\n\n<p>Hasta el domingo, el 63% de los j\u00f3venes del condado de Los \u00c1ngeles de entre 12 y 15 a\u00f1os hab\u00edan recibido al menos una dosis de la vacuna, mientras que el 53% estaban completamente vacunados, seg\u00fan el Departamento de Salud P\u00fablica del Condado de Los \u00c1ngeles. Para los adolescentes de 16 y 17 a\u00f1os, el 70% hab\u00eda recibido una sola dosis y el 61% estaba completamente vacunado.<\/p>\n\n\n\n<p>\u201cLa seguridad en las escuelas se amplifica muchas veces cuando la cobertura de vacunaci\u00f3n es muy alta, ya que la vacunaci\u00f3n generalizada reduce dr\u00e1sticamente la transmisi\u00f3n en las escuelas, actividades extraescolares, eventos comunitarios y en el hogar\u201d, dijo la directora de salud p\u00fablica del condado, Barbara Ferrer. \u201cLos adolescentes vacunados tienen aproximadamente ocho veces menos probabilidades de infectarse que los adolescentes no vacunados. La vacunaci\u00f3n de los adolescentes protege a los adolescentes mismos y tambi\u00e9n protege a los amigos y familiares con quienes comparten gran parte de su tiempo fuera de la escuela.<\/p>\n\n\n\n<p>\u201cVacunar a los adolescentes tambi\u00e9n tiene la ventaja de proteger a los ni\u00f1os m\u00e1s peque\u00f1os en la escuela con quienes entran en contacto y que no pueden vacunarse. Y debido a que vacunar a los adolescentes tambi\u00e9n reduce la transmisi\u00f3n en la escuela, disminuye la probabilidad de que los brotes causen interrupciones en el aprendizaje \u201d, dijo Ferrer. \u201cUna de las principales ventajas de estar vacunado es que los estudiantes completamente vacunados tienen m\u00e1s probabilidades de permanecer en la escuela despu\u00e9s de una exposici\u00f3n. Esto se debe a que nuestra gu\u00eda de cuarentena actualmente exime de la cuarentena a las personas asintom\u00e1ticas completamente vacunadas. Junto con nuestros socios escolares, estamos trabajando arduamente para asegurarnos de que sea f\u00e1cil para los adolescentes vacunarse &#8220;.<\/p>\n\n\n\n<p>El condado anunci\u00f3 2.023 nuevas infecciones y 28 muertes el viernes, lo que eleva el total de la pandemia a 1.439.011 casos de COVID-19 y 25.775 muertes.<\/p>\n\n\n\n<p>Las autoridades enumeraron 1,185 pacientes hospitalizados en todo el condado con el virus, con un 30% de ellos en UCI.<\/p>\n\n\n\n<p>La tasa de positividad de la prueba del condado de Los \u00c1ngeles el jueves se registr\u00f3 en 1.6%<\/p>\n\n\n\n<p>Pasadena vio 17 infecciones COVID-19 reci\u00e9n detectadas y ninguna muerte el jueves, seg\u00fan datos de la ciudad.<\/p>\n\n\n\n<p>En total, el Departamento de Salud P\u00fablica de Pasadena ha registrado 13,018 casos del virus y 359 muertes.<\/p>\n\n\n\n<p>El n\u00famero promedio de infecciones diarias de la ciudad durante la semana anterior cay\u00f3 por cuarto d\u00eda consecutivo, llegando a 15,6.<\/p>\n\n\n\n<p>Los funcionarios del Hospital Huntington enumeraron a 25 pacientes ingresados \u200b\u200bcon COVID-19 el jueves, y ocho de ellos fueron tratados en unidades de cuidados intensivos.<\/p>\n\n\n\n<p>El Departamento de Salud P\u00fablica de California inform\u00f3 7,360 nuevas infecciones y 16 muertes el jueves, lo que eleva los totales estatales a 4,387,926 casos de COVID-19 y 67,187 muertes.<\/p>\n\n\n\n<p>La tasa de positividad semanal del estado se redujo en una d\u00e9cima de porcentaje a 3.4%, seg\u00fan datos del CDPH.<\/p>\n\n\n\n<p>Hasta el jueves, el condado de Los \u00c1ngeles representaba el 33% de las infecciones por COVID-19 de California y el 38% de las muertes del estado.<\/p>\n","protected":false},"excerpt":{"rendered":"<p>La transmisi\u00f3n de COVID-19 entre los ni\u00f1os en el condado de Los \u00c1ngeles ha disminuido significativamente en las \u00faltimas tres semanas, incluso con casi todos los 1,5 millones de estudiantes K-12 del condado ahora de regreso a la escuela para recibir instrucci\u00f3n en persona, dijeron funcionarios de salud p\u00fablica el jueves. Despu\u00e9s de notar un aumento en los casos entre los ni\u00f1os a mediados de julio y hasta mediados de agosto, &#8220;durante las \u00faltimas tres semanas, los casos disminuyeron en [&hellip;]<\/p>\n","protected":false},"author":4,"featured_media":11104,"comment_status":"open","ping_status":"closed","sticky":false,"template":"","format":"standard","meta":[],"categories":[4],"tags":[],"acf":[],"_links":{"self":[{"href":"http:\/\/www.pasadenahoy.com\/primero\/wp-json\/wp\/v2\/posts\/11103"}],"collection":[{"href":"http:\/\/www.pasadenahoy.com\/primero\/wp-json\/wp\/v2\/posts"}],"about":[{"href":"http:\/\/www.pasadenahoy.com\/primero\/wp-json\/wp\/v2\/types\/post"}],"author":[{"embeddable":true,"href":"http:\/\/www.pasadenahoy.com\/primero\/wp-json\/wp\/v2\/users\/4"}],"replies":[{"embeddable":true,"href":"http:\/\/www.pasadenahoy.com\/primero\/wp-json\/wp\/v2\/comments?post=11103"}],"version-history":[{"count":2,"href":"http:\/\/www.pasadenahoy.com\/primero\/wp-json\/wp\/v2\/posts\/11103\/revisions"}],"predecessor-version":[{"id":11106,"href":"http:\/\/www.pasadenahoy.com\/primero\/wp-json\/wp\/v2\/posts\/11103\/revisions\/11106"}],"wp:featuredmedia":[{"embeddable":true,"href":"http:\/\/www.pasadenahoy.com\/primero\/wp-json\/wp\/v2\/media\/11104"}],"wp:attachment":[{"href":"http:\/\/www.pasadenahoy.com\/primero\/wp-json\/wp\/v2\/media?parent=11103"}],"wp:term":[{"taxonomy":"category","embeddable":true,"href":"http:\/\/www.pasadenahoy.com\/primero\/wp-json\/wp\/v2\/categories?post=11103"},{"taxonomy":"post_tag","embeddable":true,"href":"http:\/\/www.pasadenahoy.com\/primero\/wp-json\/wp\/v2\/tags?post=11103"}],"curies":[{"name":"wp","href":"https:\/\/api.w.org\/{rel}","templated":true}]}}