{"id":11128,"date":"2021-09-20T15:06:50","date_gmt":"2021-09-20T15:06:50","guid":{"rendered":"http:\/\/www.pasadenahoy.com\/primero\/?p=11128"},"modified":"2021-09-20T15:06:52","modified_gmt":"2021-09-20T15:06:52","slug":"las-hospitalizaciones-por-coronavirus-continuan-disminuyendo-en-el-condado-de-los-angeles","status":"publish","type":"post","link":"http:\/\/www.pasadenahoy.com\/primero\/la-comunidad\/las-hospitalizaciones-por-coronavirus-continuan-disminuyendo-en-el-condado-de-los-angeles\/","title":{"rendered":"Las hospitalizaciones por coronavirus contin\u00faan disminuyendo en el condado de Los \u00c1ngeles"},"content":{"rendered":"\n<figure class=\"wp-block-image alignnone size-large\"><figure class=\"alignnone\"><img loading=\"lazy\" width=\"700\" height=\"378\" src=\"http:\/\/www.pasadenahoy.com\/primero\/wp-content\/uploads\/2021\/09\/pic2-3.jpg\" alt=\"\" class=\"wp-image-11129\" srcset=\"http:\/\/www.pasadenahoy.com\/primero\/wp-content\/uploads\/2021\/09\/pic2-3.jpg 700w, http:\/\/www.pasadenahoy.com\/primero\/wp-content\/uploads\/2021\/09\/pic2-3-300x162.jpg 300w, http:\/\/www.pasadenahoy.com\/primero\/wp-content\/uploads\/2021\/09\/pic2-3-241x130.jpg 241w, http:\/\/www.pasadenahoy.com\/primero\/wp-content\/uploads\/2021\/09\/pic2-3-333x180.jpg 333w, http:\/\/www.pasadenahoy.com\/primero\/wp-content\/uploads\/2021\/09\/pic2-3-360x194.jpg 360w\" sizes=\"100vw\" \/><\/figure><\/figure>\n\n\n\n<p>El n\u00famero de pacientes con coronavirus en los hospitales del condado de Los \u00c1ngeles volvi\u00f3 a caer hoy, pasando de 1.070 el s\u00e1bado a 1.053, seg\u00fan cifras estatales.<\/p>\n\n\n\n<p>El n\u00famero de esos pacientes en cuidados intensivos tambi\u00e9n se redujo, de 324 a 310.<\/p>\n\n\n\n<p>Los funcionarios de salud locales informaron el domingo cinco muertes adicionales y 1.322 nuevos casos de COVID-19, lo que eleva los totales acumulados del condado a 1.444.127 casos y 25.832 muertes desde que comenz\u00f3 la pandemia. El n\u00famero de casos y muertes reportados el domingo probablemente refleje retrasos en los informes durante el fin de semana, seg\u00fan el Departamento de Salud P\u00fablica del Condado de Los \u00c1ngeles.<\/p>\n\n\n\n<p>Los resultados de las pruebas estuvieron disponibles para m\u00e1s de 8.450.000 personas y el 16% de las personas dieron positivo. La tasa de positividad de la prueba del s\u00e1bado fue del 1,3%.<\/p>\n\n\n\n<p>\u201cCon cientos de equipos de extensi\u00f3n y promotoras repartidos por todo el condado, tenemos la esperanza de que aquellos que a\u00fan no est\u00e1n vacunados obtengan respuestas a sus preguntas y est\u00e9n conectados a los sitios de vacunaci\u00f3n\u201d, dijo la directora de salud p\u00fablica Barbara Ferrer.<\/p>\n\n\n\n<p>\u201cNo podemos darnos el lujo de ser complacientes con un promedio de 2.000 casos nuevos y decenas de muertes cada d\u00eda. Para ser mejor<\/p>\n\n\n\n<p>preparados para el oto\u00f1o y el invierno, que suelen ser temporadas en las que prosperan muchos virus, debemos reducir de inmediato la transmisi\u00f3n de COVID. Dadas las poderosas herramientas a nuestra disposici\u00f3n que no ten\u00edamos el oto\u00f1o pasado (pruebas r\u00e1pidas de ant\u00edgenos y vacunas altamente efectivas), la gran cantidad de casos es preocupante y refleja la desigualdad de la cobertura de vacunaci\u00f3n y las pruebas de detecci\u00f3n &#8220;.<\/p>\n\n\n\n<p>Ferrer dijo el viernes que los funcionarios cuentan con la red para ofrecer inyecciones de refuerzo de la vacuna COVID-19 a las personas elegibles para recibirlas, y agreg\u00f3 que no le sorprendi\u00f3 una recomendaci\u00f3n federal de limitar los refuerzos a los residentes mayores y aquellos con alto riesgo de enfermedad grave de el virus.<\/p>\n\n\n\n<p>Durante una sesi\u00f3n informativa en l\u00ednea, Ferrer dijo que el condado tiene 1.300 sitios vacunados fijos en su red, con la capacidad general para administrar 130.000 vacunas al d\u00eda, y que puede expandirse r\u00e1pidamente si es necesario a 200.000 por d\u00eda.<\/p>\n\n\n\n<p>Pero el acceso a las vacunas de refuerzo depende de las aprobaciones de la Administraci\u00f3n de Alimentos y Medicamentos de EE. UU. Un comit\u00e9 de la FDA recomend\u00f3 el viernes que las dosis de refuerzo de la vacuna de Pfizer se limiten a personas de 65 a\u00f1os o m\u00e1s y a personas que tienen un riesgo particularmente alto de enfermedad grave o muerte por COVID-19.<\/p>\n\n\n\n<p>\u201cLa FDA ha indicado durante las \u00faltimas semanas que est\u00e1n buscando m\u00e1s informaci\u00f3n y m\u00e1s datos, en particular informaci\u00f3n de las experiencias en este pa\u00eds y que no dependen tanto de las experiencias y los datos que vienen de otros pa\u00edses\u201d, Ferrer. dijo. \u201cY apreciamos su debida diligencia. Eso nos brinda a todos una sensaci\u00f3n de seguridad de que est\u00e1n analizando muy a fondo la evidencia mientras hacen sus recomendaciones &#8220;.<\/p>\n\n\n\n<p>Ella dijo que los datos del condado indican que hay &#8220;grupos vulnerables que pueden beneficiarse de un refuerzo adicional&#8221;.<\/p>\n\n\n\n<p>&#8220;Ya hemos notado en nuestros datos, as\u00ed como en otros datos a nivel nacional, que las personas inmunodeprimidas no estaban obteniendo una respuesta tan efectiva (con las vacunas)&#8221;, dijo Ferrer. \u201cTambi\u00e9n mostr\u00e9 datos hoy que nos preocupa que las personas mayores que est\u00e1n vacunadas tambi\u00e9n tengan una mayor tendencia a presentarse despu\u00e9s de la vacunaci\u00f3n en el hospital y, potencialmente y desafortunadamente, fallezcan. Las cifras a\u00fan son muy peque\u00f1as, pero indican que existe un mayor riesgo en ese grupo de edad &#8220;.<\/p>\n\n\n\n<p>El condado contin\u00faa luchando mientras trabaja para mejorar las tasas de vacunaci\u00f3n entre algunos grupos. Hasta ahora, solo el 52% de los residentes negros elegibles han recibido al menos una dosis de vacuna, y solo el 61% de los residentes latinos. Eso se compara con el 71% de los residentes blancos y el 80% de los asi\u00e1ticos.<\/p>\n\n\n\n<p>Ferrer se\u00f1al\u00f3 que &#8220;es probable que aumenten m\u00e1s (en los casos de COVID) en ausencia de una mejor cobertura de vacunaci\u00f3n&#8221;.<\/p>\n\n\n\n<p>En todo el condado, el 76% de los residentes elegibles de 12 a\u00f1os o m\u00e1s han recibido al menos una dosis de la vacuna y el 67% est\u00e1n completamente vacunados. De la poblaci\u00f3n total de 10,3 millones del condado, incluidos los menores de 12 a\u00f1os que no son elegibles para las vacunas, el 65% ha recibido al menos una dosis y el 58% est\u00e1 completamente vacunado.<\/p>\n\n\n\n<p>Con la esperanza de aumentar las tasas de vacunaci\u00f3n, el condado comenzar\u00e1 a hacer cumplir los requisitos de vacunaci\u00f3n el pr\u00f3ximo mes en lugares de eventos grandes y en entornos de alto riesgo, como bares interiores, cervecer\u00edas, clubes nocturnos, bodegas y destiler\u00edas.<\/p>\n\n\n\n<p>Una nueva Orden del Oficial de Salud del condado emitida el viernes requerir\u00e1 un comprobante de vacunaci\u00f3n para todos los clientes y empleados en esos entornos interiores. Todos los clientes y empleados necesitar\u00e1n al menos una dosis de vacuna antes del 7 de octubre y una segunda dosis antes del 4 de noviembre. La orden recomendar\u00e1, pero no requerir\u00e1, vacunas para las personas en los restaurantes de interior.<\/p>\n\n\n\n<p>La nueva orden tambi\u00e9n requerir\u00e1 que todos los asistentes y empleados en megaeventos al aire libre con 10,000 personas o m\u00e1s muestren prueba de vacunaci\u00f3n o una prueba de COVID negativa dentro de las 72 horas. Ese requisito, que entrar\u00e1 en vigor el 7 de octubre, afectar\u00e1 al <\/p>\n\n\n\n<p>l importantes eventos deportivos al aire libre, y tambi\u00e9n afectar\u00e1 a grandes parques tem\u00e1ticos, como Universal Studios Hollywood y Six Flags Magic Mountain.<\/p>\n\n\n\n<p>Los asistentes a los megaeventos en interiores de 1,000 personas o m\u00e1s ya deben mostrar un comprobante de vacunaci\u00f3n o una prueba de COVID negativa.<\/p>\n\n\n\n<p>Ferrer, quien anunci\u00f3 la orden el mi\u00e9rcoles, reiter\u00f3 el viernes que el objetivo es aumentar las tasas de vacunaci\u00f3n y reducir las posibilidades de transmisi\u00f3n del virus en entornos de alto riesgo, con la esperanza de evitar que se repita el aumento en los casos que el condado experiment\u00f3 el invierno pasado.<\/p>\n\n\n\n<p>&#8220;S\u00e9 que ninguno de nosotros quiere volver al invierno pasado&#8221;, dijo Ferrer. \u201cEntonces, cualquier cosa que la gente pueda hacer ahora mismo para crear mucha seguridad que reduzca la transmisi\u00f3n es algo as\u00ed como el nombre del juego. Comenzamos con estos entornos de muy alto riesgo. Nuestra esperanza es que comencemos a ver menos transmisi\u00f3n y eso se combina con una aceleraci\u00f3n mucho m\u00e1s r\u00e1pida de las personas que se vacunan.<\/p>\n\n\n\n<p>&#8220;\u2026 Si terminamos donde est\u00e1bamos el a\u00f1o pasado, todos estaremos en un mont\u00f3n de problemas&#8221;, dijo.<\/p>\n\n\n\n<p><\/p>\n","protected":false},"excerpt":{"rendered":"<p>El n\u00famero de pacientes con coronavirus en los hospitales del condado de Los \u00c1ngeles volvi\u00f3 a caer hoy, pasando de 1.070 el s\u00e1bado a 1.053, seg\u00fan cifras estatales. El n\u00famero de esos pacientes en cuidados intensivos tambi\u00e9n se redujo, de 324 a 310. Los funcionarios de salud locales informaron el domingo cinco muertes adicionales y 1.322 nuevos casos de COVID-19, lo que eleva los totales acumulados del condado a 1.444.127 casos y 25.832 muertes desde que comenz\u00f3 la pandemia. El [&hellip;]<\/p>\n","protected":false},"author":4,"featured_media":11129,"comment_status":"open","ping_status":"closed","sticky":false,"template":"","format":"standard","meta":[],"categories":[4],"tags":[],"acf":[],"_links":{"self":[{"href":"http:\/\/www.pasadenahoy.com\/primero\/wp-json\/wp\/v2\/posts\/11128"}],"collection":[{"href":"http:\/\/www.pasadenahoy.com\/primero\/wp-json\/wp\/v2\/posts"}],"about":[{"href":"http:\/\/www.pasadenahoy.com\/primero\/wp-json\/wp\/v2\/types\/post"}],"author":[{"embeddable":true,"href":"http:\/\/www.pasadenahoy.com\/primero\/wp-json\/wp\/v2\/users\/4"}],"replies":[{"embeddable":true,"href":"http:\/\/www.pasadenahoy.com\/primero\/wp-json\/wp\/v2\/comments?post=11128"}],"version-history":[{"count":2,"href":"http:\/\/www.pasadenahoy.com\/primero\/wp-json\/wp\/v2\/posts\/11128\/revisions"}],"predecessor-version":[{"id":11131,"href":"http:\/\/www.pasadenahoy.com\/primero\/wp-json\/wp\/v2\/posts\/11128\/revisions\/11131"}],"wp:featuredmedia":[{"embeddable":true,"href":"http:\/\/www.pasadenahoy.com\/primero\/wp-json\/wp\/v2\/media\/11129"}],"wp:attachment":[{"href":"http:\/\/www.pasadenahoy.com\/primero\/wp-json\/wp\/v2\/media?parent=11128"}],"wp:term":[{"taxonomy":"category","embeddable":true,"href":"http:\/\/www.pasadenahoy.com\/primero\/wp-json\/wp\/v2\/categories?post=11128"},{"taxonomy":"post_tag","embeddable":true,"href":"http:\/\/www.pasadenahoy.com\/primero\/wp-json\/wp\/v2\/tags?post=11128"}],"curies":[{"name":"wp","href":"https:\/\/api.w.org\/{rel}","templated":true}]}}