{"id":11132,"date":"2021-09-20T15:11:45","date_gmt":"2021-09-20T15:11:45","guid":{"rendered":"http:\/\/www.pasadenahoy.com\/primero\/?p=11132"},"modified":"2021-09-20T15:54:57","modified_gmt":"2021-09-20T15:54:57","slug":"el-plan-de-lincoln-avenue-regresa-a-la-agenda-del-concejo-municipal","status":"publish","type":"post","link":"http:\/\/www.pasadenahoy.com\/primero\/el-gobierno-local\/el-plan-de-lincoln-avenue-regresa-a-la-agenda-del-concejo-municipal\/","title":{"rendered":"El plan de Lincoln Avenue regresa a la agenda del Concejo Municipal"},"content":{"rendered":"\n<figure class=\"wp-block-image alignnone size-large\"><figure class=\"alignnone\"><img loading=\"lazy\" width=\"700\" height=\"378\" src=\"http:\/\/www.pasadenahoy.com\/primero\/wp-content\/uploads\/2021\/09\/pic3-5.jpg\" alt=\"\" class=\"wp-image-11133\" srcset=\"http:\/\/www.pasadenahoy.com\/primero\/wp-content\/uploads\/2021\/09\/pic3-5.jpg 700w, http:\/\/www.pasadenahoy.com\/primero\/wp-content\/uploads\/2021\/09\/pic3-5-300x162.jpg 300w, http:\/\/www.pasadenahoy.com\/primero\/wp-content\/uploads\/2021\/09\/pic3-5-241x130.jpg 241w, http:\/\/www.pasadenahoy.com\/primero\/wp-content\/uploads\/2021\/09\/pic3-5-333x180.jpg 333w, http:\/\/www.pasadenahoy.com\/primero\/wp-content\/uploads\/2021\/09\/pic3-5-360x194.jpg 360w\" sizes=\"100vw\" \/><\/figure><\/figure>\n\n\n\n<p>El Consejo de la Ciudad est\u00e1 programado para el lunes celebrar nuevamente una audiencia p\u00fablica sobre el Plan Espec\u00edfico de Lincoln Avenue.<\/p>\n\n\n\n<p>El Plan Espec\u00edfico de Lincoln Avenue (LASP) actualizado cambiar\u00eda la calle de un \u00e1rea industrial y comercial limitada a un distrito m\u00e1s vibrante orientado al vecindario, con nuevas opciones de vivienda, negocios minoristas y de servicios, espacios de oficinas y usos comunitarios.<\/p>\n\n\n\n<p>El ayuntamiento ten\u00eda previsto debatir el tema el lunes pasado, pero lo celebr\u00f3 para que pudiera llevarse a cabo ante el pleno del Ayuntamiento.<\/p>\n\n\n\n<p>El concejal John Kennedy estuvo ausente el lunes pasado, y parte de Lincoln Avenue atraviesa el Distrito 3, que est\u00e1 representado por Kennedy.<\/p>\n\n\n\n<p>Las actualizaciones del LASP se enfocan principalmente en refinar y establecer est\u00e1ndares de desarrollo objetivos para lograr las metas y la visi\u00f3n del Plan General de la ciudad.<\/p>\n\n\n\n<p>El proyecto incluye actualizaciones de tipos de uso; pol\u00edticas; est\u00e1ndares de dise\u00f1o y \u00e1mbito p\u00fablico; densidad e intensidad de desarrollo; altura y \/ o escala general de edificios y estructuras; retrocesos y retrocesos; requisitos de estacionamiento; tipos y cantidades de espacios abiertos y requisitos de paisajismo y espacios abiertos; y programas de implementaci\u00f3n.<\/p>\n\n\n\n<p>Junto con Lincoln Avenue, el Distrito Central, East Colorado Boulevard, East Pasadena, Fair Oaks \/ Orange Grove, Lamanda Park, North Lake Avenue y South Fair Oaks Avenue tienen planes espec\u00edficos que especifican las acciones que se deben tomar para recrear los respectivos corredores que servir mejor a los vecindarios circundantes y crear una puerta de entrada atractiva a Pasadena.<\/p>\n\n\n\n<p>Estos planes est\u00e1n destinados a ser coherentes con las metas y pol\u00edticas del Plan General. La ciudad est\u00e1 actualizando los ocho planes espec\u00edficos como parte del programa Our Pasadena 2018, lanzado como un paso hacia la implementaci\u00f3n del Plan General de la ciudad, que gu\u00eda el crecimiento y el desarrollo futuros generales.<\/p>\n\n\n\n<p>Los objetivos clave del Plan Espec\u00edfico de Lincoln Avenue incluyen:<\/p>\n\n\n\n<p>Crear un vecindario &#8220;Main Street&#8221; que servir\u00e1 como punto focal para los vecindarios que rodean Lincoln Avenue.<br>Preservar y mejorar las \u00e1reas residenciales existentes al brindar nuevas oportunidades para todo tipo de vivienda a lo largo del corredor al facilitar oportunidades para desarrollos que brinden negocios minoristas y de servicios orientados al vecindario, oportunidades de empleo local y un v\u00ednculo con la comunidad.<br>Proporcionar la eliminaci\u00f3n gradual de los usos industriales que crean conflictos con los vecindarios circundantes.<br>Apoyar dise\u00f1os que contribuyan al car\u00e1cter mejorado de la ciudad y del noroeste de Pasadena en particular.<br>Enriqueciendo el entorno peatonal a lo largo de Lincoln Avenue a trav\u00e9s de proyectos bien dise\u00f1ados y adecuadamente escalados y agradables paisajes urbanos.<br>Invitar a la actividad peatonal a trav\u00e9s de un corredor de paisaje urbano cohesivo y mejorado.<br>Fomentar la inversi\u00f3n, el mantenimiento y el orgullo en el \u00e1rea del Plan Espec\u00edfico de Lincoln Avenue.<br>Mejora de la seguridad p\u00fablica.<br>Seg\u00fan su plan, Lincoln Avenue ha sido durante d\u00e9cadas la ubicaci\u00f3n de negocios industriales a peque\u00f1a escala, muchos con operaciones al aire libre.<\/p>\n\n\n\n<p>\u201cSi bien Pasadena ciertamente respalda un sector industrial local vibrante, los distritos de la ciudad que no sean el corredor de Lincoln Avenue son m\u00e1s adecuados y han sido designados para tales fines\u201d, dice el plan.<\/p>\n\n\n\n<p>El Plan Espec\u00edfico de East Colorado Boulevard est\u00e1 programado para presentarse ante el Concejo Municipal a finales de este a\u00f1o. Seg\u00fan una agenda de la Comisi\u00f3n de Planificaci\u00f3n, ese tema est\u00e1 programado para ir a ese organismo esta semana.<\/p>\n\n\n\n<p>Las audiencias p\u00fablicas para los planes restantes est\u00e1n programadas a lo largo de 2022.<\/p>\n","protected":false},"excerpt":{"rendered":"<p>El Consejo de la Ciudad est\u00e1 programado para el lunes celebrar nuevamente una audiencia p\u00fablica sobre el Plan Espec\u00edfico de Lincoln Avenue. El Plan Espec\u00edfico de Lincoln Avenue (LASP) actualizado cambiar\u00eda la calle de un \u00e1rea industrial y comercial limitada a un distrito m\u00e1s vibrante orientado al vecindario, con nuevas opciones de vivienda, negocios minoristas y de servicios, espacios de oficinas y usos comunitarios. El ayuntamiento ten\u00eda previsto debatir el tema el lunes pasado, pero lo celebr\u00f3 para que pudiera [&hellip;]<\/p>\n","protected":false},"author":4,"featured_media":11133,"comment_status":"open","ping_status":"closed","sticky":false,"template":"","format":"standard","meta":[],"categories":[6],"tags":[],"acf":[],"_links":{"self":[{"href":"http:\/\/www.pasadenahoy.com\/primero\/wp-json\/wp\/v2\/posts\/11132"}],"collection":[{"href":"http:\/\/www.pasadenahoy.com\/primero\/wp-json\/wp\/v2\/posts"}],"about":[{"href":"http:\/\/www.pasadenahoy.com\/primero\/wp-json\/wp\/v2\/types\/post"}],"author":[{"embeddable":true,"href":"http:\/\/www.pasadenahoy.com\/primero\/wp-json\/wp\/v2\/users\/4"}],"replies":[{"embeddable":true,"href":"http:\/\/www.pasadenahoy.com\/primero\/wp-json\/wp\/v2\/comments?post=11132"}],"version-history":[{"count":2,"href":"http:\/\/www.pasadenahoy.com\/primero\/wp-json\/wp\/v2\/posts\/11132\/revisions"}],"predecessor-version":[{"id":11135,"href":"http:\/\/www.pasadenahoy.com\/primero\/wp-json\/wp\/v2\/posts\/11132\/revisions\/11135"}],"wp:featuredmedia":[{"embeddable":true,"href":"http:\/\/www.pasadenahoy.com\/primero\/wp-json\/wp\/v2\/media\/11133"}],"wp:attachment":[{"href":"http:\/\/www.pasadenahoy.com\/primero\/wp-json\/wp\/v2\/media?parent=11132"}],"wp:term":[{"taxonomy":"category","embeddable":true,"href":"http:\/\/www.pasadenahoy.com\/primero\/wp-json\/wp\/v2\/categories?post=11132"},{"taxonomy":"post_tag","embeddable":true,"href":"http:\/\/www.pasadenahoy.com\/primero\/wp-json\/wp\/v2\/tags?post=11132"}],"curies":[{"name":"wp","href":"https:\/\/api.w.org\/{rel}","templated":true}]}}