{"id":11136,"date":"2021-09-20T15:17:47","date_gmt":"2021-09-20T15:17:47","guid":{"rendered":"http:\/\/www.pasadenahoy.com\/primero\/?p=11136"},"modified":"2021-09-20T15:17:49","modified_gmt":"2021-09-20T15:17:49","slug":"tasa-de-desempleo-de-pasadena-superior-al-promedio-nacional-pero-inferior-a-la-del-condado","status":"publish","type":"post","link":"http:\/\/www.pasadenahoy.com\/primero\/la-comunidad\/tasa-de-desempleo-de-pasadena-superior-al-promedio-nacional-pero-inferior-a-la-del-condado\/","title":{"rendered":"Tasa de desempleo de Pasadena superior al promedio nacional, pero inferior a la del condado"},"content":{"rendered":"\n<figure class=\"wp-block-image alignnone size-large\"><figure class=\"alignnone\"><img loading=\"lazy\" width=\"700\" height=\"378\" src=\"http:\/\/www.pasadenahoy.com\/primero\/wp-content\/uploads\/2021\/09\/pic-4-5.jpg\" alt=\"\" class=\"wp-image-11137\" srcset=\"http:\/\/www.pasadenahoy.com\/primero\/wp-content\/uploads\/2021\/09\/pic-4-5.jpg 700w, http:\/\/www.pasadenahoy.com\/primero\/wp-content\/uploads\/2021\/09\/pic-4-5-300x162.jpg 300w, http:\/\/www.pasadenahoy.com\/primero\/wp-content\/uploads\/2021\/09\/pic-4-5-241x130.jpg 241w, http:\/\/www.pasadenahoy.com\/primero\/wp-content\/uploads\/2021\/09\/pic-4-5-333x180.jpg 333w, http:\/\/www.pasadenahoy.com\/primero\/wp-content\/uploads\/2021\/09\/pic-4-5-360x194.jpg 360w\" sizes=\"100vw\" \/><\/figure><\/figure>\n\n\n\n<p>Pasadena registr\u00f3 una tasa de desempleo del 8.2 por ciento seg\u00fan los \u00faltimos datos preliminares disponibles, m\u00e1s alta en aproximadamente un tres por ciento en comparaci\u00f3n con el promedio nacional, pero significativamente m\u00e1s baja que la tasa de desempleo del condado de Los \u00c1ngeles.<\/p>\n\n\n\n<p>El tesorero de la ciudad, Vic Erganian, present\u00f3 las estad\u00edsticas de desempleo local como parte del informe trimestral de inversiones que present\u00f3 el lunes pasado en la reuni\u00f3n del Comit\u00e9 de Finanzas del Ayuntamiento. La presentaci\u00f3n de Erganian mostr\u00f3 que 6.400 estaban desempleados en julio en Pasadena, de una fuerza laboral de 78.100.<\/p>\n\n\n\n<p>En el condado de Los \u00c1ngeles, la tasa de desempleo ajustada estacionalmente disminuy\u00f3 durante el mes a 10.1 por ciento en julio y estuvo muy por debajo de la tasa de 17.2 por ciento hace un a\u00f1o.<\/p>\n\n\n\n<p>California registr\u00f3 una tasa de desempleo que es a\u00fan m\u00e1s alta que el promedio nacional (7.5 por ciento en agosto de 2021 en comparaci\u00f3n con 5.2 por ciento en todo el pa\u00eds), pero mostr\u00f3 una gran mejora, cayendo un 8.5 por ciento desde el pico pand\u00e9mico del 16 por ciento en abril de 2020, seg\u00fan un informe. publicado la semana pasada por el Departamento de Desarrollo del Empleo del estado (EDD).<\/p>\n\n\n\n<p>En la reuni\u00f3n del Comit\u00e9 de Finanzas del lunes pasado, una de las razones dadas para la mayor tasa de desempleo en California es el alto n\u00famero de empleos en el estado asociados con restaurantes y hoteles, que se han visto muy afectados por la pandemia de COVID.<\/p>\n\n\n\n<p>En el estado, la cantidad de empleos en la categor\u00eda de industria de Ocio y Hospitalidad tradicionalmente ha estado en segundo lugar despu\u00e9s de la categor\u00eda de Gobierno. Entre julio y agosto, el n\u00famero de personas empleadas en el ocio y la hosteler\u00eda aument\u00f3 en m\u00e1s de 33.100.<\/p>\n\n\n\n<p>El total de empleos no agr\u00edcolas en las 11 industrias principales de California ascendi\u00f3 a 16.632.100 en agosto, una ganancia neta de 104.300 empleos desde julio, mostr\u00f3 el informe.<\/p>\n\n\n\n<p>La tasa de desempleo de Pasadena estaba en un pico de COVID-19 del 16.8 por ciento en mayo de 2020 y desde entonces ha estado disminuyendo constantemente. En junio, estaba en 8,7 por ciento.<\/p>\n","protected":false},"excerpt":{"rendered":"<p>Pasadena registr\u00f3 una tasa de desempleo del 8.2 por ciento seg\u00fan los \u00faltimos datos preliminares disponibles, m\u00e1s alta en aproximadamente un tres por ciento en comparaci\u00f3n con el promedio nacional, pero significativamente m\u00e1s baja que la tasa de desempleo del condado de Los \u00c1ngeles. El tesorero de la ciudad, Vic Erganian, present\u00f3 las estad\u00edsticas de desempleo local como parte del informe trimestral de inversiones que present\u00f3 el lunes pasado en la reuni\u00f3n del Comit\u00e9 de Finanzas del Ayuntamiento. La presentaci\u00f3n [&hellip;]<\/p>\n","protected":false},"author":4,"featured_media":0,"comment_status":"open","ping_status":"closed","sticky":false,"template":"","format":"standard","meta":[],"categories":[4],"tags":[],"acf":[],"_links":{"self":[{"href":"http:\/\/www.pasadenahoy.com\/primero\/wp-json\/wp\/v2\/posts\/11136"}],"collection":[{"href":"http:\/\/www.pasadenahoy.com\/primero\/wp-json\/wp\/v2\/posts"}],"about":[{"href":"http:\/\/www.pasadenahoy.com\/primero\/wp-json\/wp\/v2\/types\/post"}],"author":[{"embeddable":true,"href":"http:\/\/www.pasadenahoy.com\/primero\/wp-json\/wp\/v2\/users\/4"}],"replies":[{"embeddable":true,"href":"http:\/\/www.pasadenahoy.com\/primero\/wp-json\/wp\/v2\/comments?post=11136"}],"version-history":[{"count":2,"href":"http:\/\/www.pasadenahoy.com\/primero\/wp-json\/wp\/v2\/posts\/11136\/revisions"}],"predecessor-version":[{"id":11139,"href":"http:\/\/www.pasadenahoy.com\/primero\/wp-json\/wp\/v2\/posts\/11136\/revisions\/11139"}],"wp:attachment":[{"href":"http:\/\/www.pasadenahoy.com\/primero\/wp-json\/wp\/v2\/media?parent=11136"}],"wp:term":[{"taxonomy":"category","embeddable":true,"href":"http:\/\/www.pasadenahoy.com\/primero\/wp-json\/wp\/v2\/categories?post=11136"},{"taxonomy":"post_tag","embeddable":true,"href":"http:\/\/www.pasadenahoy.com\/primero\/wp-json\/wp\/v2\/tags?post=11136"}],"curies":[{"name":"wp","href":"https:\/\/api.w.org\/{rel}","templated":true}]}}