{"id":11157,"date":"2021-09-20T15:42:54","date_gmt":"2021-09-20T15:42:54","guid":{"rendered":"http:\/\/www.pasadenahoy.com\/primero\/?p=11157"},"modified":"2021-09-20T15:42:56","modified_gmt":"2021-09-20T15:42:56","slug":"el-departamento-de-educacion-de-ee-uu-otorga-a-caltech-23-millones-para-ayudar-a-los-estudiantes-afectados-por-la-pandemia-covid-19-de-caltech","status":"publish","type":"post","link":"http:\/\/www.pasadenahoy.com\/primero\/la-comunidad\/el-departamento-de-educacion-de-ee-uu-otorga-a-caltech-23-millones-para-ayudar-a-los-estudiantes-afectados-por-la-pandemia-covid-19-de-caltech\/","title":{"rendered":"El Departamento de Educaci\u00f3n de EE. UU. Otorga a Caltech $ 2,3 millones para ayudar a los estudiantes afectados por la pandemia COVID-19 DE CALTECH"},"content":{"rendered":"\n<figure class=\"wp-block-image alignnone size-large\"><figure class=\"alignnone\"><img loading=\"lazy\" width=\"700\" height=\"378\" src=\"http:\/\/www.pasadenahoy.com\/primero\/wp-content\/uploads\/2021\/09\/pic9-1.jpg\" alt=\"\" class=\"wp-image-11158\" srcset=\"http:\/\/www.pasadenahoy.com\/primero\/wp-content\/uploads\/2021\/09\/pic9-1.jpg 700w, http:\/\/www.pasadenahoy.com\/primero\/wp-content\/uploads\/2021\/09\/pic9-1-300x162.jpg 300w, http:\/\/www.pasadenahoy.com\/primero\/wp-content\/uploads\/2021\/09\/pic9-1-241x130.jpg 241w, http:\/\/www.pasadenahoy.com\/primero\/wp-content\/uploads\/2021\/09\/pic9-1-333x180.jpg 333w, http:\/\/www.pasadenahoy.com\/primero\/wp-content\/uploads\/2021\/09\/pic9-1-360x194.jpg 360w\" sizes=\"100vw\" \/><\/figure><\/figure>\n\n\n\n<p>Como parte de un programa federal para ayudar a las instituciones de educaci\u00f3n superior durante la pandemia de COVID-19, el Departamento de Educaci\u00f3n de EE. UU. Recientemente otorg\u00f3 a Caltech casi $ 2.3 millones, la mitad de los cuales se otorgar\u00e1n como subvenciones a estudiantes que enfrentan desaf\u00edos importantes relacionados con la enfermedad, y la otra mitad ayudar\u00e1 a respaldar los programas de remediaci\u00f3n de COVID-19 del Instituto.<\/p>\n\n\n\n<p>Caltech recibi\u00f3 su premio del Fondo de Ayuda para Emergencias de Educaci\u00f3n Superior III (HEERF III) el 18 de agosto y est\u00e1 en el proceso de determinar la cantidad de estudiantes elegibles para recibir becas HEERF III. Seg\u00fan la orientaci\u00f3n del Departamento de Educaci\u00f3n, Caltech se asegurar\u00e1 de que los estudiantes nacionales de pregrado con necesidades excepcionales tengan prioridad en la asignaci\u00f3n de fondos. Las becas para estudiantes elegibles oscilar\u00e1n entre $ 1,000 y $ 4,000.<\/p>\n\n\n\n<p>No hay proceso de aplicaci\u00f3n; Los estudiantes ser\u00e1n notificados por correo electr\u00f3nico durante el per\u00edodo de oto\u00f1o de 2021 de su elegibilidad para una subvenci\u00f3n HEERF III y se les dar\u00e1n instrucciones sobre c\u00f3mo y cu\u00e1ndo recibir\u00e1n los fondos.<\/p>\n","protected":false},"excerpt":{"rendered":"<p>Como parte de un programa federal para ayudar a las instituciones de educaci\u00f3n superior durante la pandemia de COVID-19, el Departamento de Educaci\u00f3n de EE. UU. Recientemente otorg\u00f3 a Caltech casi $ 2.3 millones, la mitad de los cuales se otorgar\u00e1n como subvenciones a estudiantes que enfrentan desaf\u00edos importantes relacionados con la enfermedad, y la otra mitad ayudar\u00e1 a respaldar los programas de remediaci\u00f3n de COVID-19 del Instituto. Caltech recibi\u00f3 su premio del Fondo de Ayuda para Emergencias de Educaci\u00f3n [&hellip;]<\/p>\n","protected":false},"author":4,"featured_media":0,"comment_status":"open","ping_status":"closed","sticky":false,"template":"","format":"standard","meta":[],"categories":[4],"tags":[],"acf":[],"_links":{"self":[{"href":"http:\/\/www.pasadenahoy.com\/primero\/wp-json\/wp\/v2\/posts\/11157"}],"collection":[{"href":"http:\/\/www.pasadenahoy.com\/primero\/wp-json\/wp\/v2\/posts"}],"about":[{"href":"http:\/\/www.pasadenahoy.com\/primero\/wp-json\/wp\/v2\/types\/post"}],"author":[{"embeddable":true,"href":"http:\/\/www.pasadenahoy.com\/primero\/wp-json\/wp\/v2\/users\/4"}],"replies":[{"embeddable":true,"href":"http:\/\/www.pasadenahoy.com\/primero\/wp-json\/wp\/v2\/comments?post=11157"}],"version-history":[{"count":2,"href":"http:\/\/www.pasadenahoy.com\/primero\/wp-json\/wp\/v2\/posts\/11157\/revisions"}],"predecessor-version":[{"id":11160,"href":"http:\/\/www.pasadenahoy.com\/primero\/wp-json\/wp\/v2\/posts\/11157\/revisions\/11160"}],"wp:attachment":[{"href":"http:\/\/www.pasadenahoy.com\/primero\/wp-json\/wp\/v2\/media?parent=11157"}],"wp:term":[{"taxonomy":"category","embeddable":true,"href":"http:\/\/www.pasadenahoy.com\/primero\/wp-json\/wp\/v2\/categories?post=11157"},{"taxonomy":"post_tag","embeddable":true,"href":"http:\/\/www.pasadenahoy.com\/primero\/wp-json\/wp\/v2\/tags?post=11157"}],"curies":[{"name":"wp","href":"https:\/\/api.w.org\/{rel}","templated":true}]}}