{"id":11177,"date":"2021-09-21T15:27:30","date_gmt":"2021-09-21T15:27:30","guid":{"rendered":"http:\/\/www.pasadenahoy.com\/primero\/?p=11177"},"modified":"2021-09-21T15:27:32","modified_gmt":"2021-09-21T15:27:32","slug":"el-ayuntamiento-de-split-aprueba-la-orden-de-compra-de-17-vehiculos-a-gasolina","status":"publish","type":"post","link":"http:\/\/www.pasadenahoy.com\/primero\/el-gobierno-local\/el-ayuntamiento-de-split-aprueba-la-orden-de-compra-de-17-vehiculos-a-gasolina\/","title":{"rendered":"El Ayuntamiento de Split aprueba la orden de compra de 17 veh\u00edculos a gasolina"},"content":{"rendered":"\n<figure class=\"wp-block-image alignnone size-large\"><figure class=\"alignnone\"><img loading=\"lazy\" width=\"700\" height=\"378\" src=\"http:\/\/www.pasadenahoy.com\/primero\/wp-content\/uploads\/2021\/09\/pic-3-4.jpg\" alt=\"\" class=\"wp-image-11178\" srcset=\"http:\/\/www.pasadenahoy.com\/primero\/wp-content\/uploads\/2021\/09\/pic-3-4.jpg 700w, http:\/\/www.pasadenahoy.com\/primero\/wp-content\/uploads\/2021\/09\/pic-3-4-300x162.jpg 300w, http:\/\/www.pasadenahoy.com\/primero\/wp-content\/uploads\/2021\/09\/pic-3-4-241x130.jpg 241w, http:\/\/www.pasadenahoy.com\/primero\/wp-content\/uploads\/2021\/09\/pic-3-4-333x180.jpg 333w, http:\/\/www.pasadenahoy.com\/primero\/wp-content\/uploads\/2021\/09\/pic-3-4-360x194.jpg 360w\" sizes=\"100vw\" \/><\/figure><\/figure>\n\n\n\n<p>El Ayuntamiento de Pasadena vot\u00f3 5-3 el lunes para aprobar una orden de compra con 72 Hour LLC para 17 veh\u00edculos, ocho veh\u00edculos deportivos utilitarios y nueve camiones, como parte de la parte del calendario de consentimiento de la agenda de la reuni\u00f3n del consejo.<\/p>\n\n\n\n<p>Pero antes de que pasara el asunto, el personal volvi\u00f3 a reiterar que a estas alturas no existen veh\u00edculos el\u00e9ctricos que contengan el equipamiento necesario que necesita la ciudad. Los SUV se utilizar\u00e1n para la seguridad p\u00fablica.<\/p>\n\n\n\n<p>Los concejales Tyron Hampton y Steve Madison votaron en contra del tema junto con el alcalde Victor Gordo.<\/p>\n\n\n\n<p>&#8220;Estamos en problemas en este momento&#8221;, dijo Madison al discutir la urgencia del cambio clim\u00e1tico, el lunes marc\u00f3 la tercera vez que la orden de compra se somete a deliberaci\u00f3n. Cada vez ha habido llamamientos para que la ciudad cambie a veh\u00edculos el\u00e9ctricos.<\/p>\n\n\n\n<p>\u201c\u00bfPor qu\u00e9 la ciudad est\u00e1 buscando firmar un acuerdo para gastar casi un mill\u00f3n de d\u00f3lares en SUV que consumen mucha gasolina mientras el estado de California literalmente se quema debido al cambio clim\u00e1tico?\u201d, Escribi\u00f3 Topher Mathers en correspondencia con la ciudad.<\/p>\n\n\n\n<p>En julio, el consejo vot\u00f3 a favor de enviar el art\u00edculo a un comit\u00e9 despu\u00e9s de que los defensores plantearon el mismo problema. El Comit\u00e9 de Servicios Municipales escuch\u00f3 el tema la semana pasada y aprob\u00f3 la orden de compra que ahora est\u00e1 de vuelta ante el Concejo Municipal para su consideraci\u00f3n.<\/p>\n\n\n\n<p>El pedido de veh\u00edculos respetuosos con el clima se produce cuando las temperaturas contin\u00faan aumentando y los incendios forestales se descontrolan en algunas partes del pa\u00eds.<\/p>\n\n\n\n<p>&#8220;Tenemos una gran lucha en nuestras manos, la lucha contra los efectos devastadores de las emisiones de gases de efecto invernadero en nuestra calidad de vida, nuestra propiedad y la supervivencia de nuestros hijos y nietos&#8221;, escribi\u00f3 Martha Zavala de la Liga de Mujeres Votantes del \u00c1rea de Pasadena. \u201cEl aumento del calor, las tormentas y la escasez de agua son presagios aterradores de lo que vendr\u00e1 a menos que hagamos una r\u00e1pida transici\u00f3n hacia una nueva forma. &#8220;<\/p>\n\n\n\n<p>Como parte del presupuesto operativo aprobado para el a\u00f1o fiscal 2022, se est\u00e1 implementando un plan de reemplazo de flota de tres a\u00f1os para abordar de manera integral el envejecimiento de la flota de la ciudad &#8220;, seg\u00fan un informe del personal de la ciudad. \u201cEste plan de tres a\u00f1os prioriza las necesidades de reemplazo de veh\u00edculos de la ciudad en apoyo de las operaciones de cada departamento, asegurando modos de transporte seguros y equipos de veh\u00edculos para que el personal realice sus funciones y servicios, disminuyendo los costos de reparaci\u00f3n y mantenimiento de la flota y, al mismo tiempo, permitiendo un esfuerzo consolidado para agrupar tipos de veh\u00edculos similares para econom\u00edas de escala y procesos de compra eficientes.<\/p>\n","protected":false},"excerpt":{"rendered":"<p>El Ayuntamiento de Pasadena vot\u00f3 5-3 el lunes para aprobar una orden de compra con 72 Hour LLC para 17 veh\u00edculos, ocho veh\u00edculos deportivos utilitarios y nueve camiones, como parte de la parte del calendario de consentimiento de la agenda de la reuni\u00f3n del consejo. Pero antes de que pasara el asunto, el personal volvi\u00f3 a reiterar que a estas alturas no existen veh\u00edculos el\u00e9ctricos que contengan el equipamiento necesario que necesita la ciudad. Los SUV se utilizar\u00e1n para la [&hellip;]<\/p>\n","protected":false},"author":4,"featured_media":11178,"comment_status":"open","ping_status":"closed","sticky":false,"template":"","format":"standard","meta":[],"categories":[6],"tags":[],"acf":[],"_links":{"self":[{"href":"http:\/\/www.pasadenahoy.com\/primero\/wp-json\/wp\/v2\/posts\/11177"}],"collection":[{"href":"http:\/\/www.pasadenahoy.com\/primero\/wp-json\/wp\/v2\/posts"}],"about":[{"href":"http:\/\/www.pasadenahoy.com\/primero\/wp-json\/wp\/v2\/types\/post"}],"author":[{"embeddable":true,"href":"http:\/\/www.pasadenahoy.com\/primero\/wp-json\/wp\/v2\/users\/4"}],"replies":[{"embeddable":true,"href":"http:\/\/www.pasadenahoy.com\/primero\/wp-json\/wp\/v2\/comments?post=11177"}],"version-history":[{"count":2,"href":"http:\/\/www.pasadenahoy.com\/primero\/wp-json\/wp\/v2\/posts\/11177\/revisions"}],"predecessor-version":[{"id":11180,"href":"http:\/\/www.pasadenahoy.com\/primero\/wp-json\/wp\/v2\/posts\/11177\/revisions\/11180"}],"wp:featuredmedia":[{"embeddable":true,"href":"http:\/\/www.pasadenahoy.com\/primero\/wp-json\/wp\/v2\/media\/11178"}],"wp:attachment":[{"href":"http:\/\/www.pasadenahoy.com\/primero\/wp-json\/wp\/v2\/media?parent=11177"}],"wp:term":[{"taxonomy":"category","embeddable":true,"href":"http:\/\/www.pasadenahoy.com\/primero\/wp-json\/wp\/v2\/categories?post=11177"},{"taxonomy":"post_tag","embeddable":true,"href":"http:\/\/www.pasadenahoy.com\/primero\/wp-json\/wp\/v2\/tags?post=11177"}],"curies":[{"name":"wp","href":"https:\/\/api.w.org\/{rel}","templated":true}]}}