{"id":11181,"date":"2021-09-21T15:31:47","date_gmt":"2021-09-21T15:31:47","guid":{"rendered":"http:\/\/www.pasadenahoy.com\/primero\/?p=11181"},"modified":"2021-09-21T15:31:49","modified_gmt":"2021-09-21T15:31:49","slug":"el-consejo-reprograma-la-decision-de-la-audiencia-de-apelaciones-de-la-junta-de-zonificacion-para-denegar-cup-para-la-tienda-de-comestibles-local","status":"publish","type":"post","link":"http:\/\/www.pasadenahoy.com\/primero\/la-comunidad\/el-consejo-reprograma-la-decision-de-la-audiencia-de-apelaciones-de-la-junta-de-zonificacion-para-denegar-cup-para-la-tienda-de-comestibles-local\/","title":{"rendered":"El Consejo reprograma la decisi\u00f3n de la audiencia de apelaciones de la Junta de Zonificaci\u00f3n para denegar CUP para la tienda de comestibles local"},"content":{"rendered":"\n<figure class=\"wp-block-image alignnone size-large\"><figure class=\"alignnone\"><img loading=\"lazy\" width=\"700\" height=\"378\" src=\"http:\/\/www.pasadenahoy.com\/primero\/wp-content\/uploads\/2021\/09\/pic-4-6.jpg\" alt=\"\" class=\"wp-image-11182\" srcset=\"http:\/\/www.pasadenahoy.com\/primero\/wp-content\/uploads\/2021\/09\/pic-4-6.jpg 700w, http:\/\/www.pasadenahoy.com\/primero\/wp-content\/uploads\/2021\/09\/pic-4-6-300x162.jpg 300w, http:\/\/www.pasadenahoy.com\/primero\/wp-content\/uploads\/2021\/09\/pic-4-6-241x130.jpg 241w, http:\/\/www.pasadenahoy.com\/primero\/wp-content\/uploads\/2021\/09\/pic-4-6-333x180.jpg 333w, http:\/\/www.pasadenahoy.com\/primero\/wp-content\/uploads\/2021\/09\/pic-4-6-360x194.jpg 360w\" sizes=\"100vw\" \/><\/figure><\/figure>\n\n\n\n<p>El lunes, el Ayuntamiento de Pasadena vot\u00f3 un\u00e1nimemente para reprogramar una audiencia sobre una decisi\u00f3n de la Junta de Apelaciones de Zonificaci\u00f3n (BZA) despu\u00e9s de que se descubri\u00f3 que hab\u00eda un error de publicaci\u00f3n sobre el asunto.<\/p>\n\n\n\n<p>El art\u00edculo volver\u00e1 al consejo el pr\u00f3ximo mes despu\u00e9s de que se vuelva a publicar.<\/p>\n\n\n\n<p>Seg\u00fan una persona familiarizada con el tema, los avisos p\u00fablicos sobre la audiencia no se publicaron en el mercado dentro del radio adecuado.<\/p>\n\n\n\n<p>La BZA confirm\u00f3 la decisi\u00f3n de un oficial de audiencias de negarle a una tienda de comestibles local que vende cerveza y productos de vino un permiso de uso condicional para vender tambi\u00e9n una l\u00ednea completa de productos de licor.<\/p>\n\n\n\n<p>Cuando el asunto lleg\u00f3 ante un funcionario de audiencias de la ciudad en febrero, se determin\u00f3 que no se cumplir\u00edan cinco condiciones cr\u00edticas si se vend\u00eda una l\u00ednea completa de bebidas alcoh\u00f3licas en la tienda.<\/p>\n\n\n\n<p>Para ser aprobado, el CUP debe conducir a. una ganancia de empleo neta sustancial en el sitio, un aumento sustancial en los impuestos comerciales, una determinaci\u00f3n de que la tienda es una adici\u00f3n comercial \u00fanica a la comunidad.<\/p>\n\n\n\n<p>El CUP tambi\u00e9n debe contribuir a los objetivos generales de desarrollo econ\u00f3mico a largo plazo del \u00e1rea y el proyecto debe resultar en una mejora positiva del \u00e1rea.<\/p>\n\n\n\n<p>Posteriormente, la BZA descubri\u00f3 que la CUP probablemente crear\u00eda condiciones que afectar\u00edan negativamente el bienestar general de los propietarios circundantes, dar\u00eda como resultado una concentraci\u00f3n indeseable de locales para la venta de bebidas alcoh\u00f3licas en el \u00e1rea, afectar\u00eda negativamente el \u00e1rea circundante cercana, agravar\u00eda probablemente problemas<br>creado por la venta de alcohol y no est\u00e1 en conformidad con las metas, pol\u00edticas y objetivos del Plan General de la ciudad.<\/p>\n\n\n\n<p>Tres licorer\u00edas se encuentran a una milla del mercado.<\/p>\n\n\n\n<p>La polic\u00eda ha respondido a decenas de llamadas de servicio cerca y alrededor del mercado Linda Rosa, ubicado en la cuadra 800 de East Villa Street. Los propietarios del mercado buscan un CUP para vender una l\u00ednea completa de bebidas alcoh\u00f3licas, incluidas las bebidas espirituosas, seg\u00fan un informe del personal de la ciudad.<\/p>\n\n\n\n<p>Desde finales de enero hasta principios de mayo, la polic\u00eda de Pasadena inform\u00f3 haber respondido a decenas de llamadas de servicio a 500 pies del mercado. Las llamadas incluyeron quejas sobre robo, disturbios p\u00fablicos, holgazaner\u00eda, vandalismo, robo y embriaguez p\u00fablica, y eso fue con la tienda que vende solo cerveza y vino.<\/p>\n","protected":false},"excerpt":{"rendered":"<p>El lunes, el Ayuntamiento de Pasadena vot\u00f3 un\u00e1nimemente para reprogramar una audiencia sobre una decisi\u00f3n de la Junta de Apelaciones de Zonificaci\u00f3n (BZA) despu\u00e9s de que se descubri\u00f3 que hab\u00eda un error de publicaci\u00f3n sobre el asunto. El art\u00edculo volver\u00e1 al consejo el pr\u00f3ximo mes despu\u00e9s de que se vuelva a publicar. Seg\u00fan una persona familiarizada con el tema, los avisos p\u00fablicos sobre la audiencia no se publicaron en el mercado dentro del radio adecuado. La BZA confirm\u00f3 la decisi\u00f3n [&hellip;]<\/p>\n","protected":false},"author":4,"featured_media":0,"comment_status":"open","ping_status":"closed","sticky":false,"template":"","format":"standard","meta":[],"categories":[4],"tags":[],"acf":[],"_links":{"self":[{"href":"http:\/\/www.pasadenahoy.com\/primero\/wp-json\/wp\/v2\/posts\/11181"}],"collection":[{"href":"http:\/\/www.pasadenahoy.com\/primero\/wp-json\/wp\/v2\/posts"}],"about":[{"href":"http:\/\/www.pasadenahoy.com\/primero\/wp-json\/wp\/v2\/types\/post"}],"author":[{"embeddable":true,"href":"http:\/\/www.pasadenahoy.com\/primero\/wp-json\/wp\/v2\/users\/4"}],"replies":[{"embeddable":true,"href":"http:\/\/www.pasadenahoy.com\/primero\/wp-json\/wp\/v2\/comments?post=11181"}],"version-history":[{"count":2,"href":"http:\/\/www.pasadenahoy.com\/primero\/wp-json\/wp\/v2\/posts\/11181\/revisions"}],"predecessor-version":[{"id":11184,"href":"http:\/\/www.pasadenahoy.com\/primero\/wp-json\/wp\/v2\/posts\/11181\/revisions\/11184"}],"wp:attachment":[{"href":"http:\/\/www.pasadenahoy.com\/primero\/wp-json\/wp\/v2\/media?parent=11181"}],"wp:term":[{"taxonomy":"category","embeddable":true,"href":"http:\/\/www.pasadenahoy.com\/primero\/wp-json\/wp\/v2\/categories?post=11181"},{"taxonomy":"post_tag","embeddable":true,"href":"http:\/\/www.pasadenahoy.com\/primero\/wp-json\/wp\/v2\/tags?post=11181"}],"curies":[{"name":"wp","href":"https:\/\/api.w.org\/{rel}","templated":true}]}}