{"id":11189,"date":"2021-09-21T15:42:16","date_gmt":"2021-09-21T15:42:16","guid":{"rendered":"http:\/\/www.pasadenahoy.com\/primero\/?p=11189"},"modified":"2021-09-21T15:42:18","modified_gmt":"2021-09-21T15:42:18","slug":"el-concejo-municipal-reasigna-500000-fondos-originalmente-destinados-para-el-alivio-de-la-renta-al-programa-de-vales-de-motel","status":"publish","type":"post","link":"http:\/\/www.pasadenahoy.com\/primero\/el-gobierno-local\/el-concejo-municipal-reasigna-500000-fondos-originalmente-destinados-para-el-alivio-de-la-renta-al-programa-de-vales-de-motel\/","title":{"rendered":"El Concejo Municipal reasigna $ 500,000 fondos originalmente destinados para el alivio de la renta al programa de vales de motel"},"content":{"rendered":"\n<figure class=\"wp-block-image alignnone size-large\"><figure class=\"alignnone\"><img loading=\"lazy\" width=\"700\" height=\"378\" src=\"http:\/\/www.pasadenahoy.com\/primero\/wp-content\/uploads\/2021\/09\/pic6-9.jpg\" alt=\"\" class=\"wp-image-11190\" srcset=\"http:\/\/www.pasadenahoy.com\/primero\/wp-content\/uploads\/2021\/09\/pic6-9.jpg 700w, http:\/\/www.pasadenahoy.com\/primero\/wp-content\/uploads\/2021\/09\/pic6-9-300x162.jpg 300w, http:\/\/www.pasadenahoy.com\/primero\/wp-content\/uploads\/2021\/09\/pic6-9-241x130.jpg 241w, http:\/\/www.pasadenahoy.com\/primero\/wp-content\/uploads\/2021\/09\/pic6-9-333x180.jpg 333w, http:\/\/www.pasadenahoy.com\/primero\/wp-content\/uploads\/2021\/09\/pic6-9-360x194.jpg 360w\" sizes=\"100vw\" \/><\/figure><\/figure>\n\n\n\n<p>El Concejo Municipal aprob\u00f3 la reasignaci\u00f3n de los fondos COVID-19 de la Subvenci\u00f3n de Soluciones de Emergencia de $ 500,000 originalmente propuestos para ser utilizados para la provisi\u00f3n de asistencia de alquiler a hogares en riesgo de quedarse sin hogar, a otros servicios de vivienda, incluido el programa de vales de motel.<\/p>\n\n\n\n<p>El lunes, el consejo vot\u00f3 un\u00e1nimemente sobre la recomendaci\u00f3n del personal de aprobar la reasignaci\u00f3n de los fondos de las actividades de prevenci\u00f3n de la falta de vivienda de la ciudad a las actividades de refugios de emergencia durante su reuni\u00f3n del lunes.<\/p>\n\n\n\n<p>Como resultado de la reasignaci\u00f3n, el financiamiento para refugios de emergencia, bajo ESG-CV, que apoyar\u00eda en gran medida la provisi\u00f3n de vales de motel, ha aumentado de $ 1,000,000 a $ 1,500,000.<\/p>\n\n\n\n<p>El Departamento de Vivienda y Desarrollo Urbano recomend\u00f3 originalmente una asignaci\u00f3n de fondos de $ 500,000 para actividades de prevenci\u00f3n de la falta de vivienda en preparaci\u00f3n para el levantamiento de la moratoria de desalojo relacionada con la pandemia para garantizar que los residentes no se queden sin hogar debido al impago del alquiler.<\/p>\n\n\n\n<p>Pero despu\u00e9s de que el Estado anunci\u00f3 en junio pasado que habr\u00e1 un programa de alivio de alquiler relacionado con la pandemia a gran escala para inquilinos con ingresos calificados, el departamento recomend\u00f3 realinear estos fondos para complementar la capacidad de refugio de emergencia con vales de motel.<\/p>\n\n\n\n<p>El Consejo tambi\u00e9n aprob\u00f3 la recomendaci\u00f3n de revisar las asignaciones de Subsidios para Soluciones de Emergencia (ESG) previamente aprobadas y agregar fondos para el Sistema de Informaci\u00f3n para la Gesti\u00f3n de Personas sin Hogar y los servicios de divulgaci\u00f3n en las calles.<\/p>\n\n\n\n<p>En un comentario, Ferne Hayes, residente de Pasadena, coment\u00f3 que la realineaci\u00f3n de fondos es sensata a la luz del programa estatal de alivio de alquileres.<\/p>\n\n\n\n<p>Sin embargo, Hayes inst\u00f3 a la Ciudad a expandir el objetivo de los fondos para incluir fondos para instalaciones de viviendas provisionales o puente.<\/p>\n\n\n\n<p>\u201cLos vales para refugios de emergencia y moteles en sitios dispersos permiten una sola noche de asistencia. Una vez que se utilizan, desaparecen &#8220;.<\/p>\n\n\n\n<p>\u201cLas ciudades cercanas de Los \u00c1ngeles, North Hollywood, Tarzana y Reseda han decidido que destinar fondos a estructuras de viviendas peque\u00f1as que se pueden utilizar una y otra vez es m\u00e1s eficiente\u201d, dijo Hayes.<\/p>\n\n\n\n<p>En su comentario p\u00fablico, la residente de Pasadena, Sonja Berndt, tambi\u00e9n expres\u00f3 sus esperanzas de que la ciudad asigne fondos para viviendas provisionales, donde una persona sin hogar puede vivir hasta que obtenga una vivienda permanente.<\/p>\n\n\n\n<p>Tambi\u00e9n inst\u00f3 al Consejo a aprobar propuestas para la creaci\u00f3n de una aldea de refugio o la reutilizaci\u00f3n de un motel local para viviendas provisionales.<\/p>\n\n\n\n<p>\u201cEstos modelos alternativos de viviendas provisionales brindan servicios de manera eficiente y son menos costosos que los vales de motel porque los peque\u00f1os refugios y las habitaciones de motel reutilizadas se pueden usar una y otra vez\u201d, dijo Berndt.<\/p>\n","protected":false},"excerpt":{"rendered":"<p>El Concejo Municipal aprob\u00f3 la reasignaci\u00f3n de los fondos COVID-19 de la Subvenci\u00f3n de Soluciones de Emergencia de $ 500,000 originalmente propuestos para ser utilizados para la provisi\u00f3n de asistencia de alquiler a hogares en riesgo de quedarse sin hogar, a otros servicios de vivienda, incluido el programa de vales de motel. El lunes, el consejo vot\u00f3 un\u00e1nimemente sobre la recomendaci\u00f3n del personal de aprobar la reasignaci\u00f3n de los fondos de las actividades de prevenci\u00f3n de la falta de vivienda [&hellip;]<\/p>\n","protected":false},"author":4,"featured_media":0,"comment_status":"open","ping_status":"closed","sticky":false,"template":"","format":"standard","meta":[],"categories":[6],"tags":[],"acf":[],"_links":{"self":[{"href":"http:\/\/www.pasadenahoy.com\/primero\/wp-json\/wp\/v2\/posts\/11189"}],"collection":[{"href":"http:\/\/www.pasadenahoy.com\/primero\/wp-json\/wp\/v2\/posts"}],"about":[{"href":"http:\/\/www.pasadenahoy.com\/primero\/wp-json\/wp\/v2\/types\/post"}],"author":[{"embeddable":true,"href":"http:\/\/www.pasadenahoy.com\/primero\/wp-json\/wp\/v2\/users\/4"}],"replies":[{"embeddable":true,"href":"http:\/\/www.pasadenahoy.com\/primero\/wp-json\/wp\/v2\/comments?post=11189"}],"version-history":[{"count":2,"href":"http:\/\/www.pasadenahoy.com\/primero\/wp-json\/wp\/v2\/posts\/11189\/revisions"}],"predecessor-version":[{"id":11192,"href":"http:\/\/www.pasadenahoy.com\/primero\/wp-json\/wp\/v2\/posts\/11189\/revisions\/11192"}],"wp:attachment":[{"href":"http:\/\/www.pasadenahoy.com\/primero\/wp-json\/wp\/v2\/media?parent=11189"}],"wp:term":[{"taxonomy":"category","embeddable":true,"href":"http:\/\/www.pasadenahoy.com\/primero\/wp-json\/wp\/v2\/categories?post=11189"},{"taxonomy":"post_tag","embeddable":true,"href":"http:\/\/www.pasadenahoy.com\/primero\/wp-json\/wp\/v2\/tags?post=11189"}],"curies":[{"name":"wp","href":"https:\/\/api.w.org\/{rel}","templated":true}]}}