{"id":11200,"date":"2021-09-22T15:17:55","date_gmt":"2021-09-22T15:17:55","guid":{"rendered":"http:\/\/www.pasadenahoy.com\/primero\/?p=11200"},"modified":"2021-09-22T15:17:57","modified_gmt":"2021-09-22T15:17:57","slug":"aviso-de-calor-emitido-para-horneado-a-102-grados-de-fin-de-verano-que-se-espera-llegue-a-pasadena-hoy","status":"publish","type":"post","link":"http:\/\/www.pasadenahoy.com\/primero\/la-comunidad\/aviso-de-calor-emitido-para-horneado-a-102-grados-de-fin-de-verano-que-se-espera-llegue-a-pasadena-hoy\/","title":{"rendered":"Aviso de calor emitido para horneado a 102 grados de fin de verano que se espera llegue a Pasadena hoy"},"content":{"rendered":"\n<figure class=\"wp-block-image alignnone size-large\"><figure class=\"alignnone\"><img loading=\"lazy\" width=\"700\" height=\"378\" src=\"http:\/\/www.pasadenahoy.com\/primero\/wp-content\/uploads\/2021\/09\/pic2-4.jpg\" alt=\"\" class=\"wp-image-11201\" srcset=\"http:\/\/www.pasadenahoy.com\/primero\/wp-content\/uploads\/2021\/09\/pic2-4.jpg 700w, http:\/\/www.pasadenahoy.com\/primero\/wp-content\/uploads\/2021\/09\/pic2-4-300x162.jpg 300w, http:\/\/www.pasadenahoy.com\/primero\/wp-content\/uploads\/2021\/09\/pic2-4-241x130.jpg 241w, http:\/\/www.pasadenahoy.com\/primero\/wp-content\/uploads\/2021\/09\/pic2-4-333x180.jpg 333w, http:\/\/www.pasadenahoy.com\/primero\/wp-content\/uploads\/2021\/09\/pic2-4-360x194.jpg 360w\" sizes=\"100vw\" \/><\/figure><\/figure>\n\n\n\n<p>Es posible que el verano est\u00e9 llegando a su fin, pero una r\u00e1faga de calor similar a la de mediados de verano est\u00e1 golpeando el mi\u00e9rcoles en Southland, y persistir\u00e1 hasta el jueves antes de que comience una tendencia de enfriamiento.<\/p>\n\n\n\n<p>Un aviso de calor emitido por el Servicio Meteorol\u00f3gico Nacional para Pasadena estar\u00e1 vigente hasta las 8 p.m. Mi\u00e9rcoles.<\/p>\n\n\n\n<p>La monta\u00f1a rusa de calor subir\u00e1 a tres d\u00edgitos el mi\u00e9rcoles y luego caer\u00e1 a 89 el jueves, dijeron los meteor\u00f3logos del NWS.<\/p>\n\n\n\n<p>Las condiciones deber\u00edan cambiar a partir del jueves, con un retorno del flujo en tierra y la llegada de un sistema de baja presi\u00f3n que probablemente enfr\u00ede las temperaturas hasta el domingo.<\/p>\n\n\n\n<p>Los meteor\u00f3logos advirtieron a los residentes que tomen precauciones si est\u00e1n afuera en el calor, como beber muchos l\u00edquidos, evitar la exposici\u00f3n prolongada al sol y vigilar a familiares y vecinos vulnerables.<\/p>\n\n\n\n<p>Aqu\u00ed est\u00e1 el pron\u00f3stico detallado del Servicio Meteorol\u00f3gico Nacional:<\/p>\n\n\n\n<p>Mi\u00e9rcoles: Soleado y calor, la m\u00e1xima alrededor de 102. Viento ligero y variable y llegar\u00e1 del oeste suroeste de 5 a 10 mph.<\/p>\n\n\n\n<p>Mi\u00e9. Por la Noche: Mayormente despejado, la m\u00ednima alrededor de 65. Viento del suroeste de 5 a 10 mph y se pondr\u00e1 en calma despu\u00e9s de medianoche.<\/p>\n\n\n\n<p>Jueves: Soleado, la m\u00e1xima alrededor de 89. Viento del sur alrededor de 5 mph. Jue.<\/p>\n\n\n\n<p>Jue. Por la Noche: Mayormente despejado, la m\u00ednima alrededor de 62. Viento del sur suroeste de 5 a 10 mph y luego llegar\u00e1 del sureste. Los vientos pueden alcanzar r\u00e1fagas de hasta 15 mph.<\/p>\n\n\n\n<p>Viernes: Una probabilidad de 20 por ciento lluvias y tormentas el\u00e9ctricas despu\u00e9s de 11am. Mayormente soleado, la m\u00e1xima alrededor de 86.<\/p>\n\n\n\n<p>Por la Noche: Medio nublado, la m\u00ednima alrededor de 59.<\/p>\n\n\n\n<p>S\u00e1bado: Mayormente soleado, la m\u00e1xima alrededor de 84.<\/p>\n\n\n\n<p>S\u00e1b. Por la Noche: Medio nublado, la m\u00ednima alrededor de 58.<\/p>\n\n\n\n<p>Domingo: Mayormente soleado, la m\u00e1xima alrededor de 82.<\/p>\n\n\n\n<p>Dom. Por la Noche: \u00c1reas dispersadas de niebla. Si no, mayormente nublado, la m\u00ednima alrededor de 57.<\/p>\n\n\n\n<p>Lunes: \u00c1reas dispersadas de niebla. Si no, mayormente soleado, la m\u00e1xima alrededor de 78.<\/p>\n\n\n\n<p>Por la Noche: \u00c1reas dispersadas de niebla. Si no, mayormente nublado, la m\u00ednima alrededor de 56.<\/p>\n\n\n\n<p>Martes: \u00c1reas dispersadas de niebla. Si no, parcialmente soleado, la m\u00e1xima alrededor de 78.<\/p>\n","protected":false},"excerpt":{"rendered":"<p>Es posible que el verano est\u00e9 llegando a su fin, pero una r\u00e1faga de calor similar a la de mediados de verano est\u00e1 golpeando el mi\u00e9rcoles en Southland, y persistir\u00e1 hasta el jueves antes de que comience una tendencia de enfriamiento. Un aviso de calor emitido por el Servicio Meteorol\u00f3gico Nacional para Pasadena estar\u00e1 vigente hasta las 8 p.m. Mi\u00e9rcoles. La monta\u00f1a rusa de calor subir\u00e1 a tres d\u00edgitos el mi\u00e9rcoles y luego caer\u00e1 a 89 el jueves, dijeron los [&hellip;]<\/p>\n","protected":false},"author":4,"featured_media":11201,"comment_status":"open","ping_status":"closed","sticky":false,"template":"","format":"standard","meta":[],"categories":[4],"tags":[],"acf":[],"_links":{"self":[{"href":"http:\/\/www.pasadenahoy.com\/primero\/wp-json\/wp\/v2\/posts\/11200"}],"collection":[{"href":"http:\/\/www.pasadenahoy.com\/primero\/wp-json\/wp\/v2\/posts"}],"about":[{"href":"http:\/\/www.pasadenahoy.com\/primero\/wp-json\/wp\/v2\/types\/post"}],"author":[{"embeddable":true,"href":"http:\/\/www.pasadenahoy.com\/primero\/wp-json\/wp\/v2\/users\/4"}],"replies":[{"embeddable":true,"href":"http:\/\/www.pasadenahoy.com\/primero\/wp-json\/wp\/v2\/comments?post=11200"}],"version-history":[{"count":2,"href":"http:\/\/www.pasadenahoy.com\/primero\/wp-json\/wp\/v2\/posts\/11200\/revisions"}],"predecessor-version":[{"id":11203,"href":"http:\/\/www.pasadenahoy.com\/primero\/wp-json\/wp\/v2\/posts\/11200\/revisions\/11203"}],"wp:featuredmedia":[{"embeddable":true,"href":"http:\/\/www.pasadenahoy.com\/primero\/wp-json\/wp\/v2\/media\/11201"}],"wp:attachment":[{"href":"http:\/\/www.pasadenahoy.com\/primero\/wp-json\/wp\/v2\/media?parent=11200"}],"wp:term":[{"taxonomy":"category","embeddable":true,"href":"http:\/\/www.pasadenahoy.com\/primero\/wp-json\/wp\/v2\/categories?post=11200"},{"taxonomy":"post_tag","embeddable":true,"href":"http:\/\/www.pasadenahoy.com\/primero\/wp-json\/wp\/v2\/tags?post=11200"}],"curies":[{"name":"wp","href":"https:\/\/api.w.org\/{rel}","templated":true}]}}