{"id":11227,"date":"2021-09-23T15:32:34","date_gmt":"2021-09-23T15:32:34","guid":{"rendered":"http:\/\/www.pasadenahoy.com\/primero\/?p=11227"},"modified":"2021-09-23T15:32:36","modified_gmt":"2021-09-23T15:32:36","slug":"el-vicealcalde-andy-wilson-anuncia-que-no-se-postulara-para-la-reeleccion","status":"publish","type":"post","link":"http:\/\/www.pasadenahoy.com\/primero\/la-comunidad\/el-vicealcalde-andy-wilson-anuncia-que-no-se-postulara-para-la-reeleccion\/","title":{"rendered":"El vicealcalde Andy Wilson anuncia que no se postular\u00e1 para la reelecci\u00f3n"},"content":{"rendered":"\n<figure class=\"wp-block-image alignnone size-large\"><figure class=\"alignnone\"><img loading=\"lazy\" width=\"740\" height=\"399\" src=\"http:\/\/www.pasadenahoy.com\/primero\/wp-content\/uploads\/2021\/09\/pic-2-3.png\" alt=\"\" class=\"wp-image-11228\" srcset=\"http:\/\/www.pasadenahoy.com\/primero\/wp-content\/uploads\/2021\/09\/pic-2-3.png 740w, http:\/\/www.pasadenahoy.com\/primero\/wp-content\/uploads\/2021\/09\/pic-2-3-300x162.png 300w, http:\/\/www.pasadenahoy.com\/primero\/wp-content\/uploads\/2021\/09\/pic-2-3-241x130.png 241w, http:\/\/www.pasadenahoy.com\/primero\/wp-content\/uploads\/2021\/09\/pic-2-3-334x180.png 334w, http:\/\/www.pasadenahoy.com\/primero\/wp-content\/uploads\/2021\/09\/pic-2-3-700x377.png 700w, http:\/\/www.pasadenahoy.com\/primero\/wp-content\/uploads\/2021\/09\/pic-2-3-360x194.png 360w, http:\/\/www.pasadenahoy.com\/primero\/wp-content\/uploads\/2021\/09\/pic-2-3-720x388.png 720w\" sizes=\"100vw\" \/><figcaption><span class=\"caption-text\">El nuevo vicealcalde de Pasadena, Andy Wilson. (Foto cortes\u00eda)<\/span><\/figcaption><\/figure><\/figure>\n\n\n\n<p>El concejal del Distrito 7 y actual vicealcalde Andy Wilson dijo el jueves que no se postular\u00e1 para la reelecci\u00f3n.<\/p>\n\n\n\n<p>&#8220;Estoy deseando terminar mi mandato con fuerza, cumpliendo con mis deberes como vicealcalde mientras sigo sirviendo al Distrito 7&#8221;, dijo Wilson a Pasadena Now el jueves temprano.<\/p>\n\n\n\n<p>\u201cSigo siendo un apasionado de servir a esta incre\u00edble comunidad. Sin embargo, creo que hay otras formas de servicio de alto impacto y estoy ansioso por explorar y dedicar tiempo a esas organizaciones. Dadas las demandas de servir en el Consejo, no pude hacer ambas cosas &#8220;.<\/p>\n\n\n\n<p>A principios de esta semana, el vicepresidente de la Comisi\u00f3n de Planificaci\u00f3n de Pasadena, Jason Lyon, anunci\u00f3 que se postular\u00e1 para el puesto del Concejo Municipal del Distrito 7 en las primarias de junio.<\/p>\n\n\n\n<p>Wilson, quien se desempe\u00f1a como Director Ejecutivo de la Alianza para la Innovaci\u00f3n del Sur de California, fue designado por primera vez para el Concejo Municipal para llenar un puesto vacante en 2015, luego elegido como miembro del Concejo para el Distrito 7 en 2017.<\/p>\n","protected":false},"excerpt":{"rendered":"<p>El concejal del Distrito 7 y actual vicealcalde Andy Wilson dijo el jueves que no se postular\u00e1 para la reelecci\u00f3n. &#8220;Estoy deseando terminar mi mandato con fuerza, cumpliendo con mis deberes como vicealcalde mientras sigo sirviendo al Distrito 7&#8221;, dijo Wilson a Pasadena Now el jueves temprano. \u201cSigo siendo un apasionado de servir a esta incre\u00edble comunidad. Sin embargo, creo que hay otras formas de servicio de alto impacto y estoy ansioso por explorar y dedicar tiempo a esas organizaciones. [&hellip;]<\/p>\n","protected":false},"author":4,"featured_media":11228,"comment_status":"open","ping_status":"closed","sticky":false,"template":"","format":"standard","meta":[],"categories":[4],"tags":[],"acf":[],"_links":{"self":[{"href":"http:\/\/www.pasadenahoy.com\/primero\/wp-json\/wp\/v2\/posts\/11227"}],"collection":[{"href":"http:\/\/www.pasadenahoy.com\/primero\/wp-json\/wp\/v2\/posts"}],"about":[{"href":"http:\/\/www.pasadenahoy.com\/primero\/wp-json\/wp\/v2\/types\/post"}],"author":[{"embeddable":true,"href":"http:\/\/www.pasadenahoy.com\/primero\/wp-json\/wp\/v2\/users\/4"}],"replies":[{"embeddable":true,"href":"http:\/\/www.pasadenahoy.com\/primero\/wp-json\/wp\/v2\/comments?post=11227"}],"version-history":[{"count":2,"href":"http:\/\/www.pasadenahoy.com\/primero\/wp-json\/wp\/v2\/posts\/11227\/revisions"}],"predecessor-version":[{"id":11230,"href":"http:\/\/www.pasadenahoy.com\/primero\/wp-json\/wp\/v2\/posts\/11227\/revisions\/11230"}],"wp:featuredmedia":[{"embeddable":true,"href":"http:\/\/www.pasadenahoy.com\/primero\/wp-json\/wp\/v2\/media\/11228"}],"wp:attachment":[{"href":"http:\/\/www.pasadenahoy.com\/primero\/wp-json\/wp\/v2\/media?parent=11227"}],"wp:term":[{"taxonomy":"category","embeddable":true,"href":"http:\/\/www.pasadenahoy.com\/primero\/wp-json\/wp\/v2\/categories?post=11227"},{"taxonomy":"post_tag","embeddable":true,"href":"http:\/\/www.pasadenahoy.com\/primero\/wp-json\/wp\/v2\/tags?post=11227"}],"curies":[{"name":"wp","href":"https:\/\/api.w.org\/{rel}","templated":true}]}}