{"id":11235,"date":"2021-09-23T15:44:23","date_gmt":"2021-09-23T15:44:23","guid":{"rendered":"http:\/\/www.pasadenahoy.com\/primero\/?p=11235"},"modified":"2021-09-23T15:44:25","modified_gmt":"2021-09-23T15:44:25","slug":"se-levanta-el-cierre-del-bosque-nacional-de-angeles-nivel-de-peligro-de-incendio-reducido-de-critico-a-extremo","status":"publish","type":"post","link":"http:\/\/www.pasadenahoy.com\/primero\/la-comunidad\/se-levanta-el-cierre-del-bosque-nacional-de-angeles-nivel-de-peligro-de-incendio-reducido-de-critico-a-extremo\/","title":{"rendered":"Se levanta el cierre del bosque nacional de \u00c1ngeles; Nivel de peligro de incendio reducido de &#8220;cr\u00edtico&#8221; a &#8220;extremo&#8221;"},"content":{"rendered":"\n<figure class=\"wp-block-image alignnone size-large\"><figure class=\"alignnone\"><img loading=\"lazy\" width=\"700\" height=\"378\" src=\"http:\/\/www.pasadenahoy.com\/primero\/wp-content\/uploads\/2021\/09\/pic-4-7.jpg\" alt=\"\" class=\"wp-image-11236\" srcset=\"http:\/\/www.pasadenahoy.com\/primero\/wp-content\/uploads\/2021\/09\/pic-4-7.jpg 700w, http:\/\/www.pasadenahoy.com\/primero\/wp-content\/uploads\/2021\/09\/pic-4-7-300x162.jpg 300w, http:\/\/www.pasadenahoy.com\/primero\/wp-content\/uploads\/2021\/09\/pic-4-7-241x130.jpg 241w, http:\/\/www.pasadenahoy.com\/primero\/wp-content\/uploads\/2021\/09\/pic-4-7-333x180.jpg 333w, http:\/\/www.pasadenahoy.com\/primero\/wp-content\/uploads\/2021\/09\/pic-4-7-360x194.jpg 360w\" sizes=\"100vw\" \/><figcaption><span class=\"caption-text\">Foto cortes\u00eda de la p\u00e1gina de Facebook del Bosque Nacional \u00c1ngeles.<\/span><\/figcaption><\/figure><\/figure>\n\n\n\n<p>Un cierre de una semana del Bosque Nacional \u00c1ngeles provocado por preocupaciones sobre el riesgo de incendio expirar\u00e1 el mi\u00e9rcoles por la noche, dijeron las autoridades.<\/p>\n\n\n\n<p>El bosque, junto con varios otros bosques nacionales del sur de California, volver\u00e1 a abrir para los visitantes a las 11:59 p.m., seg\u00fan el Servicio Forestal de EE. UU.<\/p>\n\n\n\n<p>Al mismo tiempo, los funcionarios planean reducir el nivel de peligro de incendio del bosque de &#8220;Cr\u00edtico&#8221;, que es el nivel de riesgo m\u00e1s severo, a &#8220;Extremo&#8221;, dijo el USFS en una <a href=\"https:\/\/www.fs.usda.gov\/detail\/angeles\/news-events\/?cid=FSEPRD954797\">declaraci\u00f3n escrita.<\/a><\/p>\n\n\n\n<p>Bajo el nivel de riesgo \u201cExtremo\u201d, se proh\u00edbe todo uso de llamas abiertas y ciertos equipos que emiten chispas.<\/p>\n\n\n\n<p>Varios factores influyeron en la decisi\u00f3n de reabrir el bosque, seg\u00fan el supervisor forestal adjunto del Bosque Nacional de \u00c1ngeles, Robert Heiar.<\/p>\n\n\n\n<p>&#8220;Aunque permanecemos en condiciones de peligro de incendio &#8216;Extremo&#8217;, la mejora nacional y regional ayudar\u00e1 a proporcionar los recursos necesarios para combatir incendios en el sur de California&#8221;, dijo. &#8220;Dado que el bosque permanece en condiciones de peligro de incendio &#8216;extremo&#8217;, es importante recordar que se mantienen todas las restricciones de incendios&#8221;.<\/p>\n\n\n\n<p>Una parte del bosque permanece fuera de los l\u00edmites en el \u00e1rea quemada del incendio Bobcat en 2020, agregaron las autoridades. El \u00e1rea afectada incluye el \u00e1rea de picnic de Chantry Flat y el campamento de Buckhorn.<\/p>\n\n\n\n<p>&#8220;Reconocemos el importante papel del bosque en la vida de nuestros visitantes y el Bosque Nacional \u00c1ngeles agradece a nuestros socios y al p\u00fablico por su cooperaci\u00f3n y comprensi\u00f3n&#8221;, seg\u00fan el comunicado. &#8220;El Bosque Nacional \u00c1ngeles contin\u00faa monitoreando las condiciones en el bosque para la seguridad p\u00fablica y de los bomberos, ya que sigue existiendo un potencial de incendios de alta intensidad y un gran crecimiento de incendios&#8221;.<\/p>\n\n\n\n<p>Hay m\u00e1s informaci\u00f3n disponible en el sitio web del Bosque Nacional \u00c1ngeles en <a href=\"https:\/\/www.fs.usda.gov\/angeles\">fs.usda.gov\/angeles.<\/a><\/p>\n\n\n\n<p>Relacionado:<\/p>\n\n\n\n<p><a href=\"https:\/\/www.pasadenanow.com\/main\/angeles-national-forest-closure-extended-due-to-fire-risk\/\">Cierre del bosque nacional de \u00c1ngeles extendido debido al riesgo de incendio<\/a><\/p>\n","protected":false},"excerpt":{"rendered":"<p>Un cierre de una semana del Bosque Nacional \u00c1ngeles provocado por preocupaciones sobre el riesgo de incendio expirar\u00e1 el mi\u00e9rcoles por la noche, dijeron las autoridades. El bosque, junto con varios otros bosques nacionales del sur de California, volver\u00e1 a abrir para los visitantes a las 11:59 p.m., seg\u00fan el Servicio Forestal de EE. UU. Al mismo tiempo, los funcionarios planean reducir el nivel de peligro de incendio del bosque de &#8220;Cr\u00edtico&#8221;, que es el nivel de riesgo m\u00e1s severo, [&hellip;]<\/p>\n","protected":false},"author":4,"featured_media":0,"comment_status":"open","ping_status":"closed","sticky":false,"template":"","format":"standard","meta":[],"categories":[4],"tags":[],"acf":[],"_links":{"self":[{"href":"http:\/\/www.pasadenahoy.com\/primero\/wp-json\/wp\/v2\/posts\/11235"}],"collection":[{"href":"http:\/\/www.pasadenahoy.com\/primero\/wp-json\/wp\/v2\/posts"}],"about":[{"href":"http:\/\/www.pasadenahoy.com\/primero\/wp-json\/wp\/v2\/types\/post"}],"author":[{"embeddable":true,"href":"http:\/\/www.pasadenahoy.com\/primero\/wp-json\/wp\/v2\/users\/4"}],"replies":[{"embeddable":true,"href":"http:\/\/www.pasadenahoy.com\/primero\/wp-json\/wp\/v2\/comments?post=11235"}],"version-history":[{"count":2,"href":"http:\/\/www.pasadenahoy.com\/primero\/wp-json\/wp\/v2\/posts\/11235\/revisions"}],"predecessor-version":[{"id":11238,"href":"http:\/\/www.pasadenahoy.com\/primero\/wp-json\/wp\/v2\/posts\/11235\/revisions\/11238"}],"wp:attachment":[{"href":"http:\/\/www.pasadenahoy.com\/primero\/wp-json\/wp\/v2\/media?parent=11235"}],"wp:term":[{"taxonomy":"category","embeddable":true,"href":"http:\/\/www.pasadenahoy.com\/primero\/wp-json\/wp\/v2\/categories?post=11235"},{"taxonomy":"post_tag","embeddable":true,"href":"http:\/\/www.pasadenahoy.com\/primero\/wp-json\/wp\/v2\/tags?post=11235"}],"curies":[{"name":"wp","href":"https:\/\/api.w.org\/{rel}","templated":true}]}}