{"id":11252,"date":"2021-09-24T15:10:32","date_gmt":"2021-09-24T15:10:32","guid":{"rendered":"http:\/\/www.pasadenahoy.com\/primero\/?p=11252"},"modified":"2021-09-24T15:10:34","modified_gmt":"2021-09-24T15:10:34","slug":"el-comite-del-concejo-municipal-avanza-con-una-propuesta-para-implementar-sensores-de-deteccion-de-disparos-en-pasadena","status":"publish","type":"post","link":"http:\/\/www.pasadenahoy.com\/primero\/el-gobierno-local\/el-comite-del-concejo-municipal-avanza-con-una-propuesta-para-implementar-sensores-de-deteccion-de-disparos-en-pasadena\/","title":{"rendered":"El Comit\u00e9 del Concejo Municipal avanza con una propuesta para implementar sensores de detecci\u00f3n de disparos en Pasadena"},"content":{"rendered":"\n<figure class=\"wp-block-image alignnone size-large\"><figure class=\"alignnone\"><img loading=\"lazy\" width=\"700\" height=\"378\" src=\"http:\/\/www.pasadenahoy.com\/primero\/wp-content\/uploads\/2021\/09\/pic-1-2.png\" alt=\"\" class=\"wp-image-11253\" srcset=\"http:\/\/www.pasadenahoy.com\/primero\/wp-content\/uploads\/2021\/09\/pic-1-2.png 700w, http:\/\/www.pasadenahoy.com\/primero\/wp-content\/uploads\/2021\/09\/pic-1-2-300x162.png 300w, http:\/\/www.pasadenahoy.com\/primero\/wp-content\/uploads\/2021\/09\/pic-1-2-241x130.png 241w, http:\/\/www.pasadenahoy.com\/primero\/wp-content\/uploads\/2021\/09\/pic-1-2-333x180.png 333w, http:\/\/www.pasadenahoy.com\/primero\/wp-content\/uploads\/2021\/09\/pic-1-2-360x194.png 360w\" sizes=\"100vw\" \/><\/figure><\/figure>\n\n\n\n<p>Un comit\u00e9 del Ayuntamiento de Pasadena impuls\u00f3 el jueves una medida que permitir\u00eda a la polic\u00eda de la ciudad usar un sistema de detecci\u00f3n de disparos durante tres a\u00f1os.<\/p>\n\n\n\n<p>El sistema Shotspotter despliega micr\u00f3fonos y sensores de detecci\u00f3n en los vecindarios de la ciudad para determinar la ubicaci\u00f3n de los disparos y alerta a la polic\u00eda r\u00e1pidamente. Su impacto est\u00e1 siendo cuestionado por algunos grupos de derechos civiles en los Estados Unidos.<\/p>\n\n\n\n<p>Durante las discusiones de la reuni\u00f3n del Comit\u00e9 de Seguridad P\u00fablica sobre la compra propuesta de una suscripci\u00f3n de tres a\u00f1os con ShotSpotter Inc., los miembros del comit\u00e9 acordaron elevar el asunto ante el Concejo Municipal en pleno.<\/p>\n\n\n\n<p>La propuesta para la compra de la suscripci\u00f3n de $ 640,000 con el sistema ShotSpotter est\u00e1 incluida en la agenda del Ayuntamiento para el lunes 27 de septiembre.<\/p>\n\n\n\n<p>El Departamento de Polic\u00eda de Pasadena afirma que el sistema, que b\u00e1sicamente registra un sonido fuerte e impulsivo y alerta a la polic\u00eda en 60 segundos o menos sobre la ubicaci\u00f3n del disparo, salvar\u00eda vidas, disuadir\u00eda los disparos y evitar\u00eda la necesidad de investigar incidentes no relacionados con disparos ( como fuegos artificiales).<\/p>\n\n\n\n<p>Durante la reuni\u00f3n, el concejal John Kennedy pidi\u00f3 al personal que proporcionara m\u00e1s datos sobre el sistema impulsado por inteligencia artificial, ya que plante\u00f3 informes y preocupaciones sobre su eficacia y la posibilidad de que pudiera resultar en una vigilancia excesiva en las \u00e1reas donde se desplegar\u00e1n detectores de disparos. que se\u00f1al\u00f3 son \u00e1reas del noroeste de Pasadena.<\/p>\n\n\n\n<p>Kennedy sugiri\u00f3 que los fondos para la compra de la suscripci\u00f3n se utilicen en su lugar para promover relaciones m\u00e1s s\u00f3lidas entre la comunidad y la polic\u00eda.<\/p>\n\n\n\n<p>\u201cNo ser\u00eda prudente que el consejo o este organismo avanzaran a menos que descubrieran cu\u00e1les han sido los resultados de algunas de las otras ciudades que han implementado esta tecnolog\u00eda\u201d.<\/p>\n\n\n\n<p>\u201cCreo que tenemos un buen departamento de polic\u00eda, simplemente no quiero que usemos $ 700,000 para esta tecnolog\u00eda si podemos usarla para alg\u00fan otro esfuerzo de construcci\u00f3n comunitaria que ponga a nuestros oficiales en el campo interactuando con nuestra [comunidad] para mejorar relaciones entre la polic\u00eda y la comunidad \u201d, dijo Kennedy.<\/p>\n\n\n\n<p>El teniente Bill Grisafe dijo que despu\u00e9s de analizar los datos de la polic\u00eda de Pasadena, ShotSpotter propuso cubrir un \u00e1rea de aproximadamente tres millas cuadradas de Pasadena que es la m\u00e1s afectada por la violencia relacionada con las armas. No se mencion\u00f3 el \u00e1rea espec\u00edfica cubierta.<\/p>\n\n\n\n<p>\u201cEn mi opini\u00f3n, eso no es una vigilancia excesiva, es una herramienta tecnol\u00f3gica que permite a la polic\u00eda responder y, con suerte, tambi\u00e9n ayuda en su investigaci\u00f3n\u201d, dijo el administrador de la ciudad Steve Mermell. Hizo hincapi\u00e9 en su creencia de que existe una necesidad del sistema en medio del aumento en los incidentes relacionados con armas en la ciudad durante los \u00faltimos dos a\u00f1os.<\/p>\n\n\n\n<p>Mermell continu\u00f3: \u201cEstar\u00eda ubicado en una parte de nuestra ciudad donde tenemos la mayor cantidad de incidentes de violencia armada y las personas que viven en esas \u00e1reas de nuestra comunidad no deber\u00edan tener que soportar la violencia armada, por lo que siento que si esta herramienta puede ayudar, vale la pena intentarlo &#8220;.<\/p>\n\n\n\n<p>Mermell asegur\u00f3 que la ciudad puede rescindir su contrato con ShotSpotter Inc. anticipadamente si el sistema no cumple con las expectativas de la ciudad.<\/p>\n\n\n\n<p>El alcalde V\u00edctor Gordo expres\u00f3 su apoyo a la propuesta. &#8220;Estoy preparado para hacer avanzar el tema porque si tenemos tecnolog\u00eda que pueda disuadir, evitar o ayudar a atrapar a los perpetradores, entonces tenemos que emplearla&#8221;.<\/p>\n\n\n\n<p>El concejal Tyron Hampton tambi\u00e9n expres\u00f3 su inter\u00e9s en hacer avanzar la discusi\u00f3n.<\/p>\n\n\n\n<p>\u201cDe cualquier manera, debemos hacer todo lo posible para proteger la vida y la calidad de vida de nuestros residentes que viven en vecindarios residenciales\u201d, dijo Hampton.<\/p>\n\n\n\n<p>El Departamento de Polic\u00eda de Pasadena ha respondido a m\u00e1s de 300 llamadas para que el servicio informe de disparos y 400 incidentes adicionales de delitos relacionados con armas en los \u00faltimos dos a\u00f1os.<\/p>\n\n\n\n<p>Durante el mismo per\u00edodo, casi 40 miembros de la comunidad de Pasadena murieron o resultaron heridos como resultado de la violencia con armas de fuego. Los agentes de polic\u00eda tambi\u00e9n han incautado cerca de 700 armas de fuego.<br>More about this source textSource text required for additional translation information<\/p>\n","protected":false},"excerpt":{"rendered":"<p>Un comit\u00e9 del Ayuntamiento de Pasadena impuls\u00f3 el jueves una medida que permitir\u00eda a la polic\u00eda de la ciudad usar un sistema de detecci\u00f3n de disparos durante tres a\u00f1os. El sistema Shotspotter despliega micr\u00f3fonos y sensores de detecci\u00f3n en los vecindarios de la ciudad para determinar la ubicaci\u00f3n de los disparos y alerta a la polic\u00eda r\u00e1pidamente. Su impacto est\u00e1 siendo cuestionado por algunos grupos de derechos civiles en los Estados Unidos. Durante las discusiones de la reuni\u00f3n del Comit\u00e9 [&hellip;]<\/p>\n","protected":false},"author":4,"featured_media":11253,"comment_status":"open","ping_status":"closed","sticky":false,"template":"","format":"standard","meta":[],"categories":[6],"tags":[],"acf":[],"_links":{"self":[{"href":"http:\/\/www.pasadenahoy.com\/primero\/wp-json\/wp\/v2\/posts\/11252"}],"collection":[{"href":"http:\/\/www.pasadenahoy.com\/primero\/wp-json\/wp\/v2\/posts"}],"about":[{"href":"http:\/\/www.pasadenahoy.com\/primero\/wp-json\/wp\/v2\/types\/post"}],"author":[{"embeddable":true,"href":"http:\/\/www.pasadenahoy.com\/primero\/wp-json\/wp\/v2\/users\/4"}],"replies":[{"embeddable":true,"href":"http:\/\/www.pasadenahoy.com\/primero\/wp-json\/wp\/v2\/comments?post=11252"}],"version-history":[{"count":2,"href":"http:\/\/www.pasadenahoy.com\/primero\/wp-json\/wp\/v2\/posts\/11252\/revisions"}],"predecessor-version":[{"id":11255,"href":"http:\/\/www.pasadenahoy.com\/primero\/wp-json\/wp\/v2\/posts\/11252\/revisions\/11255"}],"wp:featuredmedia":[{"embeddable":true,"href":"http:\/\/www.pasadenahoy.com\/primero\/wp-json\/wp\/v2\/media\/11253"}],"wp:attachment":[{"href":"http:\/\/www.pasadenahoy.com\/primero\/wp-json\/wp\/v2\/media?parent=11252"}],"wp:term":[{"taxonomy":"category","embeddable":true,"href":"http:\/\/www.pasadenahoy.com\/primero\/wp-json\/wp\/v2\/categories?post=11252"},{"taxonomy":"post_tag","embeddable":true,"href":"http:\/\/www.pasadenahoy.com\/primero\/wp-json\/wp\/v2\/tags?post=11252"}],"curies":[{"name":"wp","href":"https:\/\/api.w.org\/{rel}","templated":true}]}}