{"id":11265,"date":"2021-09-24T15:49:42","date_gmt":"2021-09-24T15:49:42","guid":{"rendered":"http:\/\/www.pasadenahoy.com\/primero\/?p=11265"},"modified":"2021-09-24T15:49:44","modified_gmt":"2021-09-24T15:49:44","slug":"se-espera-que-el-humo-de-los-incendios-forestales-en-el-centro-de-california-afecte-el-area-de-pasadena-el-viernes","status":"publish","type":"post","link":"http:\/\/www.pasadenahoy.com\/primero\/la-comunidad\/se-espera-que-el-humo-de-los-incendios-forestales-en-el-centro-de-california-afecte-el-area-de-pasadena-el-viernes\/","title":{"rendered":"Se espera que el humo de los incendios forestales en el centro de California afecte el \u00e1rea de Pasadena el viernes"},"content":{"rendered":"\n<figure class=\"wp-block-image alignnone size-large\"><figure class=\"alignnone\"><img loading=\"lazy\" width=\"700\" height=\"378\" src=\"http:\/\/www.pasadenahoy.com\/primero\/wp-content\/uploads\/2021\/09\/PIC-4-8.jpg\" alt=\"\" class=\"wp-image-11266\" srcset=\"http:\/\/www.pasadenahoy.com\/primero\/wp-content\/uploads\/2021\/09\/PIC-4-8.jpg 700w, http:\/\/www.pasadenahoy.com\/primero\/wp-content\/uploads\/2021\/09\/PIC-4-8-300x162.jpg 300w, http:\/\/www.pasadenahoy.com\/primero\/wp-content\/uploads\/2021\/09\/PIC-4-8-241x130.jpg 241w, http:\/\/www.pasadenahoy.com\/primero\/wp-content\/uploads\/2021\/09\/PIC-4-8-333x180.jpg 333w, http:\/\/www.pasadenahoy.com\/primero\/wp-content\/uploads\/2021\/09\/PIC-4-8-360x194.jpg 360w\" sizes=\"100vw\" \/><figcaption><span class=\"caption-text\">El concejal de la ciudad de Pasadena, Gene Masuda, captur\u00f3 la misteriosa puesta de sol filtrada por el humo sobre Pasadena el jueves por la noche en esta fotograf\u00eda, 23 de septiembre de 2021. (Imagen cortes\u00eda de Gene Masuda)<\/span><\/figcaption><\/figure><\/figure>\n\n\n\n<p>Se espera que el humo de los incendios forestales del centro de California afecte las \u00e1reas de Pasadena y sus alrededores, inform\u00f3 el jueves el Distrito de Gesti\u00f3n de la Calidad del Aire de la Costa Sur.<\/p>\n\n\n\n<p>El humo m\u00e1s denso estar\u00e1 presente en la atm\u00f3sfera superior y dar\u00e1 como resultado niveles de \u00edndice de calidad del aire de &#8220;buenos&#8221; a &#8220;moderados&#8221; en toda la Cuenca del Aire de la Costa Sur, que incluye los dos tercios del sur del condado de Los \u00c1ngeles, seg\u00fan el AQMD de la Costa Sur. .<\/p>\n\n\n\n<p>Se espera que los niveles de AQI sean elevados &#8211; posiblemente alcanzando niveles de \u201cinsalubres para grupos sensibles\u201d &#8211; en las monta\u00f1as de San Gabriel, San Bernardino y San Jacinto.<\/p>\n\n\n\n<p>Un aviso est\u00e1 vigente hasta el viernes por la tarde. El South Coast AQMD aconseja a los residentes que mantengan todas las ventanas y puertas cerradas y que utilicen un acondicionador de aire o un purificador de aire para mantener limpio el aire interior.<\/p>\n\n\n\n<p>Si es posible, no use ventiladores para toda la casa o enfriadores de pantano que traen aire exterior, dijo South Coast AQMD.<\/p>\n\n\n\n<p>\u201cEvite quemar le\u00f1a en su chimenea o brasero y minimice las fuentes de contaminaci\u00f3n del aire interior, como velas, incienso, fre\u00edr y asar a la parrilla. Limite el uso de equipos de jardiner\u00eda y c\u00e9sped que funcionen con gasolina \u201d.<br>More about this source textSource text required for additional translation information<\/p>\n","protected":false},"excerpt":{"rendered":"<p>Se espera que el humo de los incendios forestales del centro de California afecte las \u00e1reas de Pasadena y sus alrededores, inform\u00f3 el jueves el Distrito de Gesti\u00f3n de la Calidad del Aire de la Costa Sur. El humo m\u00e1s denso estar\u00e1 presente en la atm\u00f3sfera superior y dar\u00e1 como resultado niveles de \u00edndice de calidad del aire de &#8220;buenos&#8221; a &#8220;moderados&#8221; en toda la Cuenca del Aire de la Costa Sur, que incluye los dos tercios del sur del [&hellip;]<\/p>\n","protected":false},"author":4,"featured_media":0,"comment_status":"open","ping_status":"closed","sticky":false,"template":"","format":"standard","meta":[],"categories":[4],"tags":[],"acf":[],"_links":{"self":[{"href":"http:\/\/www.pasadenahoy.com\/primero\/wp-json\/wp\/v2\/posts\/11265"}],"collection":[{"href":"http:\/\/www.pasadenahoy.com\/primero\/wp-json\/wp\/v2\/posts"}],"about":[{"href":"http:\/\/www.pasadenahoy.com\/primero\/wp-json\/wp\/v2\/types\/post"}],"author":[{"embeddable":true,"href":"http:\/\/www.pasadenahoy.com\/primero\/wp-json\/wp\/v2\/users\/4"}],"replies":[{"embeddable":true,"href":"http:\/\/www.pasadenahoy.com\/primero\/wp-json\/wp\/v2\/comments?post=11265"}],"version-history":[{"count":2,"href":"http:\/\/www.pasadenahoy.com\/primero\/wp-json\/wp\/v2\/posts\/11265\/revisions"}],"predecessor-version":[{"id":11268,"href":"http:\/\/www.pasadenahoy.com\/primero\/wp-json\/wp\/v2\/posts\/11265\/revisions\/11268"}],"wp:attachment":[{"href":"http:\/\/www.pasadenahoy.com\/primero\/wp-json\/wp\/v2\/media?parent=11265"}],"wp:term":[{"taxonomy":"category","embeddable":true,"href":"http:\/\/www.pasadenahoy.com\/primero\/wp-json\/wp\/v2\/categories?post=11265"},{"taxonomy":"post_tag","embeddable":true,"href":"http:\/\/www.pasadenahoy.com\/primero\/wp-json\/wp\/v2\/tags?post=11265"}],"curies":[{"name":"wp","href":"https:\/\/api.w.org\/{rel}","templated":true}]}}