{"id":11288,"date":"2021-09-27T15:18:32","date_gmt":"2021-09-27T15:18:32","guid":{"rendered":"http:\/\/www.pasadenahoy.com\/primero\/?p=11288"},"modified":"2021-09-27T15:18:34","modified_gmt":"2021-09-27T15:18:34","slug":"residentes-de-altadena-circulan-peticion-contra-proyecto-de-vivienda-de-cinco-pisos-en-lincoln-avenue","status":"publish","type":"post","link":"http:\/\/www.pasadenahoy.com\/primero\/la-comunidad\/residentes-de-altadena-circulan-peticion-contra-proyecto-de-vivienda-de-cinco-pisos-en-lincoln-avenue\/","title":{"rendered":"Residentes de Altadena circulan petici\u00f3n contra proyecto de vivienda de cinco pisos en Lincoln Avenue"},"content":{"rendered":"\n<figure class=\"wp-block-image alignnone size-large\"><figure class=\"alignnone\"><img loading=\"lazy\" width=\"700\" height=\"378\" src=\"http:\/\/www.pasadenahoy.com\/primero\/wp-content\/uploads\/2021\/09\/pic3-1.png\" alt=\"\" class=\"wp-image-11289\" srcset=\"http:\/\/www.pasadenahoy.com\/primero\/wp-content\/uploads\/2021\/09\/pic3-1.png 700w, http:\/\/www.pasadenahoy.com\/primero\/wp-content\/uploads\/2021\/09\/pic3-1-300x162.png 300w, http:\/\/www.pasadenahoy.com\/primero\/wp-content\/uploads\/2021\/09\/pic3-1-241x130.png 241w, http:\/\/www.pasadenahoy.com\/primero\/wp-content\/uploads\/2021\/09\/pic3-1-333x180.png 333w, http:\/\/www.pasadenahoy.com\/primero\/wp-content\/uploads\/2021\/09\/pic3-1-360x194.png 360w\" sizes=\"100vw\" \/><\/figure><\/figure>\n\n\n\n<p>Los residentes de Altadena se oponen a un proyecto de vivienda propuesto para Lincoln Avenue y Figueroa Street, justo al norte de la frontera de Pasadena.<\/p>\n\n\n\n<p>El proyecto en 2439-2445 Lincoln Ave. tendr\u00eda cinco pisos de altura y 94 unidades.<\/p>\n\n\n\n<p>Seg\u00fan los sitios de bienes ra\u00edces, el precio de venta de la propiedad fue de $ 2.9 millones en 2019.<\/p>\n\n\n\n<p>Seg\u00fan una petici\u00f3n, Affirmed Housing Group est\u00e1 desarrollando la propiedad. No se encontraron detalles adicionales sobre el proyecto en el sitio web del desarrollador el domingo.<\/p>\n\n\n\n<p>En una carta a los l\u00edderes locales, incluida la supervisora \u200b\u200bKathryn Barger, el asamble\u00edsta Chris Holden, el senador estatal Anthony Portantino y el gobernador Gavin Newsom, los residentes locales pidieron que se rechazara el proyecto.<\/p>\n\n\n\n<p>\u201cNosotros, los abajo firmantes de la comunidad de Altadena, solicitamos respetuosamente a la Supervisora \u200b\u200bdel Distrito 5 del Condado de Los \u00c1ngeles, Kathryn Barger, que instruya al Comisionado de Planificaci\u00f3n Regional del Distrito 5, Pat Modugno, que no apruebe la propuesta de Affirmed Housing Group para construir un estudio de 96 unidades y un apartamento de una habitaci\u00f3n edificio en 2439-2445 Lincoln Ave. \u201d, dice la petici\u00f3n.<\/p>\n\n\n\n<p>Seg\u00fan la petici\u00f3n, el proyecto afectar\u00e1 negativamente la salud y el bienestar de la comunidad y es incompatible con la parte de altura y densidad del Distrito de Normas Comunitarias de Altadena (CSD).<\/p>\n\n\n\n<p>El proyecto tendr\u00eda 64 pies de altura. Los est\u00e1ndares actuales son 35 pies. Los residentes locales tambi\u00e9n afirman que no hay suficiente estacionamiento. Con alrededor de 30 espacios ubicados a nivel y sin estacionamiento subterr\u00e1neo para los 96 a 120 residentes y el personal, habr\u00e1 tr\u00e1fico adicional y congesti\u00f3n en el \u00e1rea, seg\u00fan la petici\u00f3n.<\/p>\n\n\n\n<p>&#8220;Me opongo a este proyecto porque sentar\u00e1 un precedente que permitir\u00e1 a otros desarrolladores entrar en la comunidad y duplicar este proyecto&#8221;, escribi\u00f3 Camille Dudley.<\/p>\n\n\n\n<p>\u201cDisminuir\u00e1 el valor de las propiedades en el vecindario. Este tipo de proyecto nunca se permitir\u00eda en los vecindarios al este de Lake Avenue. Este desarrollo es una t\u00e1ctica utilizada por los desarrolladores principalmente en vecindarios minoritarios donde sienten que tendr\u00e1n la menor oposici\u00f3n \u201d, dijo Dudley.<\/p>\n\n\n\n<p>El sitio una vez alberg\u00f3 una estaci\u00f3n de servicio. No estaba claro cu\u00e1nta limpieza se hab\u00eda hecho o si se hab\u00eda completado un informe de impacto ambiental.<\/p>\n\n\n\n<p>Hasta el domingo por la tarde, la petici\u00f3n hab\u00eda sido firmada por 350 personas, incluido el ex concejal de la ciudad de Altadena, Steve Lamb.<\/p>\n","protected":false},"excerpt":{"rendered":"<p>Los residentes de Altadena se oponen a un proyecto de vivienda propuesto para Lincoln Avenue y Figueroa Street, justo al norte de la frontera de Pasadena. El proyecto en 2439-2445 Lincoln Ave. tendr\u00eda cinco pisos de altura y 94 unidades. Seg\u00fan los sitios de bienes ra\u00edces, el precio de venta de la propiedad fue de $ 2.9 millones en 2019. Seg\u00fan una petici\u00f3n, Affirmed Housing Group est\u00e1 desarrollando la propiedad. No se encontraron detalles adicionales sobre el proyecto en el [&hellip;]<\/p>\n","protected":false},"author":4,"featured_media":11289,"comment_status":"open","ping_status":"closed","sticky":false,"template":"","format":"standard","meta":[],"categories":[4],"tags":[],"acf":[],"_links":{"self":[{"href":"http:\/\/www.pasadenahoy.com\/primero\/wp-json\/wp\/v2\/posts\/11288"}],"collection":[{"href":"http:\/\/www.pasadenahoy.com\/primero\/wp-json\/wp\/v2\/posts"}],"about":[{"href":"http:\/\/www.pasadenahoy.com\/primero\/wp-json\/wp\/v2\/types\/post"}],"author":[{"embeddable":true,"href":"http:\/\/www.pasadenahoy.com\/primero\/wp-json\/wp\/v2\/users\/4"}],"replies":[{"embeddable":true,"href":"http:\/\/www.pasadenahoy.com\/primero\/wp-json\/wp\/v2\/comments?post=11288"}],"version-history":[{"count":2,"href":"http:\/\/www.pasadenahoy.com\/primero\/wp-json\/wp\/v2\/posts\/11288\/revisions"}],"predecessor-version":[{"id":11291,"href":"http:\/\/www.pasadenahoy.com\/primero\/wp-json\/wp\/v2\/posts\/11288\/revisions\/11291"}],"wp:featuredmedia":[{"embeddable":true,"href":"http:\/\/www.pasadenahoy.com\/primero\/wp-json\/wp\/v2\/media\/11289"}],"wp:attachment":[{"href":"http:\/\/www.pasadenahoy.com\/primero\/wp-json\/wp\/v2\/media?parent=11288"}],"wp:term":[{"taxonomy":"category","embeddable":true,"href":"http:\/\/www.pasadenahoy.com\/primero\/wp-json\/wp\/v2\/categories?post=11288"},{"taxonomy":"post_tag","embeddable":true,"href":"http:\/\/www.pasadenahoy.com\/primero\/wp-json\/wp\/v2\/tags?post=11288"}],"curies":[{"name":"wp","href":"https:\/\/api.w.org\/{rel}","templated":true}]}}