{"id":11301,"date":"2021-09-27T15:35:43","date_gmt":"2021-09-27T15:35:43","guid":{"rendered":"http:\/\/www.pasadenahoy.com\/primero\/?p=11301"},"modified":"2021-09-27T15:35:45","modified_gmt":"2021-09-27T15:35:45","slug":"con-algunas-dudas-sobre-sus-funciones-es-probable-que-los-comisionados-de-supervision-de-la-policia-comunitaria-celebren-la-primera-reunion-en-octubre","status":"publish","type":"post","link":"http:\/\/www.pasadenahoy.com\/primero\/la-comunidad\/con-algunas-dudas-sobre-sus-funciones-es-probable-que-los-comisionados-de-supervision-de-la-policia-comunitaria-celebren-la-primera-reunion-en-octubre\/","title":{"rendered":"Con algunas dudas sobre sus funciones, es probable que los comisionados de supervisi\u00f3n de la polic\u00eda comunitaria celebren la primera reuni\u00f3n en octubre"},"content":{"rendered":"\n<figure class=\"wp-block-image alignnone size-large\"><figure class=\"alignnone\"><img loading=\"lazy\" width=\"700\" height=\"378\" src=\"http:\/\/www.pasadenahoy.com\/primero\/wp-content\/uploads\/2021\/09\/pic6-2.png\" alt=\"\" class=\"wp-image-11302\" srcset=\"http:\/\/www.pasadenahoy.com\/primero\/wp-content\/uploads\/2021\/09\/pic6-2.png 700w, http:\/\/www.pasadenahoy.com\/primero\/wp-content\/uploads\/2021\/09\/pic6-2-300x162.png 300w, http:\/\/www.pasadenahoy.com\/primero\/wp-content\/uploads\/2021\/09\/pic6-2-241x130.png 241w, http:\/\/www.pasadenahoy.com\/primero\/wp-content\/uploads\/2021\/09\/pic6-2-333x180.png 333w, http:\/\/www.pasadenahoy.com\/primero\/wp-content\/uploads\/2021\/09\/pic6-2-360x194.png 360w\" sizes=\"100vw\" \/><\/figure><\/figure>\n\n\n\n<p>Con solo un mes antes de que se re\u00fanan formalmente por primera vez, los miembros de la Comisi\u00f3n de Supervisi\u00f3n de la Polic\u00eda Comunitaria de Pasadena dijeron que a\u00fan no est\u00e1 claro qu\u00e9 papel desempe\u00f1ar\u00e1 la junta ciudadana y c\u00f3mo funcionar\u00e1.<\/p>\n\n\n\n<p>Los comisionados reci\u00e9n nombrados hicieron la admisi\u00f3n en una discusi\u00f3n en l\u00ednea con miembros de la comunidad facilitada el jueves pasado por la Sucursal de NAACP en Pasadena.<\/p>\n\n\n\n<p>&#8220;No est\u00e1 realmente claro cu\u00e1l es el papel&#8221;, dijo el comisionado Esprit Jones. &#8220;Se expres\u00f3 en cierto modo que una vez que nos reunamos como cuerpo, [entenderemos] mejor cu\u00e1l es nuestro papel&#8221;.<\/p>\n\n\n\n<p>\u201cA\u00fan no nos hemos reunido y determinado por nosotros mismos c\u00f3mo vamos a operar, cu\u00e1l ser\u00e1 nuestro ritmo [y] cu\u00e1les son los primeros puntos que vamos a abordar\u201d, dijo la comisionada Juliana Serrano.<\/p>\n\n\n\n<p>Seg\u00fan la miembro Florence Annang, la Comisi\u00f3n de Supervisi\u00f3n de la Polic\u00eda Comunitaria probablemente celebrar\u00e1 su primera reuni\u00f3n en octubre, un a\u00f1o desde que se aprob\u00f3 la ordenanza que establece el marco de la comisi\u00f3n.<\/p>\n\n\n\n<p>La comisi\u00f3n se estableci\u00f3 despu\u00e9s de que el asesinato del automovilista de Minneapolis George Floyd, involucrado por un oficial, provoc\u00f3 manifestaciones en Pasadena y en todo el pa\u00eds.<\/p>\n\n\n\n<p>Se espera que los miembros de la comisi\u00f3n elijan un presidente y un vicepresidente en su primera reuni\u00f3n y desarrollen un plan de trabajo anual.<\/p>\n\n\n\n<p>La comisi\u00f3n no puede ocuparse de los casos que est\u00e1n siendo investigados por la ciudad o el Departamento de Polic\u00eda.<\/p>\n\n\n\n<p>Adem\u00e1s, la comisi\u00f3n deber\u00e1 obedecer todas las leyes relativas al personal.<\/p>\n\n\n\n<p>La ordenanza que cre\u00f3 la comisi\u00f3n establece que la funci\u00f3n del organismo es fortalecer las relaciones entre la comunidad y la polic\u00eda y revisar y hacer recomendaciones sobre las operaciones en curso del Departamento de Polic\u00eda al jefe de polic\u00eda y al Ayuntamiento.<\/p>\n\n\n\n<p>Entre las funciones de la comisi\u00f3n, como se establece en la ordenanza, est\u00e1 recibir comentarios y quejas de la comunidad; monitorear los informes del Departamento de Polic\u00eda sobre contrataci\u00f3n, capacitaci\u00f3n y ascensos; supervisar y publicar estad\u00edsticas sobre denuncias contra la polic\u00eda; y proporcionar informaci\u00f3n sobre las recomendaciones de pol\u00edtica del Departamento de Polic\u00eda antes de su adopci\u00f3n.<\/p>\n\n\n\n<p>Recientemente, la comisi\u00f3n de 11 miembros se someti\u00f3 a 30 horas de capacitaci\u00f3n para aprender c\u00f3mo opera el Departamento de Polic\u00eda.<\/p>\n\n\n\n<p>Adem\u00e1s de la formaci\u00f3n policial, los comisionados no recibieron ning\u00fan tipo de formaci\u00f3n sobre la comisi\u00f3n y su condici\u00f3n de comisionado, dijo el comisionado Ra\u00fal Ib\u00e1\u00f1ez.<\/p>\n\n\n\n<p>\u201cToda la capacitaci\u00f3n estuvo totalmente dedicada a aprender informaci\u00f3n sobre el departamento, las diferentes secciones, el personal diferente, los diferentes prop\u00f3sitos de cada departamento y c\u00f3mo funcionan\u201d, dijo Ib\u00e1\u00f1ez.<\/p>\n\n\n\n<p>Serrano, por su parte, expres\u00f3 su esperanza de que la formaci\u00f3n policial no sea la \u00fanica formaci\u00f3n que recibir\u00e1n los comisionados.<\/p>\n\n\n\n<p>\u201cEspero que otros comisionados se unan al llamado para que tengamos colectivamente capacitaci\u00f3n y educaci\u00f3n en otras \u00e1reas tambi\u00e9n\u201d, dijo, y agreg\u00f3 que el organismo necesita capacitaci\u00f3n en diversidad, equidad e inclusi\u00f3n, as\u00ed como capacitaci\u00f3n sobre la historia de la experiencia de la comunidad con la polic\u00eda en Pasadena.<\/p>\n\n\n\n<p>A pesar de su admisi\u00f3n, los comisionados pidieron a la comunidad que los apoyara, ya que prometieron responsabilizar a la polic\u00eda y promover cambios que fortalezcan las relaciones entre la polic\u00eda y la comunidad y creen interacciones m\u00e1s seguras para las comunidades m\u00e1s afectadas por la polic\u00eda.<\/p>\n\n\n\n<p>&#8220;Lo que tendremos que hacer como cuerpo es trabajar bien juntos para que podamos impulsar a nuestro departamento a ser un mejor Departamento de Polic\u00eda&#8221;. Dijo Serrano. \u201cLe pido a la comunidad que est\u00e9 a nuestro lado mientras nos embarcamos en este viaje sabiendo que a\u00fan no sabemos mucho\u201d.<\/p>\n\n\n\n<p>\u201cPasadena no puede quedarse en silencio. Tenemos que mantener el pie en el acelerador \u201d, dijo el comisionado Annang.<\/p>\n\n\n\n<p>\u201cH\u00e1gales saber que la comunidad estar\u00e1 detr\u00e1s de lo que crearon\u201d, agreg\u00f3 Annang mientras recordaba al p\u00fablico que la comisi\u00f3n fue creada para abordar su clamor por supervisi\u00f3n en medio de la indignaci\u00f3n p\u00fablica por los incidentes racistas y la brutalidad policial en la ciudad.<\/p>\n","protected":false},"excerpt":{"rendered":"<p>Con solo un mes antes de que se re\u00fanan formalmente por primera vez, los miembros de la Comisi\u00f3n de Supervisi\u00f3n de la Polic\u00eda Comunitaria de Pasadena dijeron que a\u00fan no est\u00e1 claro qu\u00e9 papel desempe\u00f1ar\u00e1 la junta ciudadana y c\u00f3mo funcionar\u00e1. Los comisionados reci\u00e9n nombrados hicieron la admisi\u00f3n en una discusi\u00f3n en l\u00ednea con miembros de la comunidad facilitada el jueves pasado por la Sucursal de NAACP en Pasadena. &#8220;No est\u00e1 realmente claro cu\u00e1l es el papel&#8221;, dijo el comisionado [&hellip;]<\/p>\n","protected":false},"author":4,"featured_media":0,"comment_status":"open","ping_status":"closed","sticky":false,"template":"","format":"standard","meta":[],"categories":[4],"tags":[],"acf":[],"_links":{"self":[{"href":"http:\/\/www.pasadenahoy.com\/primero\/wp-json\/wp\/v2\/posts\/11301"}],"collection":[{"href":"http:\/\/www.pasadenahoy.com\/primero\/wp-json\/wp\/v2\/posts"}],"about":[{"href":"http:\/\/www.pasadenahoy.com\/primero\/wp-json\/wp\/v2\/types\/post"}],"author":[{"embeddable":true,"href":"http:\/\/www.pasadenahoy.com\/primero\/wp-json\/wp\/v2\/users\/4"}],"replies":[{"embeddable":true,"href":"http:\/\/www.pasadenahoy.com\/primero\/wp-json\/wp\/v2\/comments?post=11301"}],"version-history":[{"count":2,"href":"http:\/\/www.pasadenahoy.com\/primero\/wp-json\/wp\/v2\/posts\/11301\/revisions"}],"predecessor-version":[{"id":11304,"href":"http:\/\/www.pasadenahoy.com\/primero\/wp-json\/wp\/v2\/posts\/11301\/revisions\/11304"}],"wp:attachment":[{"href":"http:\/\/www.pasadenahoy.com\/primero\/wp-json\/wp\/v2\/media?parent=11301"}],"wp:term":[{"taxonomy":"category","embeddable":true,"href":"http:\/\/www.pasadenahoy.com\/primero\/wp-json\/wp\/v2\/categories?post=11301"},{"taxonomy":"post_tag","embeddable":true,"href":"http:\/\/www.pasadenahoy.com\/primero\/wp-json\/wp\/v2\/tags?post=11301"}],"curies":[{"name":"wp","href":"https:\/\/api.w.org\/{rel}","templated":true}]}}