{"id":11332,"date":"2021-09-28T15:10:32","date_gmt":"2021-09-28T15:10:32","guid":{"rendered":"http:\/\/www.pasadenahoy.com\/primero\/?p=11332"},"modified":"2021-09-28T15:10:34","modified_gmt":"2021-09-28T15:10:34","slug":"la-ciudad-recibe-4-millones-del-estado-para-reparaciones-de-bibliotecas","status":"publish","type":"post","link":"http:\/\/www.pasadenahoy.com\/primero\/la-comunidad\/la-ciudad-recibe-4-millones-del-estado-para-reparaciones-de-bibliotecas\/","title":{"rendered":"La ciudad recibe $ 4 millones del estado para reparaciones de bibliotecas"},"content":{"rendered":"\n<figure class=\"wp-block-image alignnone size-large\"><figure class=\"alignnone\"><img loading=\"lazy\" width=\"700\" height=\"378\" src=\"http:\/\/www.pasadenahoy.com\/primero\/wp-content\/uploads\/2021\/09\/pic-1-8.jpg\" alt=\"\" class=\"wp-image-11333\" srcset=\"http:\/\/www.pasadenahoy.com\/primero\/wp-content\/uploads\/2021\/09\/pic-1-8.jpg 700w, http:\/\/www.pasadenahoy.com\/primero\/wp-content\/uploads\/2021\/09\/pic-1-8-300x162.jpg 300w, http:\/\/www.pasadenahoy.com\/primero\/wp-content\/uploads\/2021\/09\/pic-1-8-241x130.jpg 241w, http:\/\/www.pasadenahoy.com\/primero\/wp-content\/uploads\/2021\/09\/pic-1-8-333x180.jpg 333w, http:\/\/www.pasadenahoy.com\/primero\/wp-content\/uploads\/2021\/09\/pic-1-8-360x194.jpg 360w\" sizes=\"100vw\" \/><figcaption><span class=\"caption-text\">Imagen cortes\u00eda de la Ciudad de Pasadena<\/span><\/figcaption><\/figure><\/figure>\n\n\n\n<p>El asamble\u00edsta Chris Holden entreg\u00f3 a la ciudad un cheque por $ 4 millones a la ciudad para ayudar a reparar la Biblioteca P\u00fablica de Pasadena al comienzo de la reuni\u00f3n del Concejo Municipal del lunes.<\/p>\n\n\n\n<p>\u201cHabiendo servido en este consejo, comprendo de primera mano lo importante que es esta biblioteca para la comunidad\u201d, dijo Holden.<\/p>\n\n\n\n<p>En agosto, el administrador de la ciudad Steve Mermell le dijo a Pasadena Now que despu\u00e9s del cierre de la biblioteca en mayo, la ciudad se apresur\u00f3 a solicitar la ayuda del asamble\u00edsta Holden.<\/p>\n\n\n\n<p>\u201cSolo un mes despu\u00e9s, el 29 de junio de 2021, el estado aprob\u00f3 en su presupuesto $ 4 millones que se utilizar\u00e1n para pagar el dise\u00f1o y los dibujos de las mejoras s\u00edsmicas de la Biblioteca Central de Pasadena\u201d, dijo Mermell.<\/p>\n\n\n\n<p>Los funcionarios de la ciudad se vieron obligados a cerrar la biblioteca en espera de una remodelaci\u00f3n y restauraci\u00f3n s\u00edsmica en mayo despu\u00e9s de que una evaluaci\u00f3n estructural revel\u00f3 que la mayor parte del edificio consiste en mamposter\u00eda no reforzada.<\/p>\n\n\n\n<p>Los $ 4 millones se utilizar\u00e1n para el dise\u00f1o y los dibujos que se utilizar\u00e1n en actualizaciones s\u00edsmicas.<\/p>\n\n\n\n<p>La evaluaci\u00f3n se realiz\u00f3 en abril como parte de un proyecto de mejora de capital de $ 30 millones para la Biblioteca Central. El proyecto incluye mejoras y reemplazos del sistema de construcci\u00f3n, incluido el reemplazo del techo, los sistemas de tuber\u00edas y los sistemas mec\u00e1nicos de calefacci\u00f3n y refrigeraci\u00f3n. Tambi\u00e9n se incluyen mejoras el\u00e9ctricas, s\u00edsmicas y estructurales, as\u00ed como mejoras en el patio exterior del edificio.<\/p>\n\n\n\n<p>El dinero era parte de un paquete local que tambi\u00e9n inclu\u00eda $ 1.6 millones para Pasadena Playhouse, $ 1 mill\u00f3n para un estudio de la extensi\u00f3n Gold Line al Aeropuerto Hollywood-Burbank y $ 250,000 para el Distrito de la Biblioteca Central de Altadena.<\/p>\n\n\n\n<p>Bajo una modificaci\u00f3n, el edificio se actualizar\u00eda para cumplir con las enmiendas al c\u00f3digo de construcci\u00f3n s\u00edsmica seg\u00fan una ordenanza de 1993 que requiere que los edificios de mamposter\u00eda cumplan con est\u00e1ndares espec\u00edficos.<\/p>\n\n\n\n<p>En 2003, el Ayuntamiento aprob\u00f3 un plan para la modernizaci\u00f3n s\u00edsmica, la restauraci\u00f3n hist\u00f3rica y las mejoras de infraestructura del Ayuntamiento. La modernizaci\u00f3n cost\u00f3 $ 117 millones.<\/p>\n\n\n\n<p>La modernizaci\u00f3n s\u00edsmica de ese edificio incluy\u00f3 la instalaci\u00f3n de aisladores de base estructural que ahora permiten que el edificio ruede, en lugar de temblar, a ra\u00edz de la actividad s\u00edsmica.<\/p>\n\n\n\n<p>Mermell dijo que el consejo se ha movido r\u00e1pidamente desde el descubrimiento de las necesidades de reacondicionamiento s\u00edsmico.<\/p>\n\n\n\n<p>&#8220;Con estos fondos iniciales ahora asegurados, reuniremos y administraremos un equipo de expertos en dise\u00f1o de ingenier\u00eda arquitect\u00f3nica para preservar las caracter\u00edsticas hist\u00f3ricas del edificio de la Biblioteca Central&#8221;.<\/p>\n\n\n\n<p>Aunque la Biblioteca Central de Pasadena est\u00e1 cerrada en este momento, cuenta con el respaldo de nueve sucursales de bibliotecas del vecindario que est\u00e1n abiertas y contin\u00faan ofreciendo acceso en persona o en l\u00ednea a libros y publicaciones peri\u00f3dicas, colecciones, artes del lenguaje, programas de desarrollo profesional y personal, computadoras, e internet.<\/p>\n\n\n\n<p>La Biblioteca Central es uno de los tres edificios principales del Distrito del Centro C\u00edvico de la ciudad como parte del Plan Bennett. Se dedic\u00f3 el d\u00eda del cumplea\u00f1os de Abraham Lincoln, el 12 de febrero de 1927.<\/p>\n\n\n\n<p>El plan, desarrollado por el arquitecto Edward Bennett, coloc\u00f3 las instituciones c\u00edvicas m\u00e1s importantes de la ciudad, incluida la biblioteca y el Ayuntamiento, dentro de un \u00e1rea donde las calles concluyen en los edificios: el Ayuntamiento al este, la biblioteca al norte y el Centro C\u00edvico. al sur.<\/p>\n\n\n\n<p>La biblioteca estuvo cerrada durante un a\u00f1o durante la pandemia.<\/p>\n\n\n\n<p>\u201cDespu\u00e9s de un largo cierre de las instalaciones de la Biblioteca P\u00fablica de Pasadena debido a la pandemia, muchos esperaban la reapertura de la Biblioteca Central\u201d, dijo Mermell en agosto. \u201cDur\u00f3 poco, ya que descubrimos que el edificio no era seguro en caso de que hubiera un terremoto. Por la seguridad de los clientes y el personal, se cerr\u00f3 y de inmediato comenzamos a trabajar para una reapertura &#8220;.<\/p>\n","protected":false},"excerpt":{"rendered":"<p>El asamble\u00edsta Chris Holden entreg\u00f3 a la ciudad un cheque por $ 4 millones a la ciudad para ayudar a reparar la Biblioteca P\u00fablica de Pasadena al comienzo de la reuni\u00f3n del Concejo Municipal del lunes. \u201cHabiendo servido en este consejo, comprendo de primera mano lo importante que es esta biblioteca para la comunidad\u201d, dijo Holden. En agosto, el administrador de la ciudad Steve Mermell le dijo a Pasadena Now que despu\u00e9s del cierre de la biblioteca en mayo, la [&hellip;]<\/p>\n","protected":false},"author":4,"featured_media":11333,"comment_status":"open","ping_status":"closed","sticky":false,"template":"","format":"standard","meta":[],"categories":[4],"tags":[],"acf":[],"_links":{"self":[{"href":"http:\/\/www.pasadenahoy.com\/primero\/wp-json\/wp\/v2\/posts\/11332"}],"collection":[{"href":"http:\/\/www.pasadenahoy.com\/primero\/wp-json\/wp\/v2\/posts"}],"about":[{"href":"http:\/\/www.pasadenahoy.com\/primero\/wp-json\/wp\/v2\/types\/post"}],"author":[{"embeddable":true,"href":"http:\/\/www.pasadenahoy.com\/primero\/wp-json\/wp\/v2\/users\/4"}],"replies":[{"embeddable":true,"href":"http:\/\/www.pasadenahoy.com\/primero\/wp-json\/wp\/v2\/comments?post=11332"}],"version-history":[{"count":2,"href":"http:\/\/www.pasadenahoy.com\/primero\/wp-json\/wp\/v2\/posts\/11332\/revisions"}],"predecessor-version":[{"id":11335,"href":"http:\/\/www.pasadenahoy.com\/primero\/wp-json\/wp\/v2\/posts\/11332\/revisions\/11335"}],"wp:featuredmedia":[{"embeddable":true,"href":"http:\/\/www.pasadenahoy.com\/primero\/wp-json\/wp\/v2\/media\/11333"}],"wp:attachment":[{"href":"http:\/\/www.pasadenahoy.com\/primero\/wp-json\/wp\/v2\/media?parent=11332"}],"wp:term":[{"taxonomy":"category","embeddable":true,"href":"http:\/\/www.pasadenahoy.com\/primero\/wp-json\/wp\/v2\/categories?post=11332"},{"taxonomy":"post_tag","embeddable":true,"href":"http:\/\/www.pasadenahoy.com\/primero\/wp-json\/wp\/v2\/tags?post=11332"}],"curies":[{"name":"wp","href":"https:\/\/api.w.org\/{rel}","templated":true}]}}