{"id":11340,"date":"2021-09-28T15:21:36","date_gmt":"2021-09-28T15:21:36","guid":{"rendered":"http:\/\/www.pasadenahoy.com\/primero\/?p=11340"},"modified":"2021-09-28T15:21:38","modified_gmt":"2021-09-28T15:21:38","slug":"la-ciudad-aumenta-los-requisitos-de-prueba-de-vacunacion-o-prueba-covid-negativa-para-clientes-de-bares-cervecerias-clubes-nocturnos-salones-y-megaeventos","status":"publish","type":"post","link":"http:\/\/www.pasadenahoy.com\/primero\/la-comunidad\/la-ciudad-aumenta-los-requisitos-de-prueba-de-vacunacion-o-prueba-covid-negativa-para-clientes-de-bares-cervecerias-clubes-nocturnos-salones-y-megaeventos\/","title":{"rendered":"La ciudad aumenta los requisitos de prueba de vacunaci\u00f3n o prueba COVID negativa para clientes de bares, cervecer\u00edas, clubes nocturnos, salones y megaeventos"},"content":{"rendered":"\n<figure class=\"wp-block-image alignnone size-large\"><figure class=\"alignnone\"><img loading=\"lazy\" width=\"700\" height=\"378\" src=\"http:\/\/www.pasadenahoy.com\/primero\/wp-content\/uploads\/2021\/09\/pic-3-6.jpg\" alt=\"\" class=\"wp-image-11341\" srcset=\"http:\/\/www.pasadenahoy.com\/primero\/wp-content\/uploads\/2021\/09\/pic-3-6.jpg 700w, http:\/\/www.pasadenahoy.com\/primero\/wp-content\/uploads\/2021\/09\/pic-3-6-300x162.jpg 300w, http:\/\/www.pasadenahoy.com\/primero\/wp-content\/uploads\/2021\/09\/pic-3-6-241x130.jpg 241w, http:\/\/www.pasadenahoy.com\/primero\/wp-content\/uploads\/2021\/09\/pic-3-6-333x180.jpg 333w, http:\/\/www.pasadenahoy.com\/primero\/wp-content\/uploads\/2021\/09\/pic-3-6-360x194.jpg 360w\" sizes=\"100vw\" \/><figcaption><span class=\"caption-text\">Un negocio en Chelsea en Nueva York muestra carteles que requieren prueba de vacunaci\u00f3n antes de ingresar en agosto de 2021. (Shutterstock)<\/span><\/figcaption><\/figure><\/figure>\n\n\n\n<p>Al decir que el n\u00famero de casos nuevos de COVID-19 por cada 100,000 personas en los \u00faltimos 7 d\u00edas en Pasadena aument\u00f3 r\u00e1pidamente a niveles \u201caltos\u201d y \u201csustanciales\u201d al igual que la tasa de positividad de las pruebas, el Departamento de Salud P\u00fablica de Pasadena emiti\u00f3 el lunes reglas de salud m\u00e1s estrictas.<\/p>\n\n\n\n<p>La nueva orden exige que las personas que asistan a los megaeventos deber\u00e1n mostrar prueba de vacunaci\u00f3n completa o prueba de resultado negativo previo a la entrada en un resultado de prueba de diagn\u00f3stico de COVID-19 para poder asistir al evento.<\/p>\n\n\n\n<p>Los clientes que reciben servicio en interiores en bares, cervecer\u00edas, clubes nocturnos y salones, y los empleados de esos negocios deben proporcionar prueba de al menos una dosis de la vacuna COVID-19 antes del 7 de octubre y la vacunaci\u00f3n completa antes del 4 de noviembre. Estos establecimientos sirven principalmente a adultos y ya requieren que los clientes muestren prueba de edad; los ni\u00f1os menores de 12 a\u00f1os est\u00e1n exentos de estos requisitos.<\/p>\n\n\n\n<p>La auto-atestaci\u00f3n no se puede utilizar como m\u00e9todo para verificar el estado de un asistente como completamente vacunado o como prueba de un resultado negativo de la prueba COVID-19.<\/p>\n\n\n\n<p>Aunque la nueva orden no se aplica a los restaurantes, se recomienda encarecidamente la verificaci\u00f3n de vacunaci\u00f3n para los clientes que cenan en el interior.<\/p>\n\n\n\n<p>El requisito de verificaci\u00f3n de la vacuna o una prueba negativa dentro de las 72 horas previas a asistir a un mega evento al aire libre se alinea con el plan de acci\u00f3n nacional COVID-19 recientemente anunciado por el presidente Biden, Path Out of the Pandemic, y se aplica a lugares y eventos al aire libre con m\u00e1s de 10,000 asistentes. que tienen boleto y \/ o tienen puntos de entrada controlados a un \u00e1rea bien definida, como eventos deportivos y musicales<\/p>\n\n\n\n<p>Los organizadores de megaeventos al aire libre deben colocar informaci\u00f3n de manera destacada en todas las comunicaciones, incluidos los sistemas de reserva y emisi\u00f3n de boletos, para garantizar que los invitados conozcan la prueba de las pruebas previas a la entrada o el requisito del estado de vacunaci\u00f3n completo, as\u00ed como el requisito de que todos usen una m\u00e1scara mientras est\u00e1n en asistencia y modos aceptables de verificaci\u00f3n.<\/p>\n\n\n\n<p>La nueva orden entra en vigencia el 7 de octubre a las 12:01 a.m.<\/p>\n","protected":false},"excerpt":{"rendered":"<p>Al decir que el n\u00famero de casos nuevos de COVID-19 por cada 100,000 personas en los \u00faltimos 7 d\u00edas en Pasadena aument\u00f3 r\u00e1pidamente a niveles \u201caltos\u201d y \u201csustanciales\u201d al igual que la tasa de positividad de las pruebas, el Departamento de Salud P\u00fablica de Pasadena emiti\u00f3 el lunes reglas de salud m\u00e1s estrictas. La nueva orden exige que las personas que asistan a los megaeventos deber\u00e1n mostrar prueba de vacunaci\u00f3n completa o prueba de resultado negativo previo a la entrada [&hellip;]<\/p>\n","protected":false},"author":4,"featured_media":11341,"comment_status":"open","ping_status":"closed","sticky":false,"template":"","format":"standard","meta":[],"categories":[4],"tags":[],"acf":[],"_links":{"self":[{"href":"http:\/\/www.pasadenahoy.com\/primero\/wp-json\/wp\/v2\/posts\/11340"}],"collection":[{"href":"http:\/\/www.pasadenahoy.com\/primero\/wp-json\/wp\/v2\/posts"}],"about":[{"href":"http:\/\/www.pasadenahoy.com\/primero\/wp-json\/wp\/v2\/types\/post"}],"author":[{"embeddable":true,"href":"http:\/\/www.pasadenahoy.com\/primero\/wp-json\/wp\/v2\/users\/4"}],"replies":[{"embeddable":true,"href":"http:\/\/www.pasadenahoy.com\/primero\/wp-json\/wp\/v2\/comments?post=11340"}],"version-history":[{"count":2,"href":"http:\/\/www.pasadenahoy.com\/primero\/wp-json\/wp\/v2\/posts\/11340\/revisions"}],"predecessor-version":[{"id":11343,"href":"http:\/\/www.pasadenahoy.com\/primero\/wp-json\/wp\/v2\/posts\/11340\/revisions\/11343"}],"wp:featuredmedia":[{"embeddable":true,"href":"http:\/\/www.pasadenahoy.com\/primero\/wp-json\/wp\/v2\/media\/11341"}],"wp:attachment":[{"href":"http:\/\/www.pasadenahoy.com\/primero\/wp-json\/wp\/v2\/media?parent=11340"}],"wp:term":[{"taxonomy":"category","embeddable":true,"href":"http:\/\/www.pasadenahoy.com\/primero\/wp-json\/wp\/v2\/categories?post=11340"},{"taxonomy":"post_tag","embeddable":true,"href":"http:\/\/www.pasadenahoy.com\/primero\/wp-json\/wp\/v2\/tags?post=11340"}],"curies":[{"name":"wp","href":"https:\/\/api.w.org\/{rel}","templated":true}]}}