{"id":11368,"date":"2021-09-29T15:26:39","date_gmt":"2021-09-29T15:26:39","guid":{"rendered":"http:\/\/www.pasadenahoy.com\/primero\/?p=11368"},"modified":"2021-09-29T15:26:41","modified_gmt":"2021-09-29T15:26:41","slug":"los-funcionarios-de-salud-de-pasadena-comienzan-a-administrar-vacunas-de-refuerzo-de-covid-19","status":"publish","type":"post","link":"http:\/\/www.pasadenahoy.com\/primero\/la-comunidad\/los-funcionarios-de-salud-de-pasadena-comienzan-a-administrar-vacunas-de-refuerzo-de-covid-19\/","title":{"rendered":"Los funcionarios de salud de Pasadena comienzan a administrar vacunas de refuerzo de COVID-19"},"content":{"rendered":"\n<figure class=\"wp-block-image alignnone size-large\"><figure class=\"alignnone\"><img loading=\"lazy\" width=\"700\" height=\"378\" src=\"http:\/\/www.pasadenahoy.com\/primero\/wp-content\/uploads\/2021\/09\/pic-3-7.jpg\" alt=\"\" class=\"wp-image-11369\" srcset=\"http:\/\/www.pasadenahoy.com\/primero\/wp-content\/uploads\/2021\/09\/pic-3-7.jpg 700w, http:\/\/www.pasadenahoy.com\/primero\/wp-content\/uploads\/2021\/09\/pic-3-7-300x162.jpg 300w, http:\/\/www.pasadenahoy.com\/primero\/wp-content\/uploads\/2021\/09\/pic-3-7-241x130.jpg 241w, http:\/\/www.pasadenahoy.com\/primero\/wp-content\/uploads\/2021\/09\/pic-3-7-333x180.jpg 333w, http:\/\/www.pasadenahoy.com\/primero\/wp-content\/uploads\/2021\/09\/pic-3-7-360x194.jpg 360w\" sizes=\"100vw\" \/><figcaption><span class=\"caption-text\">Army Spc. Angel Laureano sostiene un frasco de la vacuna COVID-19, Centro M\u00e9dico Militar Nacional Walter Reed, Bethesda, Maryland, 14 de diciembre de 2020 (Foto del Departamento de Defensa de Lisa Ferdinando)<\/span><\/figcaption><\/figure><\/figure>\n\n\n\n<p>El Departamento de Salud P\u00fablica de Pasadena ha comenzado a administrar terceras dosis de Pfizer COVID-19, o inyecciones de refuerzo, a grupos elegibles que incluyen personas mayores, personas con afecciones m\u00e9dicas subyacentes y aquellos que trabajan en trabajos con alto riesgo de exposici\u00f3n, anunciaron las autoridades el martes.<\/p>\n\n\n\n<p>La medida refleja un cambio de pol\u00edtica del Departamento de Salud P\u00fablica del condado de Los \u00c1ngeles la semana pasada, que se realiz\u00f3 en respuesta a las directrices emitidas por los Centros para el Control y la Prevenci\u00f3n de Enfermedades de EE. UU.<\/p>\n\n\n\n<p>Las inyecciones de refuerzo solo est\u00e1n disponibles para quienes recibieron la formulaci\u00f3n de la vacuna Pfizer en este momento y deben administrarse al menos seis meses despu\u00e9s de la primera ronda de vacuna, dijeron los funcionarios de PPHD en una declaraci\u00f3n escrita.<\/p>\n\n\n\n<p>&#8220;Aquellos que recibieron Moderna y Johnson &amp; Johnson deber\u00e1n esperar hasta que la Administraci\u00f3n de Alimentos y Medicamentos y los CDC revisen los datos sobre los refuerzos y determinen la necesidad y la seguridad de los refuerzos para estas vacunas&#8221;, seg\u00fan el comunicado.<\/p>\n\n\n\n<p>Los grupos elegibles para recibir vacunas de refuerzo incluyen personas de 65 a\u00f1os o m\u00e1s, residentes de centros de atenci\u00f3n a largo plazo, personas de 18 a\u00f1os o m\u00e1s con afecciones de salud subyacentes y trabajadores en entornos de alto riesgo, incluidos trabajadores de la salud, socorristas, maestros y personal de guarder\u00eda, comestibles trabajadores y trabajadores en albergues o prisiones para personas sin hogar, dijeron las autoridades.<\/p>\n\n\n\n<p>El director de Salud P\u00fablica de Pasadena, el Dr. Ying-Ying Goh, inst\u00f3 a todos los elegibles a programar una vacuna de refuerzo.<\/p>\n\n\n\n<p>\u201cPPHD continuar\u00e1 trabajando en estrecha colaboraci\u00f3n con nuestra comunidad para ofrecer la vacuna COVID-19 a aquellos que a\u00fan no est\u00e1n vacunados, adem\u00e1s de proporcionar dosis de refuerzo\u201d, dijo.<\/p>\n\n\n\n<p>Las citas para las vacunas de refuerzo se pueden hacer a trav\u00e9s del sitio web MyTurn.CA.gov del estado o directamente en una farmacia que las ofrezca. El PPHD solo administrar\u00e1 vacunas de refuerzo a las personas registradas a trav\u00e9s del sitio web del estado.<\/p>\n\n\n\n<p>Ya se estaban planificando tres cl\u00ednicas de vacunaci\u00f3n de refuerzo para el s\u00e1bado 5 y 12 de octubre, dijeron funcionarios de la ciudad. Se incluir\u00e1n en el sitio web MyTurn.CA.gov del estado.<\/p>\n\n\n\n<p>Al recibir vacunas de refuerzo, se les pide a los residentes que traigan prueba de sus vacunas anteriores, ya sean f\u00edsicas o digitales, y se les puede pedir que firmen un formulario de autocertificaci\u00f3n que indique que son elegibles para la dosis.<\/p>\n\n\n\n<p>Se inst\u00f3 a quienes est\u00e9n considerando una vacuna de refuerzo a que se comuniquen con sus m\u00e9dicos para determinar si se necesita una vacuna de refuerzo y discutir los riesgos y beneficios, dijeron las autoridades.<\/p>\n\n\n\n<p>Cualquier persona que necesite ayuda para hacer una cita puede comunicarse con el Centro de Servicio al Ciudadano de Pasadena al (626) 744-7311.<\/p>\n\n\n\n<p>Relacionado:<\/p>\n\n\n\n<p>El condado de Los \u00c1ngeles comienza a administrar vacunas de refuerzo COVID-19 de Pfizer, Pasadena har\u00e1 lo mismo la pr\u00f3xima semana<\/p>\n","protected":false},"excerpt":{"rendered":"<p>El Departamento de Salud P\u00fablica de Pasadena ha comenzado a administrar terceras dosis de Pfizer COVID-19, o inyecciones de refuerzo, a grupos elegibles que incluyen personas mayores, personas con afecciones m\u00e9dicas subyacentes y aquellos que trabajan en trabajos con alto riesgo de exposici\u00f3n, anunciaron las autoridades el martes. La medida refleja un cambio de pol\u00edtica del Departamento de Salud P\u00fablica del condado de Los \u00c1ngeles la semana pasada, que se realiz\u00f3 en respuesta a las directrices emitidas por los Centros [&hellip;]<\/p>\n","protected":false},"author":4,"featured_media":11369,"comment_status":"open","ping_status":"closed","sticky":false,"template":"","format":"standard","meta":[],"categories":[4],"tags":[],"acf":[],"_links":{"self":[{"href":"http:\/\/www.pasadenahoy.com\/primero\/wp-json\/wp\/v2\/posts\/11368"}],"collection":[{"href":"http:\/\/www.pasadenahoy.com\/primero\/wp-json\/wp\/v2\/posts"}],"about":[{"href":"http:\/\/www.pasadenahoy.com\/primero\/wp-json\/wp\/v2\/types\/post"}],"author":[{"embeddable":true,"href":"http:\/\/www.pasadenahoy.com\/primero\/wp-json\/wp\/v2\/users\/4"}],"replies":[{"embeddable":true,"href":"http:\/\/www.pasadenahoy.com\/primero\/wp-json\/wp\/v2\/comments?post=11368"}],"version-history":[{"count":2,"href":"http:\/\/www.pasadenahoy.com\/primero\/wp-json\/wp\/v2\/posts\/11368\/revisions"}],"predecessor-version":[{"id":11371,"href":"http:\/\/www.pasadenahoy.com\/primero\/wp-json\/wp\/v2\/posts\/11368\/revisions\/11371"}],"wp:featuredmedia":[{"embeddable":true,"href":"http:\/\/www.pasadenahoy.com\/primero\/wp-json\/wp\/v2\/media\/11369"}],"wp:attachment":[{"href":"http:\/\/www.pasadenahoy.com\/primero\/wp-json\/wp\/v2\/media?parent=11368"}],"wp:term":[{"taxonomy":"category","embeddable":true,"href":"http:\/\/www.pasadenahoy.com\/primero\/wp-json\/wp\/v2\/categories?post=11368"},{"taxonomy":"post_tag","embeddable":true,"href":"http:\/\/www.pasadenahoy.com\/primero\/wp-json\/wp\/v2\/tags?post=11368"}],"curies":[{"name":"wp","href":"https:\/\/api.w.org\/{rel}","templated":true}]}}