{"id":11372,"date":"2021-09-29T15:31:54","date_gmt":"2021-09-29T15:31:54","guid":{"rendered":"http:\/\/www.pasadenahoy.com\/primero\/?p=11372"},"modified":"2021-09-29T15:31:56","modified_gmt":"2021-09-29T15:31:56","slug":"guia-de-planificacion-para-futuros-proyectos-relacionados-con-el-agua-con-luz-verde-por-parte-del-comite-de-la-ciudad","status":"publish","type":"post","link":"http:\/\/www.pasadenahoy.com\/primero\/la-comunidad\/guia-de-planificacion-para-futuros-proyectos-relacionados-con-el-agua-con-luz-verde-por-parte-del-comite-de-la-ciudad\/","title":{"rendered":"Gu\u00eda de planificaci\u00f3n para futuros proyectos relacionados con el agua con luz verde por parte del comit\u00e9 de la ciudad"},"content":{"rendered":"\n<figure class=\"wp-block-image alignnone size-large\"><figure class=\"alignnone\"><img loading=\"lazy\" width=\"700\" height=\"378\" src=\"http:\/\/www.pasadenahoy.com\/primero\/wp-content\/uploads\/2021\/09\/pic-4-10.jpg\" alt=\"\" class=\"wp-image-11373\" srcset=\"http:\/\/www.pasadenahoy.com\/primero\/wp-content\/uploads\/2021\/09\/pic-4-10.jpg 700w, http:\/\/www.pasadenahoy.com\/primero\/wp-content\/uploads\/2021\/09\/pic-4-10-300x162.jpg 300w, http:\/\/www.pasadenahoy.com\/primero\/wp-content\/uploads\/2021\/09\/pic-4-10-241x130.jpg 241w, http:\/\/www.pasadenahoy.com\/primero\/wp-content\/uploads\/2021\/09\/pic-4-10-333x180.jpg 333w, http:\/\/www.pasadenahoy.com\/primero\/wp-content\/uploads\/2021\/09\/pic-4-10-360x194.jpg 360w\" sizes=\"100vw\" \/><\/figure><\/figure>\n\n\n\n<p>El Comit\u00e9 de Servicios Municipales de Pasadena aprob\u00f3 por unanimidad una gu\u00eda de planificaci\u00f3n de 25 a\u00f1os para futuros programas y proyectos relacionados con el agua en la ciudad durante su reuni\u00f3n del martes.<\/p>\n\n\n\n<p>El objetivo del plan es asegurar la provisi\u00f3n por parte de la ciudad de servicios de agua asequibles y de alta calidad para el p\u00fablico.<\/p>\n\n\n\n<p>El Plan de Recursos y Sistema de Agua 2020 (WRSP), desarrollado por el Departamento de Agua y Energ\u00eda de Pasadena, (PWP) proporciona a la Ciudad un marco para evaluar los programas futuros de suministro de agua y la inversi\u00f3n en infraestructura.<\/p>\n\n\n\n<p>El plan a largo plazo, que se revisar\u00e1 cada cinco a\u00f1os, recomienda implementar una serie de proyectos por un valor aproximado de $ 430 millones durante el per\u00edodo de 25 a\u00f1os, con un valor de $ 130 millones durante los primeros cinco a\u00f1os.<\/p>\n\n\n\n<p>Las recomendaciones clave del plan incluyen el reemplazo de las viejas tuber\u00edas de distribuci\u00f3n y la infraestructura obsoleta que impactan la capacidad de PWP para atender a sus clientes.<\/p>\n\n\n\n<p>Seg\u00fan el personal de la ciudad, casi la mitad de las tuber\u00edas existentes en la ciudad tienen m\u00e1s de 80 a\u00f1os y necesitan reparaci\u00f3n o reemplazo.<\/p>\n\n\n\n<p>Tambi\u00e9n se incluye en el plan la recomendaci\u00f3n de maximizar el suministro local al disminuir las importaciones de suministro de agua al 50 por ciento desde el 65 por ciento.<\/p>\n\n\n\n<p>El suministro de agua de PWP es una mezcla de 30 a 40 por ciento de agua subterr\u00e1nea local de la Cuenca Raymond, y el resto proviene de agua importada del Distrito Metropolitano de Agua del Sur de California.<\/p>\n\n\n\n<p>Como es probable que ocurran sequ\u00edas en California, Roumiana Voutchkova del departamento dijo que el plan tambi\u00e9n propone la implementaci\u00f3n de programas de conservaci\u00f3n mejorados que exceder\u00e1n los mandatos estatales para que el departamento pueda continuar proporcionando suministros de agua a tarifas razonables.<\/p>\n\n\n\n<p>\u201cNuestra cartera recomendada incluye un 10 por ciento de conservaci\u00f3n al aire libre adicional por encima de lo que estimamos que requerir\u00e1 el estado\u201d.<\/p>\n\n\n\n<p>Actualmente, el 20 por ciento de las propiedades residenciales tienen jardines tolerantes a la sequ\u00eda. Brad Boman, gerente de ingenier\u00eda de PWP, dijo que para alcanzar el objetivo de conservaci\u00f3n seg\u00fan el plan, esto debe duplicarse para 2030.<\/p>\n\n\n\n<p>\u201cPara lograr este nivel de conservaci\u00f3n, necesitar\u00edamos duplicarlo. Necesitar\u00edamos que alrededor del 40 por ciento de todos nuestros patios delanteros en Pasadena se conviertan en un uso de agua bajo \u201d, dijo Boman.<\/p>\n\n\n\n<p>Los otros programas clave del WRSP incluyen proyectos para aumentar la capacidad de recarga de agua subterr\u00e1nea y el uso de recursos locales no potables para riego.<\/p>\n\n\n\n<p>El residente Morey Wolfson, presidente de MW Energy Solutions LLC, en su comentario p\u00fablico, pidi\u00f3 al Ayuntamiento que rechazara partes del WRSP con respecto al suministro de agua debido a la supuesta falla del plan para proporcionar un enfoque cre\u00edble para detener la reducci\u00f3n de la cuenca Raymond. .<\/p>\n\n\n\n<p>Tambi\u00e9n pidi\u00f3 a la Ciudad que rechace la parte del WRSP con respecto a la demanda de agua debido a la supuesta falla del plan para preparar suficientemente a la comunidad para que se concentre fuertemente en la conservaci\u00f3n y eficiencia del agua.<\/p>\n\n\n\n<p>Con la aprobaci\u00f3n del comit\u00e9, el plan propuesto ahora puede ser elevado al Concejo Municipal para su consideraci\u00f3n.<\/p>\n","protected":false},"excerpt":{"rendered":"<p>El Comit\u00e9 de Servicios Municipales de Pasadena aprob\u00f3 por unanimidad una gu\u00eda de planificaci\u00f3n de 25 a\u00f1os para futuros programas y proyectos relacionados con el agua en la ciudad durante su reuni\u00f3n del martes. El objetivo del plan es asegurar la provisi\u00f3n por parte de la ciudad de servicios de agua asequibles y de alta calidad para el p\u00fablico. El Plan de Recursos y Sistema de Agua 2020 (WRSP), desarrollado por el Departamento de Agua y Energ\u00eda de Pasadena, (PWP) [&hellip;]<\/p>\n","protected":false},"author":4,"featured_media":0,"comment_status":"open","ping_status":"closed","sticky":false,"template":"","format":"standard","meta":[],"categories":[4],"tags":[],"acf":[],"_links":{"self":[{"href":"http:\/\/www.pasadenahoy.com\/primero\/wp-json\/wp\/v2\/posts\/11372"}],"collection":[{"href":"http:\/\/www.pasadenahoy.com\/primero\/wp-json\/wp\/v2\/posts"}],"about":[{"href":"http:\/\/www.pasadenahoy.com\/primero\/wp-json\/wp\/v2\/types\/post"}],"author":[{"embeddable":true,"href":"http:\/\/www.pasadenahoy.com\/primero\/wp-json\/wp\/v2\/users\/4"}],"replies":[{"embeddable":true,"href":"http:\/\/www.pasadenahoy.com\/primero\/wp-json\/wp\/v2\/comments?post=11372"}],"version-history":[{"count":2,"href":"http:\/\/www.pasadenahoy.com\/primero\/wp-json\/wp\/v2\/posts\/11372\/revisions"}],"predecessor-version":[{"id":11375,"href":"http:\/\/www.pasadenahoy.com\/primero\/wp-json\/wp\/v2\/posts\/11372\/revisions\/11375"}],"wp:attachment":[{"href":"http:\/\/www.pasadenahoy.com\/primero\/wp-json\/wp\/v2\/media?parent=11372"}],"wp:term":[{"taxonomy":"category","embeddable":true,"href":"http:\/\/www.pasadenahoy.com\/primero\/wp-json\/wp\/v2\/categories?post=11372"},{"taxonomy":"post_tag","embeddable":true,"href":"http:\/\/www.pasadenahoy.com\/primero\/wp-json\/wp\/v2\/tags?post=11372"}],"curies":[{"name":"wp","href":"https:\/\/api.w.org\/{rel}","templated":true}]}}