{"id":11389,"date":"2021-09-30T15:41:47","date_gmt":"2021-09-30T15:41:47","guid":{"rendered":"http:\/\/www.pasadenahoy.com\/primero\/?p=11389"},"modified":"2021-09-30T15:41:50","modified_gmt":"2021-09-30T15:41:50","slug":"caravana-en-apoyo-de-los-derechos-reproductivos-de-las-mujeres-programada-para-el-sabado","status":"publish","type":"post","link":"http:\/\/www.pasadenahoy.com\/primero\/la-comunidad\/caravana-en-apoyo-de-los-derechos-reproductivos-de-las-mujeres-programada-para-el-sabado\/","title":{"rendered":"Caravana en apoyo de los derechos reproductivos de las mujeres programada para el s\u00e1bado"},"content":{"rendered":"\n<figure class=\"wp-block-image alignnone size-large\"><figure class=\"alignnone\"><img loading=\"lazy\" width=\"700\" height=\"378\" src=\"http:\/\/www.pasadenahoy.com\/primero\/wp-content\/uploads\/2021\/09\/City-Hall-700x378-1.jpg\" alt=\"\" class=\"wp-image-11390\" srcset=\"http:\/\/www.pasadenahoy.com\/primero\/wp-content\/uploads\/2021\/09\/City-Hall-700x378-1.jpg 700w, http:\/\/www.pasadenahoy.com\/primero\/wp-content\/uploads\/2021\/09\/City-Hall-700x378-1-300x162.jpg 300w, http:\/\/www.pasadenahoy.com\/primero\/wp-content\/uploads\/2021\/09\/City-Hall-700x378-1-241x130.jpg 241w, http:\/\/www.pasadenahoy.com\/primero\/wp-content\/uploads\/2021\/09\/City-Hall-700x378-1-333x180.jpg 333w, http:\/\/www.pasadenahoy.com\/primero\/wp-content\/uploads\/2021\/09\/City-Hall-700x378-1-360x194.jpg 360w\" sizes=\"100vw\" \/><\/figure><\/figure>\n\n\n\n<p>Varios grupos locales se reunir\u00e1n el s\u00e1bado en Pasadena Caravan for Choice desde el Rose Bowl hasta el Ayuntamiento para defender los derechos reproductivos.<\/p>\n\n\n\n<p>A partir de las 9:30 a.m., los simpatizantes en autom\u00f3viles y bicicletas har\u00e1n la caminata para enfatizar el hecho de que los derechos reproductivos son importantes y que el aborto es una forma de atenci\u00f3n m\u00e9dica.<\/p>\n\n\n\n<p>\u201cComo naci\u00f3n, estamos retrocediendo\u201d, dijo la organizadora Rebecca Fleming. \u201cNecesitamos dejar de litigar lo que una mujer puede y no puede hacerle a su cuerpo. Esto solo obligar\u00e1 a las mujeres que pertenecen a grupos socioecon\u00f3micos m\u00e1s bajos a tener que tomar formas horribles y anticuadas de tomar decisiones sobre sus propios cuerpos. Estas son elecciones y decisiones incre\u00edblemente personales que las mujeres deben tomar. Tenerlo litigado es una locura.<\/p>\n\n\n\n<p>\u201cComo sociedad, debemos levantarnos y unir fuerzas y dar a conocer que esta forma de abuso social contra las mujeres debe terminar\u201d, dijo Fleming.<\/p>\n\n\n\n<p>Se planean otros eventos relacionados con los derechos reproductivos en todo el mundo.<\/p>\n\n\n\n<p>A principios de este mes, la Corte Suprema de Estados Unidos permiti\u00f3 que entrara en vigencia una ley de Texas, que b\u00e1sicamente proh\u00edbe el aborto despu\u00e9s de las seis semanas de gestaci\u00f3n.<\/p>\n\n\n\n<p>Seg\u00fan varios informes, algunas mujeres han estado volando a California para abortar.<\/p>\n\n\n\n<p>\u201cLa primera vez que puse un pie en un centro de salud de Planned Parenthood fue en 2012\u201d, dijo Juliana Serrano, vicepresidenta de defensa y equidad de Planned Parenthood Pasadena &amp; San Gabriel Valley.<\/p>\n\n\n\n<p>&#8220;Estaba recorriendo el Centro de Salud de Pasadena cuando un proveedor m\u00e9dico dijo, &#8216;el aborto es atenci\u00f3n m\u00e9dica&#8217;. Esta frase poderosa se me qued\u00f3 grabada y sigue siendo relevante hoy en d\u00eda, ya que los derechos al aborto est\u00e1n siendo atacados&#8221;, dijo Serrano.<\/p>\n\n\n\n<p>\u201cEl acceso al aborto y la libertad reproductiva est\u00e1n en peligro. Tan pronto como Texas promulg\u00f3 el Proyecto de Ley del Senado 8, una feroz prohibici\u00f3n del aborto, Planned Parenthood Pasadena y San Gabriel Valley recibieron varias solicitudes de citas de personas que viv\u00edan fuera de California \u201d, dijo.<\/p>\n\n\n\n<p>\u201cA medida que los estados y las ciudades aprueban las prohibiciones del aborto, la necesidad de un aborto no desaparece. En cambio, los pacientes buscan este servicio de atenci\u00f3n m\u00e9dica fuera de su comunidad o estado, a menudo viajando cientos de millas y durmiendo en sus autos para acceder a la atenci\u00f3n que necesitan \u201d, dijo.<\/p>\n\n\n\n<p>Miles de mujeres se manifestaron en varias ciudades latinoamericanas el martes para conmemorar el d\u00eda mundial de acci\u00f3n por el acceso al aborto seguro y legal, en una regi\u00f3n donde el procedimiento est\u00e1 totalmente permitido solo en un pu\u00f1ado de pa\u00edses.<\/p>\n\n\n\n<p>En la Ciudad de M\u00e9xico, las mujeres marcharon bajo la mirada de la polic\u00eda con escudos y cascos antidisturbios. Las autoridades colocaron vallas protectoras en algunos edificios y monumentos importantes que en el pasado se pintaron con aerosol durante las manifestaciones.<\/p>\n\n\n\n<p>La Caravan for Choice de Pasadena est\u00e1 patrocinada por Caravan for Choice, en asociaci\u00f3n con Planned Parenthood Pasadena y San Gabriel Valley, el llamado nacional de la Marcha de las Mujeres para manifestarse por la Justicia del Aborto, SMART, NAACP Pasadena Branch, YWCA Pasadena &amp; Glendale, POP! Cap\u00edtulos de Pasadena, NWPC-Pasadena y SGV, Radio Jornalera, ACLU- Pasadena \/ Foothills, Plan C, Black Women for Wellness, Indivisible Alta-Pas, Swing Left-SGV, Active SGV, SGV LGBTQ Center, Rooted in Resistance, Peace Over Violence , D\u00eda Uno, Bienestar de la Mujer de Glendora HS e Iglesia de Todos los Santos.<\/p>\n\n\n\n<p>\u201cPlanned Parenthood Pasadena &amp; San Gabriel Valley se enorgullece de servir a todas las personas que cruzan su puerta. Somos una organizaci\u00f3n de salud que ofrece un aborto legal y seguro a quienes lo necesitan, sin importar el motivo o la circunstancia \u201d, dijo Serrano.<\/p>\n\n\n\n<p>\u201cSabemos que decidir cu\u00e1ndo y cu\u00e1ndo no seguir adelante con un embarazo es una elecci\u00f3n personal. Sabemos que la libertad reproductiva es esencial para la autonom\u00eda corporal y que es fundamental para asegurar la equidad de g\u00e9nero, econ\u00f3mica y racial en nuestra sociedad. Sabemos que el acceso al aborto es fundamental para una atenci\u00f3n m\u00e9dica de calidad \u201d, dijo.<\/p>\n\n\n\n<p>Para registrarse, visite: <a href=\"https:\/\/act.womensmarch.com\/event\/oct-2-2021-march\/2144\/signup\/?\">PasadenaCaravan<\/a><\/p>\n","protected":false},"excerpt":{"rendered":"<p>Varios grupos locales se reunir\u00e1n el s\u00e1bado en Pasadena Caravan for Choice desde el Rose Bowl hasta el Ayuntamiento para defender los derechos reproductivos. A partir de las 9:30 a.m., los simpatizantes en autom\u00f3viles y bicicletas har\u00e1n la caminata para enfatizar el hecho de que los derechos reproductivos son importantes y que el aborto es una forma de atenci\u00f3n m\u00e9dica. \u201cComo naci\u00f3n, estamos retrocediendo\u201d, dijo la organizadora Rebecca Fleming. \u201cNecesitamos dejar de litigar lo que una mujer puede y no [&hellip;]<\/p>\n","protected":false},"author":4,"featured_media":11390,"comment_status":"open","ping_status":"closed","sticky":false,"template":"","format":"standard","meta":[],"categories":[4],"tags":[],"acf":[],"_links":{"self":[{"href":"http:\/\/www.pasadenahoy.com\/primero\/wp-json\/wp\/v2\/posts\/11389"}],"collection":[{"href":"http:\/\/www.pasadenahoy.com\/primero\/wp-json\/wp\/v2\/posts"}],"about":[{"href":"http:\/\/www.pasadenahoy.com\/primero\/wp-json\/wp\/v2\/types\/post"}],"author":[{"embeddable":true,"href":"http:\/\/www.pasadenahoy.com\/primero\/wp-json\/wp\/v2\/users\/4"}],"replies":[{"embeddable":true,"href":"http:\/\/www.pasadenahoy.com\/primero\/wp-json\/wp\/v2\/comments?post=11389"}],"version-history":[{"count":2,"href":"http:\/\/www.pasadenahoy.com\/primero\/wp-json\/wp\/v2\/posts\/11389\/revisions"}],"predecessor-version":[{"id":11392,"href":"http:\/\/www.pasadenahoy.com\/primero\/wp-json\/wp\/v2\/posts\/11389\/revisions\/11392"}],"wp:featuredmedia":[{"embeddable":true,"href":"http:\/\/www.pasadenahoy.com\/primero\/wp-json\/wp\/v2\/media\/11390"}],"wp:attachment":[{"href":"http:\/\/www.pasadenahoy.com\/primero\/wp-json\/wp\/v2\/media?parent=11389"}],"wp:term":[{"taxonomy":"category","embeddable":true,"href":"http:\/\/www.pasadenahoy.com\/primero\/wp-json\/wp\/v2\/categories?post=11389"},{"taxonomy":"post_tag","embeddable":true,"href":"http:\/\/www.pasadenahoy.com\/primero\/wp-json\/wp\/v2\/tags?post=11389"}],"curies":[{"name":"wp","href":"https:\/\/api.w.org\/{rel}","templated":true}]}}