{"id":11393,"date":"2021-09-30T15:48:43","date_gmt":"2021-09-30T15:48:43","guid":{"rendered":"http:\/\/www.pasadenahoy.com\/primero\/?p=11393"},"modified":"2021-09-30T15:48:46","modified_gmt":"2021-09-30T15:48:46","slug":"el-comite-escucha-que-la-ciudad-opera-108-millas-de-tuberias-de-agua-con-alto-riesgo-de-fallas","status":"publish","type":"post","link":"http:\/\/www.pasadenahoy.com\/primero\/la-comunidad\/el-comite-escucha-que-la-ciudad-opera-108-millas-de-tuberias-de-agua-con-alto-riesgo-de-fallas\/","title":{"rendered":"El comit\u00e9 escucha que la ciudad opera 108 millas de tuber\u00edas de agua con alto riesgo de fallas"},"content":{"rendered":"\n<figure class=\"wp-block-image alignnone size-large\"><figure class=\"alignnone\"><img loading=\"lazy\" width=\"741\" height=\"400\" src=\"http:\/\/www.pasadenahoy.com\/primero\/wp-content\/uploads\/2021\/09\/pic2-2.png\" alt=\"\" class=\"wp-image-11394\" srcset=\"http:\/\/www.pasadenahoy.com\/primero\/wp-content\/uploads\/2021\/09\/pic2-2.png 741w, http:\/\/www.pasadenahoy.com\/primero\/wp-content\/uploads\/2021\/09\/pic2-2-300x162.png 300w, http:\/\/www.pasadenahoy.com\/primero\/wp-content\/uploads\/2021\/09\/pic2-2-241x130.png 241w, http:\/\/www.pasadenahoy.com\/primero\/wp-content\/uploads\/2021\/09\/pic2-2-333x180.png 333w, http:\/\/www.pasadenahoy.com\/primero\/wp-content\/uploads\/2021\/09\/pic2-2-700x378.png 700w, http:\/\/www.pasadenahoy.com\/primero\/wp-content\/uploads\/2021\/09\/pic2-2-360x194.png 360w, http:\/\/www.pasadenahoy.com\/primero\/wp-content\/uploads\/2021\/09\/pic2-2-720x389.png 720w\" sizes=\"100vw\" \/><\/figure><\/figure>\n\n\n\n<p>El Comit\u00e9 de Servicios Municipales de la Ciudad escuch\u00f3 el martes los planes de Pasadena Water and Power para reemplazar 274 millas de las viejas tuber\u00edas de suministro de agua de la ciudad durante los pr\u00f3ximos 25 a\u00f1os a un costo de $ 289 millones.<\/p>\n\n\n\n<p>PWP recomienda el reemplazo de 108 millas de tuber\u00eda que se ha evaluado como de alto riesgo de falla, durante un per\u00edodo de 10 a\u00f1os, a un costo estimado de 114 millones de d\u00f3lares, dijo Vargas.<\/p>\n\n\n\n<p>En los pr\u00f3ximos 11 a 25 a\u00f1os, el departamento recomienda el reemplazo de 166 millas de tuber\u00eda que costar\u00eda $ 175 millones.<\/p>\n\n\n\n<p>Seg\u00fan Adolfo Vargas, gerente de proyectos de capital de la divisi\u00f3n de agua, aproximadamente el 50 por ciento de las tuber\u00edas que se utilizan hoy en d\u00eda en el sistema de distribuci\u00f3n de agua potable de la ciudad se instalaron antes de 1950.<\/p>\n\n\n\n<p>El sistema de distribuci\u00f3n de agua potable de la Ciudad consta de aproximadamente 510 millas de tuber\u00edas que var\u00edan de 2 a 42 pulgadas de di\u00e1metro.<\/p>\n\n\n\n<p>Espec\u00edficamente, dijo que el 34 por ciento del sistema o 174 millas de tuber\u00eda ya tienen m\u00e1s de 80 a\u00f1os, que generalmente es la esperanza de vida de las tuber\u00edas principales.<\/p>\n\n\n\n<p>Aproximadamente el 28 por ciento o 143 millas de la tuber\u00eda tienen entre 60 y 80 a\u00f1os. Solo el 38 por ciento o aproximadamente 193 millas de la tuber\u00eda se instalaron desde 1960.<\/p>\n\n\n\n<p>Aparte del riesgo de fallas, Vargas dijo que otros factores que tambi\u00e9n pesan en la priorizaci\u00f3n son las quejas sobre la calidad del agua, el desarrollo futuro, las nuevas fuentes de suministro y los proyectos de obras p\u00fablicas.<\/p>\n\n\n\n<p>Seg\u00fan Vargas, los materiales que se utilizar\u00e1n para los nuevos ductos no ser\u00e1n los mismos que se instalaron hace a\u00f1os. Para las tuber\u00edas, se utilizar\u00e1 hierro d\u00factil en lugar de hierro fundido, dijo.<\/p>\n\n\n\n<p>\u201cCreemos que la durabilidad podr\u00eda llevarnos m\u00e1s de cien a\u00f1os\u201d, agreg\u00f3 Vargas.<\/p>\n\n\n\n<p>Vargas dijo que la vida \u00fatil de las viejas tuber\u00edas que no se considera que tengan un alto riesgo de fallas se puede extender con el mantenimiento adecuado y la rehabilitaci\u00f3n oportuna.<\/p>\n\n\n\n<p>Seg\u00fan Vargas, la ciudad ha instalado 95 millas de tuber\u00edas desde 2002.<\/p>\n\n\n\n<p>Dijo que los proyectos de mejora de la red de agua que ya est\u00e1n en tr\u00e1mite incluyen Colorado Boulevard desde Meredith Street hasta Altadena Drive, Altadena Drive desde Woodlyn Road hasta Paloma Street, San Gabriel Boulevard desde Walnut Street hasta Millicent Way y Arroyo Parkway desde Cordova Street hasta Glenarm Street. , entre otros.<\/p>\n","protected":false},"excerpt":{"rendered":"<p>El Comit\u00e9 de Servicios Municipales de la Ciudad escuch\u00f3 el martes los planes de Pasadena Water and Power para reemplazar 274 millas de las viejas tuber\u00edas de suministro de agua de la ciudad durante los pr\u00f3ximos 25 a\u00f1os a un costo de $ 289 millones. PWP recomienda el reemplazo de 108 millas de tuber\u00eda que se ha evaluado como de alto riesgo de falla, durante un per\u00edodo de 10 a\u00f1os, a un costo estimado de 114 millones de d\u00f3lares, dijo [&hellip;]<\/p>\n","protected":false},"author":4,"featured_media":11394,"comment_status":"open","ping_status":"closed","sticky":false,"template":"","format":"standard","meta":[],"categories":[4],"tags":[],"acf":[],"_links":{"self":[{"href":"http:\/\/www.pasadenahoy.com\/primero\/wp-json\/wp\/v2\/posts\/11393"}],"collection":[{"href":"http:\/\/www.pasadenahoy.com\/primero\/wp-json\/wp\/v2\/posts"}],"about":[{"href":"http:\/\/www.pasadenahoy.com\/primero\/wp-json\/wp\/v2\/types\/post"}],"author":[{"embeddable":true,"href":"http:\/\/www.pasadenahoy.com\/primero\/wp-json\/wp\/v2\/users\/4"}],"replies":[{"embeddable":true,"href":"http:\/\/www.pasadenahoy.com\/primero\/wp-json\/wp\/v2\/comments?post=11393"}],"version-history":[{"count":2,"href":"http:\/\/www.pasadenahoy.com\/primero\/wp-json\/wp\/v2\/posts\/11393\/revisions"}],"predecessor-version":[{"id":11396,"href":"http:\/\/www.pasadenahoy.com\/primero\/wp-json\/wp\/v2\/posts\/11393\/revisions\/11396"}],"wp:featuredmedia":[{"embeddable":true,"href":"http:\/\/www.pasadenahoy.com\/primero\/wp-json\/wp\/v2\/media\/11394"}],"wp:attachment":[{"href":"http:\/\/www.pasadenahoy.com\/primero\/wp-json\/wp\/v2\/media?parent=11393"}],"wp:term":[{"taxonomy":"category","embeddable":true,"href":"http:\/\/www.pasadenahoy.com\/primero\/wp-json\/wp\/v2\/categories?post=11393"},{"taxonomy":"post_tag","embeddable":true,"href":"http:\/\/www.pasadenahoy.com\/primero\/wp-json\/wp\/v2\/tags?post=11393"}],"curies":[{"name":"wp","href":"https:\/\/api.w.org\/{rel}","templated":true}]}}