{"id":11397,"date":"2021-09-30T15:53:51","date_gmt":"2021-09-30T15:53:51","guid":{"rendered":"http:\/\/www.pasadenahoy.com\/primero\/?p=11397"},"modified":"2021-09-30T15:53:52","modified_gmt":"2021-09-30T15:53:52","slug":"como-el-95-de-los-pasadenans-elegibles-se-vacunan-con-al-menos-1-dosis-de-vacuna-covid-19-las-nuevas-infecciones-disminuyen","status":"publish","type":"post","link":"http:\/\/www.pasadenahoy.com\/primero\/la-comunidad\/como-el-95-de-los-pasadenans-elegibles-se-vacunan-con-al-menos-1-dosis-de-vacuna-covid-19-las-nuevas-infecciones-disminuyen\/","title":{"rendered":"Como el 95% de los Pasadenans elegibles se vacunan con al menos 1 dosis de vacuna COVID-19, las nuevas infecciones disminuyen"},"content":{"rendered":"\n<figure class=\"wp-block-image alignnone size-large\"><figure class=\"alignnone\"><img loading=\"lazy\" width=\"700\" height=\"378\" src=\"http:\/\/www.pasadenahoy.com\/primero\/wp-content\/uploads\/2021\/04\/Covid-Update-1-1-1-700x378-1.jpg\" alt=\"\" class=\"wp-image-7899\" srcset=\"http:\/\/www.pasadenahoy.com\/primero\/wp-content\/uploads\/2021\/04\/Covid-Update-1-1-1-700x378-1.jpg 700w, http:\/\/www.pasadenahoy.com\/primero\/wp-content\/uploads\/2021\/04\/Covid-Update-1-1-1-700x378-1-300x162.jpg 300w, http:\/\/www.pasadenahoy.com\/primero\/wp-content\/uploads\/2021\/04\/Covid-Update-1-1-1-700x378-1-241x130.jpg 241w, http:\/\/www.pasadenahoy.com\/primero\/wp-content\/uploads\/2021\/04\/Covid-Update-1-1-1-700x378-1-333x180.jpg 333w, http:\/\/www.pasadenahoy.com\/primero\/wp-content\/uploads\/2021\/04\/Covid-Update-1-1-1-700x378-1-360x194.jpg 360w\" sizes=\"100vw\" \/><\/figure><\/figure>\n\n\n\n<p>Un d\u00eda despu\u00e9s de que las autoridades locales anunciaran que el 95,2% de los residentes de Pasadena elegibles hab\u00edan recibido al menos la dosis de la vacuna COVID-19, mientras que el 88,3% de la poblaci\u00f3n local estaba completamente vacunada, las infecciones reportadas recientemente continuaron a un ritmo modesto.<\/p>\n\n\n\n<p>El mi\u00e9rcoles, se registraron 18 nuevas infecciones en toda la ciudad, dijeron las autoridades. No se informaron nuevas muertes.<\/p>\n\n\n\n<p>En total, el Departamento de Salud P\u00fablica de Pasadena registr\u00f3 un total de 13,205 casos de COVID-19 y 361 muertes desde que comenz\u00f3 la pandemia. El n\u00famero promedio de infecciones diarias de la ciudad durante la semana anterior se redujo a 13.<\/p>\n\n\n\n<p>En el Distrito Escolar Unificado de Pasadena, los funcionarios informaron 10 nuevas infecciones entre los estudiantes durante la semana pasada, incluidos seis casos reportados solo el martes. Se detectaron dos casos entre los miembros del personal durante la semana anterior.<\/p>\n\n\n\n<p>Los representantes del Hospital Huntington informaron que 16 pacientes con COVID-19 estaban siendo tratados en las instalaciones hasta el mi\u00e9rcoles. El setenta y cinco por ciento no estaban vacunados.<\/p>\n\n\n\n<p>Cinco pacientes estaban siendo tratados en unidades de cuidados intensivos, seg\u00fan Huntington. Cuatro de ellos no estaban vacunados.<\/p>\n\n\n\n<p>El Departamento de Salud P\u00fablica del Condado de Los \u00c1ngeles inform\u00f3 el mi\u00e9rcoles 1,436 nuevos casos de COVID-19 y 31 muertes, lo que elev\u00f3 el total de la pandemia del condado a 1,457,672 infecciones y 26,078 muertes.<\/p>\n\n\n\n<p>El n\u00famero de pacientes COVID-19 hospitalizados dentro del condado se redujo a 892, lo que representa la primera vez que el n\u00famero de pacientes ingresados \u200b\u200bha disminuido por debajo de 900 desde finales de julio, dijo la agencia en un comunicado escrito.<\/p>\n\n\n\n<p>La tasa de positividad de la prueba diaria en todo el condado se midi\u00f3 en 1,2%.<\/p>\n\n\n\n<p>La directora de salud p\u00fablica del condado de Los \u00c1ngeles, Barbara Ferrer, inst\u00f3 a la vacunaci\u00f3n entre las personas embarazadas y las nuevas madres, y afirm\u00f3 la seguridad de las vacunas para ellas, ya que las estad\u00edsticas muestran que la categor\u00eda se est\u00e1 quedando atr\u00e1s cuando se trata de vacunarse contra el COVID-19.<\/p>\n\n\n\n<p>A nivel nacional, los Centros para el Control y la Prevenci\u00f3n de Enfermedades de EE. UU. Informan que solo el 31% de las personas embarazadas est\u00e1n completamente vacunadas, dijeron las autoridades.<\/p>\n\n\n\n<p>Los funcionarios de salud p\u00fablica del condado hab\u00edan documentado 12,944 infecciones entre personas embarazadas hasta el 28 de septiembre.<\/p>\n\n\n\n<p>&#8220;Doce mujeres embarazadas que dieron positivo por COVID-19 fallecieron tr\u00e1gicamente&#8221;, dice el comunicado.<\/p>\n\n\n\n<p>Es posible, aunque raro, que el COVID-19 se transmita a los beb\u00e9s de sus madres, agregaron los funcionarios de salud del condado.<\/p>\n\n\n\n<p>\u201cEs preocupante ver las bajas tasas de vacunaci\u00f3n entre las mujeres embarazadas dado el mayor riesgo de enfermedad COVID grave asociada con el embarazo para la futura madre y su reci\u00e9n nacido\u201d, dijo Ferrer. \u201cAlentamos a las mujeres embarazadas a que hablen con su m\u00e9dico o partera para conocer la mejor manera de protegerse del virus. Lamentablemente, sigue circulando informaci\u00f3n err\u00f3nea que conduce a tragedias evitables para las mam\u00e1s y sus beb\u00e9s &#8220;.<\/p>\n\n\n\n<p>M\u00e1s informaci\u00f3n sobre el embarazo y COVID-19 est\u00e1 disponible en el sitio web del Departamento de Salud P\u00fablica del Condado de L.A. en publichealth.lacounty.gov\/media\/Coronavirus\/docs\/vaccine\/WomenAndCOVIDvaccine.pdf.<\/p>\n\n\n\n<p>Salud P\u00fablica sigue instando y ofreciendo vacunaci\u00f3n a las mujeres embarazadas,<\/p>\n\n\n\n<p>El Departamento de Salud P\u00fablica de California anunci\u00f3 6.493 infecciones y 130 muertes en todo el estado el mi\u00e9rcoles, lo que eleva el total a 4.482.881 casos de COVID-19 y 68.517 muertes.<\/p>\n\n\n\n<p>La tasa de positividad semanal en todo el estado se registr\u00f3 en 2.5%, seg\u00fan los datos del CDPH.<\/p>\n\n\n\n<p>Hasta el mi\u00e9rcoles, el condado de Los \u00c1ngeles representaba el 33% de las infecciones por COVID-19 de California y el 38% de las muertes del estado.<\/p>\n","protected":false},"excerpt":{"rendered":"<p>Un d\u00eda despu\u00e9s de que las autoridades locales anunciaran que el 95,2% de los residentes de Pasadena elegibles hab\u00edan recibido al menos la dosis de la vacuna COVID-19, mientras que el 88,3% de la poblaci\u00f3n local estaba completamente vacunada, las infecciones reportadas recientemente continuaron a un ritmo modesto. El mi\u00e9rcoles, se registraron 18 nuevas infecciones en toda la ciudad, dijeron las autoridades. No se informaron nuevas muertes. En total, el Departamento de Salud P\u00fablica de Pasadena registr\u00f3 un total de [&hellip;]<\/p>\n","protected":false},"author":4,"featured_media":7899,"comment_status":"open","ping_status":"closed","sticky":false,"template":"","format":"standard","meta":[],"categories":[4],"tags":[],"acf":[],"_links":{"self":[{"href":"http:\/\/www.pasadenahoy.com\/primero\/wp-json\/wp\/v2\/posts\/11397"}],"collection":[{"href":"http:\/\/www.pasadenahoy.com\/primero\/wp-json\/wp\/v2\/posts"}],"about":[{"href":"http:\/\/www.pasadenahoy.com\/primero\/wp-json\/wp\/v2\/types\/post"}],"author":[{"embeddable":true,"href":"http:\/\/www.pasadenahoy.com\/primero\/wp-json\/wp\/v2\/users\/4"}],"replies":[{"embeddable":true,"href":"http:\/\/www.pasadenahoy.com\/primero\/wp-json\/wp\/v2\/comments?post=11397"}],"version-history":[{"count":2,"href":"http:\/\/www.pasadenahoy.com\/primero\/wp-json\/wp\/v2\/posts\/11397\/revisions"}],"predecessor-version":[{"id":11399,"href":"http:\/\/www.pasadenahoy.com\/primero\/wp-json\/wp\/v2\/posts\/11397\/revisions\/11399"}],"wp:featuredmedia":[{"embeddable":true,"href":"http:\/\/www.pasadenahoy.com\/primero\/wp-json\/wp\/v2\/media\/7899"}],"wp:attachment":[{"href":"http:\/\/www.pasadenahoy.com\/primero\/wp-json\/wp\/v2\/media?parent=11397"}],"wp:term":[{"taxonomy":"category","embeddable":true,"href":"http:\/\/www.pasadenahoy.com\/primero\/wp-json\/wp\/v2\/categories?post=11397"},{"taxonomy":"post_tag","embeddable":true,"href":"http:\/\/www.pasadenahoy.com\/primero\/wp-json\/wp\/v2\/tags?post=11397"}],"curies":[{"name":"wp","href":"https:\/\/api.w.org\/{rel}","templated":true}]}}