{"id":11404,"date":"2021-09-30T16:04:37","date_gmt":"2021-09-30T16:04:37","guid":{"rendered":"http:\/\/www.pasadenahoy.com\/primero\/?p=11404"},"modified":"2021-09-30T16:04:39","modified_gmt":"2021-09-30T16:04:39","slug":"vuelven-las-condiciones-veraniegas-trayendo-temperaturas-en-los-90-y-clima-de-fuego-seco-hasta-el-domingo","status":"publish","type":"post","link":"http:\/\/www.pasadenahoy.com\/primero\/la-comunidad\/vuelven-las-condiciones-veraniegas-trayendo-temperaturas-en-los-90-y-clima-de-fuego-seco-hasta-el-domingo\/","title":{"rendered":"Vuelven las condiciones veraniegas, trayendo temperaturas en los 90 y &#8220;clima de fuego&#8221; seco hasta el domingo"},"content":{"rendered":"\n<figure class=\"wp-block-image alignnone size-large\"><figure class=\"alignnone\"><img loading=\"lazy\" width=\"700\" height=\"378\" src=\"http:\/\/www.pasadenahoy.com\/primero\/wp-content\/uploads\/2021\/09\/pic-5-1.png\" alt=\"\" class=\"wp-image-11405\" srcset=\"http:\/\/www.pasadenahoy.com\/primero\/wp-content\/uploads\/2021\/09\/pic-5-1.png 700w, http:\/\/www.pasadenahoy.com\/primero\/wp-content\/uploads\/2021\/09\/pic-5-1-300x162.png 300w, http:\/\/www.pasadenahoy.com\/primero\/wp-content\/uploads\/2021\/09\/pic-5-1-241x130.png 241w, http:\/\/www.pasadenahoy.com\/primero\/wp-content\/uploads\/2021\/09\/pic-5-1-333x180.png 333w, http:\/\/www.pasadenahoy.com\/primero\/wp-content\/uploads\/2021\/09\/pic-5-1-360x194.png 360w\" sizes=\"100vw\" \/><\/figure><\/figure>\n\n\n\n<p>Una tendencia significativa de calentamiento y secado pondr\u00e1 freno al reciente clima m\u00e1s fresco y Pasadena calentar\u00e1 a 92 el jueves, predice el Servicio Meteorol\u00f3gico Nacional.<\/p>\n\n\n\n<p>Los cielos sobre Pasadena estar\u00e1n despejados y la humedad relativa probablemente caer\u00e1 a alrededor del 10%. Agregue la predicci\u00f3n de r\u00e1fagas de viento suaves de 5 a 10 mph y el riesgo de incendios aumentar\u00e1, advierte el NWS.<\/p>\n\n\n\n<p>El mercurio subir\u00e1 m\u00e1s de 90 diariamente hasta el lunes, cuando se pronostica que un enfriamiento leve bajar\u00e1 a 88.<\/p>\n\n\n\n<p>Para el martes, la niebla irregular estar\u00e1 de regreso junto con m\u00e1ximos en los 890.<\/p>\n\n\n\n<p>Aqu\u00ed est\u00e1 el pron\u00f3stico diario detallado de Pasadena del Servicio Meteorol\u00f3gico Nacional:<\/p>\n\n\n\n<p>Hoy: Soleado, la m\u00e1xima alrededor de 92. Viento del norte de 5 a 10 mph y luego llegar\u00e1 del oeste suroeste. Los vientos pueden alcanzar r\u00e1fagas de hasta 15 mph.<\/p>\n\n\n\n<p>Esta Noche: Mayormente despejado, la m\u00ednima alrededor de 62. Viento en calma.<\/p>\n\n\n\n<p>Viernes: Soleado, la m\u00e1xima alrededor de 92. Viento en calma y llegar\u00e1 del suroeste alrededor de 5 mph. Vie.<\/p>\n\n\n\n<p>Por la Noche: Mayormente despejado, la m\u00ednima alrededor de 62. Viento del suroeste alrededor de 5 mph y se pondr\u00e1 en calma por la noche.<\/p>\n\n\n\n<p>S\u00e1bado: Soleado, la m\u00e1xima alrededor de 92. Viento del nor noreste alrededor de 5 mph y luego llegar\u00e1 del suroeste.<\/p>\n\n\n\n<p>S\u00e1b. Por la Noche: Mayormente despejado, la m\u00ednima alrededor de 62.<\/p>\n\n\n\n<p>Domingo: Soleado, la m\u00e1xima alrededor de 91.<\/p>\n\n\n\n<p>Dom. Por la Noche: Medio nublado, la m\u00ednima alrededor de 62.<\/p>\n\n\n\n<p>Lunes: Mayormente soleado, la m\u00e1xima alrededor de 88.<\/p>\n\n\n\n<p>Por la Noche: Medio nublado, la m\u00ednima alrededor de 60.<\/p>\n\n\n\n<p>Martes: Mayormente soleado, la m\u00e1xima alrededor de 83.<\/p>\n\n\n\n<p>Mar. por la Noche: \u00c1reas dispersadas de niebla. Si no, mayormente nublado, la m\u00ednima alrededor de 59.<\/p>\n\n\n\n<p>Mi\u00e9rcoles: \u00c1reas dispersadas de niebla. Si no, parcialmente soleado, la m\u00e1xima alrededor de 82.<\/p>\n","protected":false},"excerpt":{"rendered":"<p>Una tendencia significativa de calentamiento y secado pondr\u00e1 freno al reciente clima m\u00e1s fresco y Pasadena calentar\u00e1 a 92 el jueves, predice el Servicio Meteorol\u00f3gico Nacional. Los cielos sobre Pasadena estar\u00e1n despejados y la humedad relativa probablemente caer\u00e1 a alrededor del 10%. Agregue la predicci\u00f3n de r\u00e1fagas de viento suaves de 5 a 10 mph y el riesgo de incendios aumentar\u00e1, advierte el NWS. El mercurio subir\u00e1 m\u00e1s de 90 diariamente hasta el lunes, cuando se pronostica que un enfriamiento [&hellip;]<\/p>\n","protected":false},"author":4,"featured_media":0,"comment_status":"open","ping_status":"closed","sticky":false,"template":"","format":"standard","meta":[],"categories":[4],"tags":[],"acf":[],"_links":{"self":[{"href":"http:\/\/www.pasadenahoy.com\/primero\/wp-json\/wp\/v2\/posts\/11404"}],"collection":[{"href":"http:\/\/www.pasadenahoy.com\/primero\/wp-json\/wp\/v2\/posts"}],"about":[{"href":"http:\/\/www.pasadenahoy.com\/primero\/wp-json\/wp\/v2\/types\/post"}],"author":[{"embeddable":true,"href":"http:\/\/www.pasadenahoy.com\/primero\/wp-json\/wp\/v2\/users\/4"}],"replies":[{"embeddable":true,"href":"http:\/\/www.pasadenahoy.com\/primero\/wp-json\/wp\/v2\/comments?post=11404"}],"version-history":[{"count":2,"href":"http:\/\/www.pasadenahoy.com\/primero\/wp-json\/wp\/v2\/posts\/11404\/revisions"}],"predecessor-version":[{"id":11407,"href":"http:\/\/www.pasadenahoy.com\/primero\/wp-json\/wp\/v2\/posts\/11404\/revisions\/11407"}],"wp:attachment":[{"href":"http:\/\/www.pasadenahoy.com\/primero\/wp-json\/wp\/v2\/media?parent=11404"}],"wp:term":[{"taxonomy":"category","embeddable":true,"href":"http:\/\/www.pasadenahoy.com\/primero\/wp-json\/wp\/v2\/categories?post=11404"},{"taxonomy":"post_tag","embeddable":true,"href":"http:\/\/www.pasadenahoy.com\/primero\/wp-json\/wp\/v2\/tags?post=11404"}],"curies":[{"name":"wp","href":"https:\/\/api.w.org\/{rel}","templated":true}]}}