{"id":11419,"date":"2021-10-01T15:25:11","date_gmt":"2021-10-01T15:25:11","guid":{"rendered":"http:\/\/www.pasadenahoy.com\/primero\/?p=11419"},"modified":"2021-10-01T15:25:13","modified_gmt":"2021-10-01T15:25:13","slug":"termina-la-moratoria-de-desalojo-de-california-la-moratoria-de-pasadena-sigue-vigente","status":"publish","type":"post","link":"http:\/\/www.pasadenahoy.com\/primero\/la-comunidad\/termina-la-moratoria-de-desalojo-de-california-la-moratoria-de-pasadena-sigue-vigente\/","title":{"rendered":"Termina la Moratoria de Desalojo de California; La moratoria de Pasadena sigue vigente"},"content":{"rendered":"\n<figure class=\"wp-block-image alignnone size-large\"><figure class=\"alignnone\"><img loading=\"lazy\" width=\"700\" height=\"378\" src=\"http:\/\/www.pasadenahoy.com\/primero\/wp-content\/uploads\/2021\/10\/pic-2.jpg\" alt=\"\" class=\"wp-image-11420\" srcset=\"http:\/\/www.pasadenahoy.com\/primero\/wp-content\/uploads\/2021\/10\/pic-2.jpg 700w, http:\/\/www.pasadenahoy.com\/primero\/wp-content\/uploads\/2021\/10\/pic-2-300x162.jpg 300w, http:\/\/www.pasadenahoy.com\/primero\/wp-content\/uploads\/2021\/10\/pic-2-241x130.jpg 241w, http:\/\/www.pasadenahoy.com\/primero\/wp-content\/uploads\/2021\/10\/pic-2-333x180.jpg 333w, http:\/\/www.pasadenahoy.com\/primero\/wp-content\/uploads\/2021\/10\/pic-2-360x194.jpg 360w\" sizes=\"100vw\" \/><\/figure><\/figure>\n\n\n\n<p>Aunque la moratoria de desalojo de Pasadena contin\u00faa en el futuro previsible, la moratoria del estado termin\u00f3 el jueves.<\/p>\n\n\n\n<p>En marzo de 2020, el Ayuntamiento de Pasadena aprob\u00f3 una moratoria sobre los desalojos por falta de pago del alquiler por parte de los inquilinos que experimentan impactos financieros por la pandemia de COVID-19.<\/p>\n\n\n\n<p>La moratoria fue enmendada por el consejo en mayo siguiente para incluir disposiciones adicionales.<\/p>\n\n\n\n<p>De acuerdo con la moratoria enmendada, los residentes locales tendr\u00e1n seis meses para pagar el alquiler atrasado despu\u00e9s de que termine la emergencia local. Pero ese no es el caso en todo el estado.<\/p>\n\n\n\n<p>\u201cEl fin de la moratoria de desalojos expondr\u00e1 vulnerabilidades significativas en nuestro mercado inmobiliario\u201d, dijo el activista local Patrice Marshall McKenzie. \u201cTemo por el aumento de los desplazamientos, el aumento de los desalojos y la falta de opciones de vivienda asequibles y seguras. Necesitamos abordar el costo y la disponibilidad de viviendas desde m\u00faltiples frentes, incluida la asequibilidad, la expansi\u00f3n de la propiedad de vivienda, el aumento de la disponibilidad de unidades y el apoyo a nuestra comunidad sin vivienda. El problema es complejo, pero existen los recursos y la experiencia para desarrollar soluciones. \u00bfExiste voluntad pol\u00edtica para hacerlo? &#8220;<\/p>\n\n\n\n<p>Leon Khachooni, director de Foothill Apartment Association, dijo que ha escuchado de muchas personas que no saben que a\u00fan pueden recibir asistencia para el alquiler.<\/p>\n\n\n\n<p>&#8220;He escuchado de algunas personas que asumen que el alivio del alquiler tambi\u00e9n termina hoy, y eso no es cierto&#8221;, dijo. \u201cLa moratoria \u2026 significa que los propietarios pueden presentar un desalojo, pero si es por falta de pago de la renta y el inquilino puede demostrar que est\u00e1 solicitando un alivio de la renta y que est\u00e1 relacionado con COVID que tienen que cuidar de los ni\u00f1os o un ser querido enfermo, o si ha estado enfermo o si ha perdido su trabajo, todav\u00eda est\u00e1 protegido de ese tipo de desalojo \u201d.<\/p>\n\n\n\n<p>Seg\u00fan la ley estatal, los inquilinos que hayan presentado solicitudes de reparaci\u00f3n no pueden ser desalojados hasta abril.<\/p>\n\n\n\n<p>Los propietarios pueden presentar casos de desalojo contra esos inquilinos, pero las solicitudes pendientes se pueden utilizar como defensa en la corte.<\/p>\n\n\n\n<p>Los inquilinos que hayan pagado el 25% de su alquiler entre el 1 de septiembre de 2020 y el 30 de septiembre de 2021 no pueden ser desalojados. Los inquilinos tampoco pueden ser desalojados por alquiler atrasado entre el 1 de marzo de 2020 y el 31 de agosto de 2020, siempre que respondan a los avisos de desalojo con una declaraci\u00f3n firmada de problemas financieros debido a COVID-19.<\/p>\n\n\n\n<p>&#8220;Mi preocupaci\u00f3n es que mucha gente todav\u00eda no sabe que hay asistencia para el alquiler disponible&#8221;, dijo el defensor de la vivienda asequible Ryan Bell. \u201cLa asistencia para el alquiler seguir\u00e1 estando disponible despu\u00e9s del 1 de octubre, hasta marzo del pr\u00f3ximo a\u00f1o. Entonces, aunque las protecciones contra el desalojo vencen en un d\u00eda o dos, las personas a\u00fan pueden solicitar el alivio del alquiler &#8220;.<\/p>\n\n\n\n<p>Aunque existen algunas protecciones, hasta ahora no hay condonaci\u00f3n de alquiler y los propietarios pueden cobrar en los tribunales a partir de noviembre.<\/p>\n\n\n\n<p>La moratoria se implement\u00f3 al comienzo de la pandemia COVID-19 en abril de 2020 para ayudar a los inquilinos que no pueden pagar el alquiler debido a los impactos financieros de la pandemia. Los propietarios dijeron que muchos inquilinos se han aprovechado de la moratoria.<\/p>\n\n\n\n<p>&#8220;S\u00e9 de primera mano que la mayor\u00eda de las veces el inquilino puede pagar el alquiler pero no lo hace&#8221;, dijo la agente inmobiliaria local Ann-Marie Villicana.<\/p>\n\n\n\n<p>En un caso, Villicana dijo que investigaron a un inquilino que no hab\u00eda pagado el alquiler y encontraron alcohol caro y recibos de entrega de comida para llevar.<\/p>\n\n\n\n<p>\u201cLo que estamos haciendo es erosionar nuestro tejido social\u201d, dijo. \u201cEstamos permitiendo que la sociedad se desintegre. La gente sol\u00eda sentirse orgullosa de poder pagar sus cosas. Podr\u00edan funcionar. Podr\u00edan ganarse la vida, podr\u00edan pagar su autom\u00f3vil. Podr\u00edan pagar su casa. Y ahora, como le decimos a la gente que no tiene que pagar el alquiler, ni siquiera tiene que esforzarse. Te protegeremos a toda costa. Estamos haciendo que la gente pierda su autoestima, su integridad y su orgullo \u201d.<\/p>\n\n\n\n<p>Un estudio realizado por el Instituto Luskin de UCLA sobre Desigualdad y Democracia revel\u00f3 que alrededor de 365,000 hogares arrendatarios en el condado de Los \u00c1ngeles est\u00e1n en peligro inminente de desalojo.<\/p>\n\n\n\n<p>Casi 450.000 de esas personas viven en 365.000 unidades de viviendas de alquiler y 558.000 ni\u00f1os viven en esos hogares.<\/p>\n\n\n\n<p>El estudio tambi\u00e9n encontr\u00f3 que las personas en 120,000 hogares en el condado de Los \u00c1ngeles se quedar\u00e1n sin hogar poco despu\u00e9s.<\/p>\n","protected":false},"excerpt":{"rendered":"<p>Aunque la moratoria de desalojo de Pasadena contin\u00faa en el futuro previsible, la moratoria del estado termin\u00f3 el jueves. En marzo de 2020, el Ayuntamiento de Pasadena aprob\u00f3 una moratoria sobre los desalojos por falta de pago del alquiler por parte de los inquilinos que experimentan impactos financieros por la pandemia de COVID-19. La moratoria fue enmendada por el consejo en mayo siguiente para incluir disposiciones adicionales. De acuerdo con la moratoria enmendada, los residentes locales tendr\u00e1n seis meses para [&hellip;]<\/p>\n","protected":false},"author":4,"featured_media":11420,"comment_status":"open","ping_status":"closed","sticky":false,"template":"","format":"standard","meta":[],"categories":[4],"tags":[],"acf":[],"_links":{"self":[{"href":"http:\/\/www.pasadenahoy.com\/primero\/wp-json\/wp\/v2\/posts\/11419"}],"collection":[{"href":"http:\/\/www.pasadenahoy.com\/primero\/wp-json\/wp\/v2\/posts"}],"about":[{"href":"http:\/\/www.pasadenahoy.com\/primero\/wp-json\/wp\/v2\/types\/post"}],"author":[{"embeddable":true,"href":"http:\/\/www.pasadenahoy.com\/primero\/wp-json\/wp\/v2\/users\/4"}],"replies":[{"embeddable":true,"href":"http:\/\/www.pasadenahoy.com\/primero\/wp-json\/wp\/v2\/comments?post=11419"}],"version-history":[{"count":2,"href":"http:\/\/www.pasadenahoy.com\/primero\/wp-json\/wp\/v2\/posts\/11419\/revisions"}],"predecessor-version":[{"id":11422,"href":"http:\/\/www.pasadenahoy.com\/primero\/wp-json\/wp\/v2\/posts\/11419\/revisions\/11422"}],"wp:featuredmedia":[{"embeddable":true,"href":"http:\/\/www.pasadenahoy.com\/primero\/wp-json\/wp\/v2\/media\/11420"}],"wp:attachment":[{"href":"http:\/\/www.pasadenahoy.com\/primero\/wp-json\/wp\/v2\/media?parent=11419"}],"wp:term":[{"taxonomy":"category","embeddable":true,"href":"http:\/\/www.pasadenahoy.com\/primero\/wp-json\/wp\/v2\/categories?post=11419"},{"taxonomy":"post_tag","embeddable":true,"href":"http:\/\/www.pasadenahoy.com\/primero\/wp-json\/wp\/v2\/tags?post=11419"}],"curies":[{"name":"wp","href":"https:\/\/api.w.org\/{rel}","templated":true}]}}