{"id":11423,"date":"2021-10-01T15:29:32","date_gmt":"2021-10-01T15:29:32","guid":{"rendered":"http:\/\/www.pasadenahoy.com\/primero\/?p=11423"},"modified":"2021-10-01T15:29:34","modified_gmt":"2021-10-01T15:29:34","slug":"gobernador-firma-la-ley-george-floyd-del-asambleista-holden","status":"publish","type":"post","link":"http:\/\/www.pasadenahoy.com\/primero\/el-gobierno-local\/gobernador-firma-la-ley-george-floyd-del-asambleista-holden\/","title":{"rendered":"Gobernador firma la &#8220;Ley George Floyd&#8221; del asamble\u00edsta Holden"},"content":{"rendered":"\n<figure class=\"wp-block-image alignnone size-large\"><figure class=\"alignnone\"><img loading=\"lazy\" width=\"700\" height=\"378\" src=\"http:\/\/www.pasadenahoy.com\/primero\/wp-content\/uploads\/2021\/10\/pic-3.jpg\" alt=\"\" class=\"wp-image-11424\" srcset=\"http:\/\/www.pasadenahoy.com\/primero\/wp-content\/uploads\/2021\/10\/pic-3.jpg 700w, http:\/\/www.pasadenahoy.com\/primero\/wp-content\/uploads\/2021\/10\/pic-3-300x162.jpg 300w, http:\/\/www.pasadenahoy.com\/primero\/wp-content\/uploads\/2021\/10\/pic-3-241x130.jpg 241w, http:\/\/www.pasadenahoy.com\/primero\/wp-content\/uploads\/2021\/10\/pic-3-333x180.jpg 333w, http:\/\/www.pasadenahoy.com\/primero\/wp-content\/uploads\/2021\/10\/pic-3-360x194.jpg 360w\" sizes=\"100vw\" \/><\/figure><\/figure>\n\n\n\n<p>El gobernador Gavin Newsom promulg\u00f3 hoy el Proyecto de Ley 26 de la Asamblea, una legislaci\u00f3n de reforma policial redactada por el asamble\u00edsta Chris Holden (D-Pasadena) a ra\u00edz del asesinato de George Floyd, involucrado por un oficial, que establece pautas claras para la responsabilidad policial y la rendici\u00f3n de cuentas al presenciar el uso de fuerza excesiva. utilizado por otro miembro de las fuerzas del orden.<\/p>\n\n\n\n<p>&#8220;Derek Chauvin fue acusado por el asesinato de George Floyd, pero la justicia para George Floyd no se basa solo en la condena de Chauvin: hubo tres oficiales adicionales que simplemente se quedaron al margen y lo vieron morir&#8221;, dijo Holden en una declaraci\u00f3n preparada.<\/p>\n\n\n\n<p>&#8220;Agradezco al gobernador Newsom y a todos los que apoyaron la ley AB 26 que dejar\u00e1n en claro en nuestra ley estatal cu\u00e1l es el deber de un oficial de paz de intervenir cuando presencia un uso excesivo de la fuerza&#8221;.<\/p>\n\n\n\n<p>Los agentes tambi\u00e9n se quedaron al margen mientras cuatro agentes pateaban y golpeaban al ex residente de Altadena, Rodney King, en 1991.<\/p>\n\n\n\n<p>La ley de California requiere que los oficiales de polic\u00eda intercedan cuando observan que otro oficial usa fuerza m\u00e1s all\u00e1 de lo necesario, pero no se utilizan medidas universales para determinar que un oficial ha intercedido de hecho.<\/p>\n\n\n\n<p>En el caso de Floyd, un abogado de uno de los oficiales subalternos acusados \u200b\u200bargument\u00f3 que hubo intervenci\u00f3n porque el oficial subalterno le pregunt\u00f3 al oficial supervisor si deber\u00edan poner a Floyd de su lado.<\/p>\n\n\n\n<p>Bajo AB 26, se requerir\u00e1 que los oficiales intercedan cuando sean testigos del uso excesivo de fuerza bajo las pautas actualizadas y reporten el incidente en tiempo real al despacho o al comandante de guardia. Los derechos al debido proceso del oficial estar\u00e1n protegidos ya que la agencia empleadora revisar\u00eda la evidencia y determinar\u00eda si el oficial infractor cumpli\u00f3 con el est\u00e1ndar de intervenci\u00f3n. Se prohibir\u00edan las represalias contra los agentes que denuncien a un supervisor las infracciones de la ley o los reglamentos de otro agente.<\/p>\n\n\n\n<p>El a\u00f1o pasado, los asesores policiales de Newsom publicaron sus recomendaciones, que inclu\u00edan una legislaci\u00f3n para &#8220;Exigir a los agentes que intervengan para evitar o impedir que otros agentes ejerzan fuerza excesiva, arrestos falsos u otras conductas inapropiadas&#8221;.<\/p>\n\n\n\n<p>\u201cLa firma de hoy es un gran paso adelante para la responsabilidad policial y la rendici\u00f3n de cuentas. Instituir estos valores fundamentales es fundamental para generar la confianza p\u00fablica que se ha erosionado entre las fuerzas del orden y las comunidades en todo California \u201d, dijo Holden.<\/p>\n\n\n\n<p>AB 26 aclara y establece la intervenci\u00f3n para incluir, entre otros:<\/p>\n\n\n\n<p>El uso de t\u00e9cnicas de desescalada.<br>Enfrentarse al oficial que aplica un uso excesivo de la fuerza.<br>Detener f\u00edsicamente el uso excesivo de la fuerza, cuando est\u00e9 en condiciones de hacerlo.<br>Grabaci\u00f3n y documentaci\u00f3n del incidente en tiempo real con c\u00e1maras corporales.<br>Informar el incidente al despacho o al comandante de guardia en tiempo real indicando el nombre, unidad, ubicaci\u00f3n, hora y situaci\u00f3n del oficial infractor para establecer que se ha intentado intervenir.<br>AB 26 tambi\u00e9n realiza los siguientes cambios a la ley estatal:<\/p>\n\n\n\n<p>Requiere que el oficial del orden p\u00fablico informe el incidente inmediatamente a su supervisor.<br>Proh\u00edbe las represalias contra un agente del orden p\u00fablico por denunciar el incidente.<br>Proh\u00edbe a un oficial capacitar a otros oficiales durante un per\u00edodo de al menos tres a\u00f1os a partir de la fecha en que se fundamenta una denuncia por uso excesivo de la fuerza.<br>Requiere que un oficial que no intervenga sea disciplinado hasta e incluso de la misma manera que el oficial que us\u00f3 fuerza excesiva.<\/p>\n","protected":false},"excerpt":{"rendered":"<p>El gobernador Gavin Newsom promulg\u00f3 hoy el Proyecto de Ley 26 de la Asamblea, una legislaci\u00f3n de reforma policial redactada por el asamble\u00edsta Chris Holden (D-Pasadena) a ra\u00edz del asesinato de George Floyd, involucrado por un oficial, que establece pautas claras para la responsabilidad policial y la rendici\u00f3n de cuentas al presenciar el uso de fuerza excesiva. utilizado por otro miembro de las fuerzas del orden. &#8220;Derek Chauvin fue acusado por el asesinato de George Floyd, pero la justicia para [&hellip;]<\/p>\n","protected":false},"author":4,"featured_media":11424,"comment_status":"open","ping_status":"closed","sticky":false,"template":"","format":"standard","meta":[],"categories":[6],"tags":[],"acf":[],"_links":{"self":[{"href":"http:\/\/www.pasadenahoy.com\/primero\/wp-json\/wp\/v2\/posts\/11423"}],"collection":[{"href":"http:\/\/www.pasadenahoy.com\/primero\/wp-json\/wp\/v2\/posts"}],"about":[{"href":"http:\/\/www.pasadenahoy.com\/primero\/wp-json\/wp\/v2\/types\/post"}],"author":[{"embeddable":true,"href":"http:\/\/www.pasadenahoy.com\/primero\/wp-json\/wp\/v2\/users\/4"}],"replies":[{"embeddable":true,"href":"http:\/\/www.pasadenahoy.com\/primero\/wp-json\/wp\/v2\/comments?post=11423"}],"version-history":[{"count":2,"href":"http:\/\/www.pasadenahoy.com\/primero\/wp-json\/wp\/v2\/posts\/11423\/revisions"}],"predecessor-version":[{"id":11426,"href":"http:\/\/www.pasadenahoy.com\/primero\/wp-json\/wp\/v2\/posts\/11423\/revisions\/11426"}],"wp:featuredmedia":[{"embeddable":true,"href":"http:\/\/www.pasadenahoy.com\/primero\/wp-json\/wp\/v2\/media\/11424"}],"wp:attachment":[{"href":"http:\/\/www.pasadenahoy.com\/primero\/wp-json\/wp\/v2\/media?parent=11423"}],"wp:term":[{"taxonomy":"category","embeddable":true,"href":"http:\/\/www.pasadenahoy.com\/primero\/wp-json\/wp\/v2\/categories?post=11423"},{"taxonomy":"post_tag","embeddable":true,"href":"http:\/\/www.pasadenahoy.com\/primero\/wp-json\/wp\/v2\/tags?post=11423"}],"curies":[{"name":"wp","href":"https:\/\/api.w.org\/{rel}","templated":true}]}}